{"id":10444,"date":"2015-08-05T19:37:58","date_gmt":"2015-08-05T19:37:58","guid":{"rendered":"http:\/\/suedkreislaeufer.de\/?p=10444"},"modified":"2015-08-06T07:33:46","modified_gmt":"2015-08-06T07:33:46","slug":"salzdetfurther-wald-8","status":"publish","type":"post","link":"https:\/\/suedkreislaeufer.de\/?p=10444","title":{"rendered":"Salzdetfurther Wald"},"content":{"rendered":"<p align=\"justify\">So, der Urlaub ist schon wieder vorbei. Wir waren einige Tage in Barcelona und haben uns diese pr\u00e4chtige Stadt angeschaut. Zum laufen bin ich, allerdings absichtlich, nur zwei mal gekommen und auch nur kleine Runden. So wirklich sch\u00f6n ist es ja auch nicht zu laufen dort, zumindest nicht f\u00fcr so ein Landei wie mich. Es macht mal Spa\u00df, aber lieber bin ich im Wald unterwegs. <\/p>\n<p align=\"justify\">Nachdem wir um 12:15 Uhr in Hannover gelandet waren und uns Zuhause wieder breit gemacht hatten bin ich um kurz vor 5 auf eine Inspektionsrunde gestartet. Ziemlich Planlos in der Streckenwahl lie\u00df ich mich erst einmal bis Petze \u201ctreiben\u201d. Ich wollte so um die 25 laufen, dachte ich mir so. Ganz im Gedanken trippelte ich gerade so hinter Petze den \u201cBerg\u201d hoch als mir pl\u00f6tzlich eine bekannte Gestalt entgegen kam. Ha, Thomas war unterwegs, zusammen mit seinem Kumpel David. Da ich eh nix besseres vor hatte schloss ich mich den beiden an (mir f\u00e4llt gerade ein das ich gar nicht gefragt habe ob Sie das wollen ? Egal, da mussten Sie jetzt durch). So liefen wir zu dritt weiter durch den Salzdetfurther Wald, hoch zum Hamberg und \u00fcber den Tosmartrail bis Diekholzen wo Thomas seinen Bus parkte. Ich durfte zur Belohnung noch ein Radler (Alkoholfrei) von Thomas schnurren und machte mich dann auf die letzten knapp 10 km alleine nach Hause zu laufen. Sch\u00f6n das wir uns getroffen haben,&nbsp; so verging die Zeit wie im Flug und ich knackte sogar noch die 30er Marke f\u00fcr heute <img data-recalc-dims=\"1\" decoding=\"async\" class=\"wlEmoticon wlEmoticon-smile\" style=\"border-top-style: none; border-bottom-style: none; border-right-style: none; border-left-style: none\" alt=\"Smiley\" src=\"https:\/\/i0.wp.com\/suedkreislaeufer.de\/wp-content\/uploads\/2015\/08\/wlEmoticon-smile.png?w=640&#038;ssl=1\"><\/p>\n<p align=\"justify\">Es ist halt doch sehr sch\u00f6n in unserer Gegend <img data-recalc-dims=\"1\" decoding=\"async\" class=\"wlEmoticon wlEmoticon-smile\" style=\"border-top-style: none; border-bottom-style: none; border-right-style: none; border-left-style: none\" alt=\"Smiley\" src=\"https:\/\/i0.wp.com\/suedkreislaeufer.de\/wp-content\/uploads\/2015\/08\/wlEmoticon-smile.png?w=640&#038;ssl=1\"><\/p>\n<p align=\"center\"><a href=\"https:\/\/i0.wp.com\/suedkreislaeufer.de\/wp-content\/uploads\/2015\/08\/2015-08-05-18.48.39.jpg?ssl=1\"><img data-recalc-dims=\"1\" loading=\"lazy\" decoding=\"async\" title=\"2015-08-05 18.48.39\" style=\"border-left-width: 0px; border-right-width: 0px; background-image: none; border-bottom-width: 0px; padding-top: 0px; padding-left: 0px; display: inline; padding-right: 0px; border-top-width: 0px\" border=\"0\" alt=\"2015-08-05 18.48.39\" src=\"https:\/\/i0.wp.com\/suedkreislaeufer.de\/wp-content\/uploads\/2015\/08\/2015-08-05-18.48.39_thumb.jpg?resize=301%2C480&#038;ssl=1\" width=\"301\" height=\"480\"><\/a>&nbsp;<a href=\"https:\/\/i0.wp.com\/suedkreislaeufer.de\/wp-content\/uploads\/2015\/08\/2015-08-05-18.48.431.jpg?ssl=1\"><img data-recalc-dims=\"1\" loading=\"lazy\" decoding=\"async\" title=\"2015-08-05 18.48.43\" style=\"border-top: 0px; border-right: 0px; background-image: none; border-bottom: 0px; padding-top: 0px; padding-left: 0px; border-left: 0px; display: inline; padding-right: 0px\" border=\"0\" alt=\"2015-08-05 18.48.43\" src=\"https:\/\/i0.wp.com\/suedkreislaeufer.de\/wp-content\/uploads\/2015\/08\/2015-08-05-18.48.43_thumb1.jpg?resize=301%2C460&#038;ssl=1\" width=\"301\" height=\"460\"><\/a><a href=\"https:\/\/i0.wp.com\/suedkreislaeufer.de\/wp-content\/uploads\/2015\/08\/Foto-05.08.15-18-16-30.jpg?ssl=1\"><img data-recalc-dims=\"1\" loading=\"lazy\" decoding=\"async\" title=\"Foto 05.08.15 18 16 30\" style=\"border-top: 0px; border-right: 0px; background-image: none; border-bottom: 0px; padding-top: 0px; padding-left: 0px; border-left: 0px; display: inline; padding-right: 0px\" border=\"0\" alt=\"Foto 05.08.15 18 16 30\" src=\"https:\/\/i0.wp.com\/suedkreislaeufer.de\/wp-content\/uploads\/2015\/08\/Foto-05.08.15-18-16-30_thumb.jpg?resize=301%2C401&#038;ssl=1\" width=\"301\" height=\"401\"><\/a>&nbsp;<a href=\"https:\/\/i0.wp.com\/suedkreislaeufer.de\/wp-content\/uploads\/2015\/08\/Foto-05.08.15-18-16-37.jpg?ssl=1\"><img data-recalc-dims=\"1\" loading=\"lazy\" decoding=\"async\" title=\"Foto 05.08.15 18 16 37\" style=\"border-top: 0px; border-right: 0px; background-image: none; border-bottom: 0px; padding-top: 0px; padding-left: 0px; border-left: 0px; display: inline; padding-right: 0px\" border=\"0\" alt=\"Foto 05.08.15 18 16 37\" src=\"https:\/\/i0.wp.com\/suedkreislaeufer.de\/wp-content\/uploads\/2015\/08\/Foto-05.08.15-18-16-37_thumb.jpg?resize=301%2C401&#038;ssl=1\" width=\"301\" height=\"401\"><\/a><\/p>\n<p align=\"justify\"><iframe loading=\"lazy\" height=\"500\" src=\"https:\/\/connect.garmin.com\/activity\/embed\/856067104\" frameborder=\"0\" width=\"465\"><\/iframe><\/p>\n","protected":false},"excerpt":{"rendered":"<p>So, der Urlaub ist schon wieder vorbei. Wir waren einige Tage in Barcelona und haben uns diese pr\u00e4chtige Stadt angeschaut. Zum laufen bin ich, allerdings absichtlich, nur zwei mal gekommen und auch nur kleine Runden. So wirklich sch\u00f6n ist es &hellip; <a href=\"https:\/\/suedkreislaeufer.de\/?p=10444\">Weiterlesen <span class=\"meta-nav\">&rarr;<\/span><\/a><\/p>\n","protected":false},"author":1,"featured_media":0,"comment_status":"open","ping_status":"open","sticky":false,"template":"","format":"standard","meta":{"jetpack_post_was_ever_published":false,"_jetpack_newsletter_access":"","_jetpack_dont_email_post_to_subs":false,"_jetpack_newsletter_tier_id":0,"_jetpack_memberships_contains_paywalled_content":false,"_jetpack_memberships_contains_paid_content":false,"footnotes":"","jetpack_publicize_message":"","jetpack_publicize_feature_enabled":true,"jetpack_social_post_already_shared":true,"jetpack_social_options":{"image_generator_settings":{"template":"highway","default_image_id":0,"font":"","enabled":false},"version":2}},"categories":[233,5],"tags":[113],"class_list":["post-10444","post","type-post","status-publish","format-standard","hentry","category-index","category-laufberichte","tag-salzdetfurther-wald"],"jetpack_publicize_connections":[],"jetpack_featured_media_url":"","jetpack_shortlink":"https:\/\/wp.me\/p26jAY-2Is","jetpack_sharing_enabled":true,"jetpack_likes_enabled":false,"jetpack-related-posts":[{"id":3395,"url":"https:\/\/suedkreislaeufer.de\/?p=3395","url_meta":{"origin":10444,"position":0},"title":"Petze&ndash;Badze","author":"Suedkreislaeufer","date":"21. August 2012","format":false,"excerpt":"Heute nahm ich mir mal wieder meine Hausstrecke vor. \u00dcber Bodenburg, Breinum durch die Felder nach Petze und durch den Salzdetfurther Wald zur\u00fcck bis Salzdetfurth. Normalerweise laufe ich dann runter nach Detfurthum durch die Ortschaft nach Wehrstedt zu gelangen, diesmal aber nahm ich den Weg durch die Wolfsschlucht zu Schacht\u2026","rel":"","context":"In &quot;Index&quot;","block_context":{"text":"Index","link":"https:\/\/suedkreislaeufer.de\/?cat=233"},"img":{"alt_text":"","src":"","width":0,"height":0},"classes":[]},{"id":5794,"url":"https:\/\/suedkreislaeufer.de\/?p=5794","url_meta":{"origin":10444,"position":1},"title":"Salzdetfurther Wald&ndash;Sauberge","author":"Suedkreislaeufer","date":"9. September 2013","format":false,"excerpt":"Bei m\u00e4\u00dfigen Wetter bin ich gestartet und bei besten Sp\u00e4t-Sommer-Abend-Wetter hier wieder eingetrudelt. Ein wenig wie April gerade und zum Laufen optimal. Unterwegs im Wald hinter Petze hab ich ein Rehkitz getroffen das ein wenig verst\u00f6rt wirkte und Ger\u00e4usche von sich gab wie eine kleine Katze. Ich sch\u00e4tze sie suchte\u2026","rel":"","context":"In &quot;Index&quot;","block_context":{"text":"Index","link":"https:\/\/suedkreislaeufer.de\/?cat=233"},"img":{"alt_text":"WP_000019","src":"https:\/\/i0.wp.com\/suedkreislaeufer.de\/wp-content\/uploads\/2013\/09\/WP_000019_thumb.jpg?resize=350%2C200","width":350,"height":200},"classes":[]},{"id":2869,"url":"https:\/\/suedkreislaeufer.de\/?p=2869","url_meta":{"origin":10444,"position":2},"title":"Salzdetfurther Wald","author":"Suedkreislaeufer","date":"30. M\u00e4rz 2012","format":false,"excerpt":"\u00a0 \u00a0 Was f\u00fcr ein verr\u00fccktes Wetter. Vorgestern bin ich noch in kurzer Hose und T-Shirt gelaufen, heute in Wintertrail Hose und\u00a0 Pullover mit Langarm Shirt drunter. Das macht kein Spa\u00df. Aber der Wald rufte und so ging es los \u00fcber die Ohe und dann zum Salzdetfurther Wald. Oberhalb von\u2026","rel":"","context":"In &quot;Index&quot;","block_context":{"text":"Index","link":"https:\/\/suedkreislaeufer.de\/?cat=233"},"img":{"alt_text":"H-Profil","src":"https:\/\/i0.wp.com\/www.suedkreislaeufer.de\/bilder_upload\/Salzdetfurther-Wald_13C07\/H-Profil_thumb.jpg?resize=350%2C200","width":350,"height":200},"classes":[]},{"id":1012,"url":"https:\/\/suedkreislaeufer.de\/?p=1012","url_meta":{"origin":10444,"position":3},"title":"11111","author":"Suedkreislaeufer","date":"1. November 2011","format":false,"excerpt":"Ein Lauf im dunkeln ist doch was ganz anderes. Heute ging es um 1630 los auf meine Salzdetfurther Wald Runde. Die erste gute Stunde wurde ich von einen sch\u00f6nen Abendlicht begleitet aber im Petzer Wald wurde es zunehmend dunkler, bis es schlie\u00dflich so dunkel war wie im H\u00fchnera..... Also Lampe\u2026","rel":"","context":"In &quot;Index&quot;","block_context":{"text":"Index","link":"https:\/\/suedkreislaeufer.de\/?cat=233"},"img":{"alt_text":"cimg3331","src":"https:\/\/i0.wp.com\/suedkreislaeufer.de\/wp-content\/uploads\/2011\/11\/cimg3331_thumb.jpg?resize=350%2C200","width":350,"height":200},"classes":[]},{"id":2549,"url":"https:\/\/suedkreislaeufer.de\/?p=2549","url_meta":{"origin":10444,"position":4},"title":"Bad Salzdetfurther Wald","author":"Suedkreislaeufer","date":"1. Februar 2012","format":false,"excerpt":"Minus 8 Grad, aber sonnig, und was am wichtigsten ist: ein wenig fr\u00fcher Feierabend = mehr Zeit zum Laufen :-) Um kurz nach halb 4 konnte ich bereits starten, also fast eine Stunde fr\u00fcher als sonst. So ging es denn dann wohlgelaunt erst einmal hoch zur Ohe um einen Blick\u2026","rel":"","context":"In &quot;Index&quot;","block_context":{"text":"Index","link":"https:\/\/suedkreislaeufer.de\/?cat=233"},"img":{"alt_text":"","src":"https:\/\/i0.wp.com\/suedkreislaeufer.de\/wp-content\/uploads\/2012\/02\/IMG_1006.jpg?resize=350%2C200","width":350,"height":200},"classes":[]},{"id":7688,"url":"https:\/\/suedkreislaeufer.de\/?p=7688","url_meta":{"origin":10444,"position":5},"title":"HiSaSau","author":"Suedkreislaeufer","date":"30. Mai 2014","format":false,"excerpt":"Endlich Sonne, da macht das laufen gleich doppelt Spass. Spontan, naja fast spontan (Stichwort:Tagesform) lief ich heute eine gro\u00dfe Runde \u00fcber Petze in den Hildesheimer Wald, trailte bis H\u00f6he \u201cMathildenhall\u201d, runter ins Beustertal und wieder hoch zum Hildesheimer Aussichtssturm. Runter nach Diekholzen, und \u00fcber den Tosmartrail, durch den Salzdetfurther Wald\u2026","rel":"","context":"In &quot;Index&quot;","block_context":{"text":"Index","link":"https:\/\/suedkreislaeufer.de\/?cat=233"},"img":{"alt_text":"","src":"https:\/\/i0.wp.com\/suedkreislaeufer.de\/wp-content\/uploads\/2014\/05\/CIMG6410.jpg?resize=350%2C200","width":350,"height":200,"srcset":"https:\/\/i0.wp.com\/suedkreislaeufer.de\/wp-content\/uploads\/2014\/05\/CIMG6410.jpg?resize=350%2C200 1x, https:\/\/i0.wp.com\/suedkreislaeufer.de\/wp-content\/uploads\/2014\/05\/CIMG6410.jpg?resize=525%2C300 1.5x, https:\/\/i0.wp.com\/suedkreislaeufer.de\/wp-content\/uploads\/2014\/05\/CIMG6410.jpg?resize=700%2C400 2x"},"classes":[]}],"_links":{"self":[{"href":"https:\/\/suedkreislaeufer.de\/index.php?rest_route=\/wp\/v2\/posts\/10444","targetHints":{"allow":["GET"]}}],"collection":[{"href":"https:\/\/suedkreislaeufer.de\/index.php?rest_route=\/wp\/v2\/posts"}],"about":[{"href":"https:\/\/suedkreislaeufer.de\/index.php?rest_route=\/wp\/v2\/types\/post"}],"author":[{"embeddable":true,"href":"https:\/\/suedkreislaeufer.de\/index.php?rest_route=\/wp\/v2\/users\/1"}],"replies":[{"embeddable":true,"href":"https:\/\/suedkreislaeufer.de\/index.php?rest_route=%2Fwp%2Fv2%2Fcomments&post=10444"}],"version-history":[{"count":2,"href":"https:\/\/suedkreislaeufer.de\/index.php?rest_route=\/wp\/v2\/posts\/10444\/revisions"}],"predecessor-version":[{"id":10452,"href":"https:\/\/suedkreislaeufer.de\/index.php?rest_route=\/wp\/v2\/posts\/10444\/revisions\/10452"}],"wp:attachment":[{"href":"https:\/\/suedkreislaeufer.de\/index.php?rest_route=%2Fwp%2Fv2%2Fmedia&parent=10444"}],"wp:term":[{"taxonomy":"category","embeddable":true,"href":"https:\/\/suedkreislaeufer.de\/index.php?rest_route=%2Fwp%2Fv2%2Fcategories&post=10444"},{"taxonomy":"post_tag","embeddable":true,"href":"https:\/\/suedkreislaeufer.de\/index.php?rest_route=%2Fwp%2Fv2%2Ftags&post=10444"}],"curies":[{"name":"wp","href":"https:\/\/api.w.org\/{rel}","templated":true}]}}