{"id":11015,"date":"2015-12-16T18:32:23","date_gmt":"2015-12-16T18:32:23","guid":{"rendered":"http:\/\/suedkreislaeufer.de\/?p=11015"},"modified":"2016-04-08T18:36:34","modified_gmt":"2016-04-08T18:36:34","slug":"botschafter-des-haj-hannover-marathon-2016","status":"publish","type":"post","link":"https:\/\/suedkreislaeufer.de\/?p=11015","title":{"rendered":"Botschafter des HAJ Hannover Marathon 2016"},"content":{"rendered":"<div class=\"tiled-gallery type-rectangular tiled-gallery-unresized\" data-original-width=\"640\" data-carousel-extra='{&quot;blog_id&quot;:1,&quot;permalink&quot;:&quot;https:\\\/\\\/suedkreislaeufer.de\\\/?p=11015&quot;,&quot;likes_blog_id&quot;:31057968}' itemscope itemtype=\"http:\/\/schema.org\/ImageGallery\" > <div class=\"gallery-row\" style=\"width: 640px; height: 321px;\" data-original-width=\"640\" data-original-height=\"321\" > <div class=\"gallery-group images-1\" style=\"width: 427px; height: 321px;\" data-original-width=\"427\" data-original-height=\"321\" > <div class=\"tiled-gallery-item tiled-gallery-item-large\" itemprop=\"associatedMedia\" itemscope itemtype=\"http:\/\/schema.org\/ImageObject\"> <a href=\"https:\/\/suedkreislaeufer.de\/?attachment_id=11626\" border=\"0\" itemprop=\"url\"> <meta itemprop=\"width\" content=\"423\"> <meta itemprop=\"height\" content=\"317\"> <img decoding=\"async\" class=\"\" data-attachment-id=\"11626\" data-orig-file=\"https:\/\/suedkreislaeufer.de\/wp-content\/uploads\/2016\/04\/04_02-Runnover-Dressed-03.jpg\" data-orig-size=\"1000,750\" data-comments-opened=\"1\" data-image-meta=\"{&quot;aperture&quot;:&quot;0&quot;,&quot;credit&quot;:&quot;&quot;,&quot;camera&quot;:&quot;&quot;,&quot;caption&quot;:&quot;&quot;,&quot;created_timestamp&quot;:&quot;0&quot;,&quot;copyright&quot;:&quot;&quot;,&quot;focal_length&quot;:&quot;0&quot;,&quot;iso&quot;:&quot;0&quot;,&quot;shutter_speed&quot;:&quot;0&quot;,&quot;title&quot;:&quot;&quot;,&quot;orientation&quot;:&quot;0&quot;}\" data-image-title=\"04_02-Runnover-Dressed-03.jpg\" data-image-description=\"\" data-medium-file=\"https:\/\/i0.wp.com\/suedkreislaeufer.de\/wp-content\/uploads\/2016\/04\/04_02-Runnover-Dressed-03.jpg?fit=300%2C225&#038;ssl=1\" data-large-file=\"https:\/\/i0.wp.com\/suedkreislaeufer.de\/wp-content\/uploads\/2016\/04\/04_02-Runnover-Dressed-03.jpg?fit=640%2C480&#038;ssl=1\" src=\"https:\/\/i0.wp.com\/suedkreislaeufer.de\/wp-content\/uploads\/2016\/04\/04_02-Runnover-Dressed-03.jpg?w=423&#038;h=317&#038;ssl=1\" srcset=\"https:\/\/i0.wp.com\/suedkreislaeufer.de\/wp-content\/uploads\/2016\/04\/04_02-Runnover-Dressed-03.jpg?w=1000&amp;ssl=1 1000w, https:\/\/i0.wp.com\/suedkreislaeufer.de\/wp-content\/uploads\/2016\/04\/04_02-Runnover-Dressed-03.jpg?resize=300%2C225&amp;ssl=1 300w, https:\/\/i0.wp.com\/suedkreislaeufer.de\/wp-content\/uploads\/2016\/04\/04_02-Runnover-Dressed-03.jpg?resize=768%2C576&amp;ssl=1 768w\" width=\"423\" height=\"317\" loading=\"lazy\" data-original-width=\"423\" data-original-height=\"317\" itemprop=\"http:\/\/schema.org\/image\" title=\"04_02-Runnover-Dressed-03.jpg\" alt=\"04_02-Runnover-Dressed-03.jpg\" style=\"width: 423px; height: 317px;\" \/> <\/a> <\/div> <\/div> <!-- close group --> <div class=\"gallery-group images-2\" style=\"width: 213px; height: 321px;\" data-original-width=\"213\" data-original-height=\"321\" > <div class=\"tiled-gallery-item tiled-gallery-item-small\" itemprop=\"associatedMedia\" itemscope itemtype=\"http:\/\/schema.org\/ImageObject\"> <a href=\"https:\/\/suedkreislaeufer.de\/?attachment_id=11624\" border=\"0\" itemprop=\"url\"> <meta itemprop=\"width\" content=\"209\"> <meta itemprop=\"height\" content=\"157\"> <img decoding=\"async\" class=\"\" data-attachment-id=\"11624\" data-orig-file=\"https:\/\/suedkreislaeufer.de\/wp-content\/uploads\/2016\/04\/04_02-Runnover-Dressed-02.jpg\" data-orig-size=\"1000,750\" data-comments-opened=\"1\" data-image-meta=\"{&quot;aperture&quot;:&quot;0&quot;,&quot;credit&quot;:&quot;&quot;,&quot;camera&quot;:&quot;&quot;,&quot;caption&quot;:&quot;&quot;,&quot;created_timestamp&quot;:&quot;0&quot;,&quot;copyright&quot;:&quot;&quot;,&quot;focal_length&quot;:&quot;0&quot;,&quot;iso&quot;:&quot;0&quot;,&quot;shutter_speed&quot;:&quot;0&quot;,&quot;title&quot;:&quot;&quot;,&quot;orientation&quot;:&quot;0&quot;}\" data-image-title=\"04_02-Runnover-Dressed-02.jpg\" data-image-description=\"\" data-medium-file=\"https:\/\/i0.wp.com\/suedkreislaeufer.de\/wp-content\/uploads\/2016\/04\/04_02-Runnover-Dressed-02.jpg?fit=300%2C225&#038;ssl=1\" data-large-file=\"https:\/\/i0.wp.com\/suedkreislaeufer.de\/wp-content\/uploads\/2016\/04\/04_02-Runnover-Dressed-02.jpg?fit=640%2C480&#038;ssl=1\" src=\"https:\/\/i0.wp.com\/suedkreislaeufer.de\/wp-content\/uploads\/2016\/04\/04_02-Runnover-Dressed-02.jpg?w=209&#038;h=157&#038;ssl=1\" srcset=\"https:\/\/i0.wp.com\/suedkreislaeufer.de\/wp-content\/uploads\/2016\/04\/04_02-Runnover-Dressed-02.jpg?w=1000&amp;ssl=1 1000w, https:\/\/i0.wp.com\/suedkreislaeufer.de\/wp-content\/uploads\/2016\/04\/04_02-Runnover-Dressed-02.jpg?resize=300%2C225&amp;ssl=1 300w, https:\/\/i0.wp.com\/suedkreislaeufer.de\/wp-content\/uploads\/2016\/04\/04_02-Runnover-Dressed-02.jpg?resize=768%2C576&amp;ssl=1 768w\" width=\"209\" height=\"157\" loading=\"lazy\" data-original-width=\"209\" data-original-height=\"157\" itemprop=\"http:\/\/schema.org\/image\" title=\"04_02-Runnover-Dressed-02.jpg\" alt=\"04_02-Runnover-Dressed-02.jpg\" style=\"width: 209px; height: 157px;\" \/> <\/a> <\/div> <div class=\"tiled-gallery-item tiled-gallery-item-small\" itemprop=\"associatedMedia\" itemscope itemtype=\"http:\/\/schema.org\/ImageObject\"> <a href=\"https:\/\/suedkreislaeufer.de\/?attachment_id=11622\" border=\"0\" itemprop=\"url\"> <meta itemprop=\"width\" content=\"209\"> <meta itemprop=\"height\" content=\"156\"> <img decoding=\"async\" class=\"\" data-attachment-id=\"11622\" data-orig-file=\"https:\/\/suedkreislaeufer.de\/wp-content\/uploads\/2016\/04\/04_02-Runnover-Dressed-01.jpg\" data-orig-size=\"1000,750\" data-comments-opened=\"1\" data-image-meta=\"{&quot;aperture&quot;:&quot;0&quot;,&quot;credit&quot;:&quot;&quot;,&quot;camera&quot;:&quot;&quot;,&quot;caption&quot;:&quot;&quot;,&quot;created_timestamp&quot;:&quot;0&quot;,&quot;copyright&quot;:&quot;&quot;,&quot;focal_length&quot;:&quot;0&quot;,&quot;iso&quot;:&quot;0&quot;,&quot;shutter_speed&quot;:&quot;0&quot;,&quot;title&quot;:&quot;&quot;,&quot;orientation&quot;:&quot;0&quot;}\" data-image-title=\"04_02-Runnover-Dressed-01.jpg\" data-image-description=\"\" data-medium-file=\"https:\/\/i0.wp.com\/suedkreislaeufer.de\/wp-content\/uploads\/2016\/04\/04_02-Runnover-Dressed-01.jpg?fit=300%2C225&#038;ssl=1\" data-large-file=\"https:\/\/i0.wp.com\/suedkreislaeufer.de\/wp-content\/uploads\/2016\/04\/04_02-Runnover-Dressed-01.jpg?fit=640%2C480&#038;ssl=1\" src=\"https:\/\/i0.wp.com\/suedkreislaeufer.de\/wp-content\/uploads\/2016\/04\/04_02-Runnover-Dressed-01.jpg?w=209&#038;h=156&#038;ssl=1\" srcset=\"https:\/\/i0.wp.com\/suedkreislaeufer.de\/wp-content\/uploads\/2016\/04\/04_02-Runnover-Dressed-01.jpg?w=1000&amp;ssl=1 1000w, https:\/\/i0.wp.com\/suedkreislaeufer.de\/wp-content\/uploads\/2016\/04\/04_02-Runnover-Dressed-01.jpg?resize=300%2C225&amp;ssl=1 300w, https:\/\/i0.wp.com\/suedkreislaeufer.de\/wp-content\/uploads\/2016\/04\/04_02-Runnover-Dressed-01.jpg?resize=768%2C576&amp;ssl=1 768w\" width=\"209\" height=\"156\" loading=\"lazy\" data-original-width=\"209\" data-original-height=\"156\" itemprop=\"http:\/\/schema.org\/image\" title=\"04_02-Runnover-Dressed-01.jpg\" alt=\"04_02-Runnover-Dressed-01.jpg\" style=\"width: 209px; height: 156px;\" \/> <\/a> <\/div> <\/div> <!-- close group --> <\/div> <!-- close row --> <\/div>\n<p align=\"justify\">Ja, nun ist es offiziell: ich bin am 10. April 2016 als <a href=\"http:\/\/www.marathon-hannover.de\/index.php?id=679\" target=\"_blank\">Botschafter des HAJ Hannover Marathon<\/a> unterwegs. Was das f\u00fcr mich bedeutet ?\u00a0 Also zun\u00e4chst einmal ein Freistart <img data-recalc-dims=\"1\" decoding=\"async\" class=\"wlEmoticon wlEmoticon-winkingsmile\" style=\"border-style: none;\" src=\"https:\/\/i0.wp.com\/suedkreislaeufer.de\/wp-content\/uploads\/2015\/12\/wlEmoticon-winkingsmile-1.png?w=640&#038;ssl=1\" alt=\"Zwinkerndes Smiley\" \/> und ein Funktionsshirt. Viel wichtiger als diese beiden Dinge ist aber wohl die \u201cBotschaft\u201d die r\u00fcber kommen soll, n\u00e4mlich das Hannover etwas zu bieten hat und zwar einen erstklassigen Marathon in unserer Landeshauptstadt.<\/p>\n<p align=\"justify\"><a href=\"https:\/\/i0.wp.com\/suedkreislaeufer.de\/wp-content\/uploads\/2015\/12\/2009.jpg?ssl=1\"><img data-recalc-dims=\"1\" loading=\"lazy\" decoding=\"async\" style=\"background-image: none; float: left; padding-top: 0px; padding-left: 0px; margin: 0px 4px 0px 0px; display: inline; padding-right: 0px; border: 0px;\" title=\"2009\" src=\"https:\/\/i0.wp.com\/suedkreislaeufer.de\/wp-content\/uploads\/2015\/12\/2009_thumb.jpg?resize=120%2C244&#038;ssl=1\" alt=\"2009\" width=\"120\" height=\"244\" align=\"left\" border=\"0\" \/><\/a>Der Hannover Marathon ist f\u00fcr mich insofern etwas <a href=\"https:\/\/i0.wp.com\/suedkreislaeufer.de\/wp-content\/uploads\/2015\/12\/2011.jpg?ssl=1\"><img data-recalc-dims=\"1\" loading=\"lazy\" decoding=\"async\" style=\"background-image: none; float: right; padding-top: 0px; padding-left: 0px; margin: 0px 0px 0px 5px; display: inline; padding-right: 0px; border: 0px;\" title=\"2011\" src=\"https:\/\/i0.wp.com\/suedkreislaeufer.de\/wp-content\/uploads\/2015\/12\/2011_thumb.jpg?resize=120%2C178&#038;ssl=1\" alt=\"2011\" width=\"120\" height=\"178\" align=\"right\" border=\"0\" \/><\/a>besonderes als das ich hier im Mai 2009 meinen ersten Marathon \u00fcberhaupt lief (03:28). In 2011 war ich dann wieder am Start (03:17) und somit w\u00e4re 2016 mein dritter Start in Hannover.<\/p>\n<p align=\"justify\">Als Botschafter soll ich nun \u00fcber meine Erlebnisse beim Training zum HAJ Hannover Marathon berichten. Das k\u00f6nnte spannend werden, da ich ja das Wort \u201cTrainieren\u201d in meinen Sprachgebrauch eher selten benutze. Ich laufe einfach. Mal schnell, meist etwas langsamer, was aber eher dem Gel\u00e4ndeprofil geschuldet ist. Ich bin ja nicht der typische Marathoni. In den letzten Jahren lief ich pro Jahr immer nur einen 42er, alle anderen L\u00e4ufe waren &gt;42<\/p>\n<p align=\"justify\">In 2015 werde ich erstmals die 6000er Marke knacken. Das ist zwar sch\u00f6n und ich habe fast jeden Kilometer geliebt aber f\u00fcr einen Marathon ist das nat\u00fcrlich nicht ausschlaggebend. Das Gegenteil ist wohl eher der Fall. Klasse statt Masse w\u00e4re sicherlich angebracht. Aber will ich das ? Will ich zum Beispiel \u201cnur\u201d 60 km die Woche laufen anstatt \u00fcber 100 ? Will ich schneller werden mit Intervalltraining ? Ne, ich glaube nicht.<\/p>\n<p align=\"justify\">Wie wird also mein \u201cTraining\u201d ab Januar aussehen ? Ich denke ich werde \u00f6fter Stra\u00dfe laufen als sonst und auch versuchen wieder die Grundschnelligkeit zu erh\u00f6hen aber nur solange es mir Spa\u00df macht. Klar, es w\u00e4re toll mal wieder an der Pers\u00f6nlichen Bestzeit von 2010 in Hamburg zu knabbern und wohlm\u00f6glich sogar zu unterbieten so das die 3 Stunden Marke f\u00e4llt aber auch ich werde nicht j\u00fcnger und das viele Laufen macht auch nicht unbedingt schneller, nur ausdauernder.<\/p>\n<p align=\"justify\">Wenn Ihr also die n\u00e4chste Zeit einen Blitz im s\u00fcdlichen Landkreis seht der nicht von oben nach unten sondern von links nach rechts an Euch vorbeizischt dann ist das entweder Flash oder ich, oder wir beide zusammen <img data-recalc-dims=\"1\" decoding=\"async\" class=\"wlEmoticon wlEmoticon-winkingsmile\" style=\"border-style: none;\" src=\"https:\/\/i0.wp.com\/suedkreislaeufer.de\/wp-content\/uploads\/2015\/12\/wlEmoticon-winkingsmile-1.png?w=640&#038;ssl=1\" alt=\"Zwinkerndes Smiley\" \/><\/p>\n<p align=\"justify\"><a href=\"https:\/\/i0.wp.com\/suedkreislaeufer.de\/wp-content\/uploads\/2015\/12\/RZ_Logo_HAJ_Marathon_RGB.jpg?ssl=1\"><img data-recalc-dims=\"1\" loading=\"lazy\" decoding=\"async\" style=\"background-image: none; float: none; padding-top: 0px; padding-left: 0px; margin-left: auto; display: block; padding-right: 0px; margin-right: auto; border: 0px;\" title=\"RZ_Logo_HAJ_Marathon_RGB\" src=\"https:\/\/i0.wp.com\/suedkreislaeufer.de\/wp-content\/uploads\/2015\/12\/RZ_Logo_HAJ_Marathon_RGB_thumb.jpg?resize=240%2C90&#038;ssl=1\" alt=\"RZ_Logo_HAJ_Marathon_RGB\" width=\"240\" height=\"90\" border=\"0\" \/><\/a><\/p>\n","protected":false},"excerpt":{"rendered":"<p>Ja, nun ist es offiziell: ich bin am 10. April 2016 als Botschafter des HAJ Hannover Marathon unterwegs. Was das f\u00fcr mich bedeutet ?\u00a0 Also zun\u00e4chst einmal ein Freistart und ein Funktionsshirt. Viel wichtiger als diese beiden Dinge ist aber &hellip; <a href=\"https:\/\/suedkreislaeufer.de\/?p=11015\">Weiterlesen <span class=\"meta-nav\">&rarr;<\/span><\/a><\/p>\n","protected":false},"author":1,"featured_media":0,"comment_status":"open","ping_status":"open","sticky":false,"template":"","format":"standard","meta":{"jetpack_post_was_ever_published":false,"_jetpack_newsletter_access":"","_jetpack_dont_email_post_to_subs":false,"_jetpack_newsletter_tier_id":0,"_jetpack_memberships_contains_paywalled_content":false,"_jetpack_memberships_contains_paid_content":false,"footnotes":"","jetpack_publicize_message":"","jetpack_publicize_feature_enabled":true,"jetpack_social_post_already_shared":true,"jetpack_social_options":{"image_generator_settings":{"template":"highway","default_image_id":0,"font":"","enabled":false},"version":2}},"categories":[233,9,10],"tags":[32,46],"class_list":["post-11015","post","type-post","status-publish","format-standard","hentry","category-index","category-veranstaltungen","category-wettkampfe","tag-hannover","tag-marathon"],"jetpack_publicize_connections":[],"jetpack_featured_media_url":"","jetpack_shortlink":"https:\/\/wp.me\/p26jAY-2RF","jetpack_sharing_enabled":true,"jetpack_likes_enabled":false,"jetpack-related-posts":[{"id":11659,"url":"https:\/\/suedkreislaeufer.de\/?p=11659","url_meta":{"origin":11015,"position":0},"title":"HAJ Marathon 2016&ndash;Die &ldquo;Vorwehen&rdquo;","author":"Suedkreislaeufer","date":"9. April 2016","format":false,"excerpt":"Heute durfte ich mir in Hannover die Startunterlagen f\u00fcr den morgigen Marathon abholen. Zuvor trafen wir uns aber am Ernst-August Platz 4 am Central Hotel Kaiserhof zum \u201cMeet and Greet\u201d mit den Hahner Zwillingen die morgen endlich mal wieder gemeinsam am Start stehen. Das Treffen zum M&G war etwas holperig.\u2026","rel":"","context":"In &quot;Laufen mit Freunden&quot;","block_context":{"text":"Laufen mit Freunden","link":"https:\/\/suedkreislaeufer.de\/?cat=220"},"img":{"alt_text":"","src":"https:\/\/i0.wp.com\/suedkreislaeufer.de\/wp-content\/uploads\/2016\/04\/04_09-Haj-Marathon-Samstag-20.jpg?resize=350%2C200","width":350,"height":200,"srcset":"https:\/\/i0.wp.com\/suedkreislaeufer.de\/wp-content\/uploads\/2016\/04\/04_09-Haj-Marathon-Samstag-20.jpg?resize=350%2C200 1x, https:\/\/i0.wp.com\/suedkreislaeufer.de\/wp-content\/uploads\/2016\/04\/04_09-Haj-Marathon-Samstag-20.jpg?resize=525%2C300 1.5x, https:\/\/i0.wp.com\/suedkreislaeufer.de\/wp-content\/uploads\/2016\/04\/04_09-Haj-Marathon-Samstag-20.jpg?resize=700%2C400 2x"},"classes":[]},{"id":11628,"url":"https:\/\/suedkreislaeufer.de\/?p=11628","url_meta":{"origin":11015,"position":1},"title":"HAJ Marathon 2016 &#8211; Outfit","author":"Suedkreislaeufer","date":"2. April 2016","format":false,"excerpt":"Das Outfit f\u00fcr den HAJ Hannover Marathon am 10. April \u202c ist beisammen, jetzt muss nur noch das Wetter mitspielen. Ein gro\u00dfes \u201cDankesch\u00f6n\u201d an Salming, Sziols und Skins","rel":"","context":"In &quot;Equipment&quot;","block_context":{"text":"Equipment","link":"https:\/\/suedkreislaeufer.de\/?cat=3"},"img":{"alt_text":"","src":"https:\/\/i0.wp.com\/suedkreislaeufer.de\/wp-content\/uploads\/2016\/04\/04_02-Runnover-Dressed-01_thumb.jpg?resize=350%2C200","width":350,"height":200},"classes":[]},{"id":16043,"url":"https:\/\/suedkreislaeufer.de\/?p=16043","url_meta":{"origin":11015,"position":2},"title":"HAJ Hannover Marathon 2019","author":"Suedkreislaeufer","date":"8. April 2019","format":false,"excerpt":"Wenigstens einen pro Jahr g\u00f6nne ich mir, also einen Marathon. Mein Ziel ist dann aber auch immer ambitioniert, schnell sollte er sein. Die letzten Jahre hat sich der Hannover Marathon daf\u00fcr immer zur Verf\u00fcgung gestellt und ich laufe den Hannover Marathon auch wirklich gerne. Tolle Stadt, Tolle Menschen, Tolle Strecke\u2026","rel":"","context":"In &quot;Index&quot;","block_context":{"text":"Index","link":"https:\/\/suedkreislaeufer.de\/?cat=233"},"img":{"alt_text":"","src":"https:\/\/i0.wp.com\/suedkreislaeufer.de\/wp-content\/uploads\/2019\/04\/PHOTO_20190406_105657_Snapseed.jpg?resize=350%2C200","width":350,"height":200,"srcset":"https:\/\/i0.wp.com\/suedkreislaeufer.de\/wp-content\/uploads\/2019\/04\/PHOTO_20190406_105657_Snapseed.jpg?resize=350%2C200 1x, https:\/\/i0.wp.com\/suedkreislaeufer.de\/wp-content\/uploads\/2019\/04\/PHOTO_20190406_105657_Snapseed.jpg?resize=525%2C300 1.5x, https:\/\/i0.wp.com\/suedkreislaeufer.de\/wp-content\/uploads\/2019\/04\/PHOTO_20190406_105657_Snapseed.jpg?resize=700%2C400 2x"},"classes":[]},{"id":15400,"url":"https:\/\/suedkreislaeufer.de\/?p=15400","url_meta":{"origin":11015,"position":3},"title":"28. HAJ Hannover Marathon","author":"Suedkreislaeufer","date":"8. April 2018","format":false,"excerpt":"Keine Ahnung wie die das immer hinbekommen, aber wenn Hannover Marathon ist, ist geniales Wetter. Letztes Jahr hab ich zwar bei Start gezittert, aber auch damals wurde es richtig mopsig. Aber dieses Jahr: My lovely Mr. Singingclub, das war schon was \u2026 Dieses Jahr (und ich hoffe auch noch l\u00e4nger)\u2026","rel":"","context":"In &quot;Index&quot;","block_context":{"text":"Index","link":"https:\/\/suedkreislaeufer.de\/?cat=233"},"img":{"alt_text":"","src":"https:\/\/i0.wp.com\/suedkreislaeufer.de\/wp-content\/uploads\/2018\/04\/2018-04-08-08h59m28s-Hannover-Marathon.jpg.jpg?resize=350%2C200","width":350,"height":200,"srcset":"https:\/\/i0.wp.com\/suedkreislaeufer.de\/wp-content\/uploads\/2018\/04\/2018-04-08-08h59m28s-Hannover-Marathon.jpg.jpg?resize=350%2C200 1x, https:\/\/i0.wp.com\/suedkreislaeufer.de\/wp-content\/uploads\/2018\/04\/2018-04-08-08h59m28s-Hannover-Marathon.jpg.jpg?resize=525%2C300 1.5x, https:\/\/i0.wp.com\/suedkreislaeufer.de\/wp-content\/uploads\/2018\/04\/2018-04-08-08h59m28s-Hannover-Marathon.jpg.jpg?resize=700%2C400 2x"},"classes":[]},{"id":11670,"url":"https:\/\/suedkreislaeufer.de\/?p=11670","url_meta":{"origin":11015,"position":4},"title":"26. HAJ Hannover Marathon&ndash;Raceday","author":"Suedkreislaeufer","date":"10. April 2016","format":false,"excerpt":"OK, wie fang ich an. Es lief eigentlich sehr gut. Das Wetter war mit 7\u00b0C um halb 9 noch recht frisch vor allen wenn man luftig bekleidet ist. Nachdem ich meine Klamotentasche bei der Aufbewahrung abgegeben hatte w\u00e4rmte ich mich zun\u00e4chst noch einen Moment im Messezelt bei Hansi auf. Irgendwann\u2026","rel":"","context":"In &quot;Index&quot;","block_context":{"text":"Index","link":"https:\/\/suedkreislaeufer.de\/?cat=233"},"img":{"alt_text":"","src":"https:\/\/i0.wp.com\/suedkreislaeufer.de\/wp-content\/uploads\/2016\/04\/04_10-Haj-Marathon-Raceday-08.jpg?resize=350%2C200","width":350,"height":200,"srcset":"https:\/\/i0.wp.com\/suedkreislaeufer.de\/wp-content\/uploads\/2016\/04\/04_10-Haj-Marathon-Raceday-08.jpg?resize=350%2C200 1x, https:\/\/i0.wp.com\/suedkreislaeufer.de\/wp-content\/uploads\/2016\/04\/04_10-Haj-Marathon-Raceday-08.jpg?resize=525%2C300 1.5x, https:\/\/i0.wp.com\/suedkreislaeufer.de\/wp-content\/uploads\/2016\/04\/04_10-Haj-Marathon-Raceday-08.jpg?resize=700%2C400 2x"},"classes":[]},{"id":13453,"url":"https:\/\/suedkreislaeufer.de\/?p=13453","url_meta":{"origin":11015,"position":5},"title":"Meine L\u00e4ufe","author":"Suedkreislaeufer","date":"11. Dezember 2023","format":false,"excerpt":"Pers\u00f6nliche Bestzeiten \u00a06 km - 00:25:01 - 11. Kreislauf-Meisterschaft Hildesheim 10 km - 00:41:03 - Wedekindlauf 2009 21 km - 01:28:42 - HAJ\u00a0Hannover Marathon 2016 42 km - 03:05:45 - HH Marathon 2010 50 km - 04:54:00 - Hill50 2012 80 km - 08:56:29 -\u00a0Heide Ultra Trail 2015 160 km\u2026","rel":"","context":"In &quot;Index&quot;","block_context":{"text":"Index","link":"https:\/\/suedkreislaeufer.de\/?cat=233"},"img":{"alt_text":"","src":"https:\/\/i0.wp.com\/suedkreislaeufer.de\/wp-content\/uploads\/2022\/09\/Sunrise-Rock-HAZ-vom-25102022.jpg?resize=350%2C200","width":350,"height":200,"srcset":"https:\/\/i0.wp.com\/suedkreislaeufer.de\/wp-content\/uploads\/2022\/09\/Sunrise-Rock-HAZ-vom-25102022.jpg?resize=350%2C200 1x, https:\/\/i0.wp.com\/suedkreislaeufer.de\/wp-content\/uploads\/2022\/09\/Sunrise-Rock-HAZ-vom-25102022.jpg?resize=525%2C300 1.5x, https:\/\/i0.wp.com\/suedkreislaeufer.de\/wp-content\/uploads\/2022\/09\/Sunrise-Rock-HAZ-vom-25102022.jpg?resize=700%2C400 2x, https:\/\/i0.wp.com\/suedkreislaeufer.de\/wp-content\/uploads\/2022\/09\/Sunrise-Rock-HAZ-vom-25102022.jpg?resize=1050%2C600 3x, https:\/\/i0.wp.com\/suedkreislaeufer.de\/wp-content\/uploads\/2022\/09\/Sunrise-Rock-HAZ-vom-25102022.jpg?resize=1400%2C800 4x"},"classes":[]}],"_links":{"self":[{"href":"https:\/\/suedkreislaeufer.de\/index.php?rest_route=\/wp\/v2\/posts\/11015","targetHints":{"allow":["GET"]}}],"collection":[{"href":"https:\/\/suedkreislaeufer.de\/index.php?rest_route=\/wp\/v2\/posts"}],"about":[{"href":"https:\/\/suedkreislaeufer.de\/index.php?rest_route=\/wp\/v2\/types\/post"}],"author":[{"embeddable":true,"href":"https:\/\/suedkreislaeufer.de\/index.php?rest_route=\/wp\/v2\/users\/1"}],"replies":[{"embeddable":true,"href":"https:\/\/suedkreislaeufer.de\/index.php?rest_route=%2Fwp%2Fv2%2Fcomments&post=11015"}],"version-history":[{"count":3,"href":"https:\/\/suedkreislaeufer.de\/index.php?rest_route=\/wp\/v2\/posts\/11015\/revisions"}],"predecessor-version":[{"id":11641,"href":"https:\/\/suedkreislaeufer.de\/index.php?rest_route=\/wp\/v2\/posts\/11015\/revisions\/11641"}],"wp:attachment":[{"href":"https:\/\/suedkreislaeufer.de\/index.php?rest_route=%2Fwp%2Fv2%2Fmedia&parent=11015"}],"wp:term":[{"taxonomy":"category","embeddable":true,"href":"https:\/\/suedkreislaeufer.de\/index.php?rest_route=%2Fwp%2Fv2%2Fcategories&post=11015"},{"taxonomy":"post_tag","embeddable":true,"href":"https:\/\/suedkreislaeufer.de\/index.php?rest_route=%2Fwp%2Fv2%2Ftags&post=11015"}],"curies":[{"name":"wp","href":"https:\/\/api.w.org\/{rel}","templated":true}]}}