{"id":11452,"date":"2016-02-14T11:20:31","date_gmt":"2016-02-14T11:20:31","guid":{"rendered":"http:\/\/suedkreislaeufer.de\/?p=11452"},"modified":"2016-02-14T13:06:39","modified_gmt":"2016-02-14T13:06:39","slug":"aufbruch-ins-brockensystem","status":"publish","type":"post","link":"https:\/\/suedkreislaeufer.de\/?p=11452","title":{"rendered":"Aufbruch ins Brockensystem"},"content":{"rendered":"<p><i><a href=\"https:\/\/i0.wp.com\/suedkreislaeufer.de\/wp-content\/uploads\/2016\/02\/BC-Enterprise.jpg?ssl=1\"><img data-recalc-dims=\"1\" loading=\"lazy\" decoding=\"async\" style=\"background-image: none; float: left; padding-top: 0px; padding-left: 0px; margin: 0px 5px 0px 0px; display: inline; padding-right: 0px; border-width: 0px;\" title=\"BC Enterprise\" src=\"https:\/\/i0.wp.com\/suedkreislaeufer.de\/wp-content\/uploads\/2016\/02\/BC-Enterprise_thumb.jpg?resize=244%2C186&#038;ssl=1\" alt=\"BC Enterprise\" width=\"244\" height=\"186\" align=\"left\" border=\"0\" \/><\/a>\u201cDer Harz, unendliche Weiten. Wir schreiben das Jahr 2016. Dies sind die Abenteuer des Raumschiffs BC2016, das mit seiner 250 Mann starken Besatzung seit 13 Jahren unterwegs ist, um fremde Waldgalaxien zu erforschen, neues Leben und neue Zivilisationen zu f\u00f6rdern. Viele Lichtsekunden von G\u00f6ttingen entfernt dringt die BC2016 in Gegenden vor, die nie ein Borg zuvor gesehen hat.\u201c<\/i><\/p>\n<blockquote><p><strong><u>Captains Log, Sternzeit: 69576.89<\/u><\/strong><\/p>\n<p align=\"justify\">Die gesamte Crew der BC-2016 ist auf Landurlaub im Harzsystem. Scooty \u201cOhlef\u201d und <a href=\"https:\/\/i0.wp.com\/suedkreislaeufer.de\/wp-content\/uploads\/2016\/02\/stardate.jpg?ssl=1\"><img data-recalc-dims=\"1\" loading=\"lazy\" decoding=\"async\" style=\"background-image: none; float: right; padding-top: 0px; padding-left: 0px; margin: 5px 0px 0px 5px; display: inline; padding-right: 0px; border-width: 0px;\" title=\"\" src=\"https:\/\/i0.wp.com\/suedkreislaeufer.de\/wp-content\/uploads\/2016\/02\/stardate_thumb.jpg?resize=177%2C134&#038;ssl=1\" alt=\"\" width=\"177\" height=\"134\" align=\"right\" border=\"0\" \/><\/a>Pille \u201cKleinsorg\u201d beamten uns direkt ins Hauptquartier der BC F\u00f6rderation in G\u00f6ttingen auf Alpha Hainholzhof. Punkt 0600 starten wir dann in kleinen Einheiten um ins Brockensystem vorzusto\u00dfen. Da es zu schwer war einen Replikator mit sich rum zu schleppen und es ja schlie\u00dflich um unsere Gesundheit ging bauten wir auf die gute Verpflegung durch Pille \u201cFoodmaster Flash\u201d alias Pille \u201cKleinsorg\u201d. Dies klappt nat\u00fcrlich auf der gesamten Expedition gewohnt gut und die komplette Crew \u00fcberlebte.<\/p>\n<\/blockquote>\n<p align=\"justify\">Die ersten 10 km konnte ich mit Tanya und Carsten noch gut mithalten. Aber dann musste ich sie ziehen lassen und fand mein eigenes Tempo. die n\u00e4chsten 32 km bis Barbis lief ich nun meist alleine. Bis KM 50, also in etwa bis zur Mitte des Entsafters 1 konnte ich eine Pace im Schnitt von knapp unter 06:00 halten. In Barbis traf ich dann wieder auf Tanya und Carsten. Beide waren ein wenig angenockt. Carsten hatte Kr\u00e4mpfe und Tanya Probleme mit Ihren Fu\u00df. Nach einigen Kilometern lies uns Carsten dann ziehen, er wollte und mu\u00dfte auch sein eigenes Tempo finden. Auch ich verlor kurz darauf Tanya, aber nur f\u00fcr kurze Zeit, am Entsafter hatte ich Sie dann wieder eingeholt. Wenn Sie nicht die Problem mit den Fu\u00df gehabt h\u00e4tte w\u00e4re das nat\u00fcrlich alles ganz anders gelaufen, kein Frage. Ich wage zu behaupten das Sie die 9 Stunden gut geschafft, wenn nicht sogar unterbieten h\u00e4tte. Ich war aber hier so ziemlich an meinen (momentanen) Limit.<\/p>\n<p align=\"justify\">Kurz vor dem VP Jagdkopf wurde es wei\u00df um uns herum. Bisher liefen wir bei fast fr\u00fchlingshaften Temperaturen auf den ersten 50 km durch die sonnige Landschaft, nun wurde es schon winterlicher. Ich bin kein gro\u00dfer Freund von Schnee (beruflich Bedingt), aber eine BC ohne Schnee ist keine richtige BC. Hier m\u00f6chte ich das haben, hier geh\u00f6rt das wei\u00dfe Nass hin. Es war so sch\u00f6n, der Wald war wie verzaubert, so ruhig\u2026..<\/p>\n<p align=\"justify\">Durch den Schnee wurde aber nat\u00fcrlich das laufen auch m\u00fchsamer und wir legten immer wieder kurze Gehpausen ein. Zwischen Lausebuche und K\u00f6nigskrug stie\u00df dann wieder Carsten zu uns, er hatte sich erholt und nun konnten wir gemeinsam weiter.<\/p>\n<p align=\"justify\"><iframe loading=\"lazy\" src=\"http:\/\/www.doarama.com\/embed?k=k3AzpJ6\" width=\"560\" height=\"238\" frameborder=\"0\" allowfullscreen=\"allowfullscreen\"><\/iframe><\/p>\n<p align=\"justify\">Trotz der Gehpausen erreichten wir schlussendlich unser Ziel in 9.27 Std, also ich, Tanya hat kurz vor dem Ziel noch einmal R\u00fcckenwind gehabt und konnte so noch einmal ca. 4 Minuten rausholen. Carsten erreichte so ca. 5 Minuten nach mir den Gipfel.<\/p>\n<p align=\"justify\">Was f\u00fcr ein Empfang. Ein super tolles Wetter und ein fantastisches \u201cPublikum\u201d bestehend aus Brockentouristen und BC- Helfern. Dieser Zieleinlauf ist glaube ich die Kr\u00f6nung der BC.<\/p>\n<p align=\"justify\">Allen Helfern an den St\u00e4nden und hinter der Kulisse ein herzliches Dankesch\u00f6n das Ihr uns so nett betreut habt. Ich hoffe wir sehen uns wieder \u2026.<\/p>\n<div class=\"tiled-gallery type-rectangular tiled-gallery-unresized\" data-original-width=\"640\" data-carousel-extra='{&quot;blog_id&quot;:1,&quot;permalink&quot;:&quot;https:\\\/\\\/suedkreislaeufer.de\\\/?p=11452&quot;,&quot;likes_blog_id&quot;:31057968}' itemscope itemtype=\"http:\/\/schema.org\/ImageGallery\" > <div class=\"gallery-row\" style=\"width: 640px; height: 536px;\" data-original-width=\"640\" data-original-height=\"536\" > <div class=\"gallery-group images-1\" style=\"width: 403px; height: 536px;\" data-original-width=\"403\" data-original-height=\"536\" > <div class=\"tiled-gallery-item tiled-gallery-item-large\" itemprop=\"associatedMedia\" itemscope itemtype=\"http:\/\/schema.org\/ImageObject\"> <a href=\"https:\/\/suedkreislaeufer.de\/?attachment_id=11471\" border=\"0\" itemprop=\"url\"> <meta itemprop=\"width\" content=\"399\"> <meta itemprop=\"height\" content=\"532\"> <img decoding=\"async\" class=\"\" data-attachment-id=\"11471\" data-orig-file=\"https:\/\/suedkreislaeufer.de\/wp-content\/uploads\/2016\/02\/02_14-Brocken-Challenge-08.jpg\" data-orig-size=\"600,800\" data-comments-opened=\"1\" data-image-meta=\"{&quot;aperture&quot;:&quot;0&quot;,&quot;credit&quot;:&quot;&quot;,&quot;camera&quot;:&quot;&quot;,&quot;caption&quot;:&quot;&quot;,&quot;created_timestamp&quot;:&quot;0&quot;,&quot;copyright&quot;:&quot;&quot;,&quot;focal_length&quot;:&quot;0&quot;,&quot;iso&quot;:&quot;0&quot;,&quot;shutter_speed&quot;:&quot;0&quot;,&quot;title&quot;:&quot;&quot;,&quot;orientation&quot;:&quot;0&quot;}\" data-image-title=\"02_14 Brocken Challenge 08\" data-image-description=\"\" data-medium-file=\"https:\/\/i0.wp.com\/suedkreislaeufer.de\/wp-content\/uploads\/2016\/02\/02_14-Brocken-Challenge-08.jpg?fit=225%2C300&#038;ssl=1\" data-large-file=\"https:\/\/i0.wp.com\/suedkreislaeufer.de\/wp-content\/uploads\/2016\/02\/02_14-Brocken-Challenge-08.jpg?fit=600%2C800&#038;ssl=1\" src=\"https:\/\/i0.wp.com\/suedkreislaeufer.de\/wp-content\/uploads\/2016\/02\/02_14-Brocken-Challenge-08.jpg?w=399&#038;h=532&#038;ssl=1\" srcset=\"https:\/\/i0.wp.com\/suedkreislaeufer.de\/wp-content\/uploads\/2016\/02\/02_14-Brocken-Challenge-08.jpg?w=600&amp;ssl=1 600w, https:\/\/i0.wp.com\/suedkreislaeufer.de\/wp-content\/uploads\/2016\/02\/02_14-Brocken-Challenge-08.jpg?resize=225%2C300&amp;ssl=1 225w\" width=\"399\" height=\"532\" loading=\"lazy\" data-original-width=\"399\" data-original-height=\"532\" itemprop=\"http:\/\/schema.org\/image\" title=\"02_14 Brocken Challenge 08\" alt=\"Morgens beim Briefing\" style=\"width: 399px; height: 532px;\" \/> <\/a> <div class=\"tiled-gallery-caption\" itemprop=\"caption description\"> Morgens beim Briefing <\/div> <\/div> <\/div> <!-- close group --> <div class=\"gallery-group images-3\" style=\"width: 237px; height: 536px;\" data-original-width=\"237\" data-original-height=\"536\" > <div class=\"tiled-gallery-item tiled-gallery-item-small\" itemprop=\"associatedMedia\" itemscope itemtype=\"http:\/\/schema.org\/ImageObject\"> <a href=\"https:\/\/suedkreislaeufer.de\/?attachment_id=11470\" border=\"0\" itemprop=\"url\"> <meta itemprop=\"width\" content=\"233\"> <meta itemprop=\"height\" content=\"175\"> <img decoding=\"async\" class=\"\" data-attachment-id=\"11470\" data-orig-file=\"https:\/\/suedkreislaeufer.de\/wp-content\/uploads\/2016\/02\/02_14-Brocken-Challenge-07.jpg\" data-orig-size=\"800,600\" data-comments-opened=\"1\" data-image-meta=\"{&quot;aperture&quot;:&quot;0&quot;,&quot;credit&quot;:&quot;&quot;,&quot;camera&quot;:&quot;&quot;,&quot;caption&quot;:&quot;&quot;,&quot;created_timestamp&quot;:&quot;0&quot;,&quot;copyright&quot;:&quot;&quot;,&quot;focal_length&quot;:&quot;0&quot;,&quot;iso&quot;:&quot;0&quot;,&quot;shutter_speed&quot;:&quot;0&quot;,&quot;title&quot;:&quot;&quot;,&quot;orientation&quot;:&quot;0&quot;}\" data-image-title=\"02_14 Brocken Challenge 07\" data-image-description=\"\" data-medium-file=\"https:\/\/i0.wp.com\/suedkreislaeufer.de\/wp-content\/uploads\/2016\/02\/02_14-Brocken-Challenge-07.jpg?fit=300%2C225&#038;ssl=1\" data-large-file=\"https:\/\/i0.wp.com\/suedkreislaeufer.de\/wp-content\/uploads\/2016\/02\/02_14-Brocken-Challenge-07.jpg?fit=640%2C480&#038;ssl=1\" src=\"https:\/\/i0.wp.com\/suedkreislaeufer.de\/wp-content\/uploads\/2016\/02\/02_14-Brocken-Challenge-07.jpg?w=233&#038;h=175&#038;ssl=1\" srcset=\"https:\/\/i0.wp.com\/suedkreislaeufer.de\/wp-content\/uploads\/2016\/02\/02_14-Brocken-Challenge-07.jpg?w=800&amp;ssl=1 800w, https:\/\/i0.wp.com\/suedkreislaeufer.de\/wp-content\/uploads\/2016\/02\/02_14-Brocken-Challenge-07.jpg?resize=300%2C225&amp;ssl=1 300w, https:\/\/i0.wp.com\/suedkreislaeufer.de\/wp-content\/uploads\/2016\/02\/02_14-Brocken-Challenge-07.jpg?resize=768%2C576&amp;ssl=1 768w\" width=\"233\" height=\"175\" loading=\"lazy\" data-original-width=\"233\" data-original-height=\"175\" itemprop=\"http:\/\/schema.org\/image\" title=\"02_14 Brocken Challenge 07\" alt=\"02_14 Brocken Challenge 07\" style=\"width: 233px; height: 175px;\" \/> <\/a> <\/div> <div class=\"tiled-gallery-item tiled-gallery-item-small\" itemprop=\"associatedMedia\" itemscope itemtype=\"http:\/\/schema.org\/ImageObject\"> <a href=\"https:\/\/suedkreislaeufer.de\/?attachment_id=11455\" border=\"0\" itemprop=\"url\"> <meta itemprop=\"width\" content=\"233\"> <meta itemprop=\"height\" content=\"175\"> <img decoding=\"async\" class=\"\" data-attachment-id=\"11455\" data-orig-file=\"https:\/\/suedkreislaeufer.de\/wp-content\/uploads\/2016\/02\/02_13-Brocken-Challenge-11.jpg\" data-orig-size=\"800,600\" data-comments-opened=\"1\" data-image-meta=\"{&quot;aperture&quot;:&quot;0&quot;,&quot;credit&quot;:&quot;&quot;,&quot;camera&quot;:&quot;&quot;,&quot;caption&quot;:&quot;&quot;,&quot;created_timestamp&quot;:&quot;0&quot;,&quot;copyright&quot;:&quot;&quot;,&quot;focal_length&quot;:&quot;0&quot;,&quot;iso&quot;:&quot;0&quot;,&quot;shutter_speed&quot;:&quot;0&quot;,&quot;title&quot;:&quot;&quot;,&quot;orientation&quot;:&quot;0&quot;}\" data-image-title=\"02_13 Brocken Challenge 11\" data-image-description=\"\" data-medium-file=\"https:\/\/i0.wp.com\/suedkreislaeufer.de\/wp-content\/uploads\/2016\/02\/02_13-Brocken-Challenge-11.jpg?fit=300%2C225&#038;ssl=1\" data-large-file=\"https:\/\/i0.wp.com\/suedkreislaeufer.de\/wp-content\/uploads\/2016\/02\/02_13-Brocken-Challenge-11.jpg?fit=640%2C480&#038;ssl=1\" src=\"https:\/\/i0.wp.com\/suedkreislaeufer.de\/wp-content\/uploads\/2016\/02\/02_13-Brocken-Challenge-11.jpg?w=233&#038;h=175&#038;ssl=1\" srcset=\"https:\/\/i0.wp.com\/suedkreislaeufer.de\/wp-content\/uploads\/2016\/02\/02_13-Brocken-Challenge-11.jpg?w=800&amp;ssl=1 800w, https:\/\/i0.wp.com\/suedkreislaeufer.de\/wp-content\/uploads\/2016\/02\/02_13-Brocken-Challenge-11.jpg?resize=300%2C225&amp;ssl=1 300w, https:\/\/i0.wp.com\/suedkreislaeufer.de\/wp-content\/uploads\/2016\/02\/02_13-Brocken-Challenge-11.jpg?resize=768%2C576&amp;ssl=1 768w\" width=\"233\" height=\"175\" loading=\"lazy\" data-original-width=\"233\" data-original-height=\"175\" itemprop=\"http:\/\/schema.org\/image\" title=\"02_13 Brocken Challenge 11\" alt=\"02_13 Brocken Challenge 11\" style=\"width: 233px; height: 175px;\" \/> <\/a> <\/div> <div class=\"tiled-gallery-item tiled-gallery-item-small\" itemprop=\"associatedMedia\" itemscope itemtype=\"http:\/\/schema.org\/ImageObject\"> <a href=\"https:\/\/suedkreislaeufer.de\/?attachment_id=11456\" border=\"0\" itemprop=\"url\"> <meta itemprop=\"width\" content=\"233\"> <meta itemprop=\"height\" content=\"174\"> <img decoding=\"async\" class=\"\" data-attachment-id=\"11456\" data-orig-file=\"https:\/\/suedkreislaeufer.de\/wp-content\/uploads\/2016\/02\/02_13-Brocken-Challenge-12.jpg\" data-orig-size=\"800,600\" data-comments-opened=\"1\" data-image-meta=\"{&quot;aperture&quot;:&quot;0&quot;,&quot;credit&quot;:&quot;&quot;,&quot;camera&quot;:&quot;&quot;,&quot;caption&quot;:&quot;&quot;,&quot;created_timestamp&quot;:&quot;0&quot;,&quot;copyright&quot;:&quot;&quot;,&quot;focal_length&quot;:&quot;0&quot;,&quot;iso&quot;:&quot;0&quot;,&quot;shutter_speed&quot;:&quot;0&quot;,&quot;title&quot;:&quot;&quot;,&quot;orientation&quot;:&quot;0&quot;}\" data-image-title=\"02_13 Brocken Challenge 12\" data-image-description=\"\" data-medium-file=\"https:\/\/i0.wp.com\/suedkreislaeufer.de\/wp-content\/uploads\/2016\/02\/02_13-Brocken-Challenge-12.jpg?fit=300%2C225&#038;ssl=1\" data-large-file=\"https:\/\/i0.wp.com\/suedkreislaeufer.de\/wp-content\/uploads\/2016\/02\/02_13-Brocken-Challenge-12.jpg?fit=640%2C480&#038;ssl=1\" src=\"https:\/\/i0.wp.com\/suedkreislaeufer.de\/wp-content\/uploads\/2016\/02\/02_13-Brocken-Challenge-12.jpg?w=233&#038;h=174&#038;ssl=1\" srcset=\"https:\/\/i0.wp.com\/suedkreislaeufer.de\/wp-content\/uploads\/2016\/02\/02_13-Brocken-Challenge-12.jpg?w=800&amp;ssl=1 800w, https:\/\/i0.wp.com\/suedkreislaeufer.de\/wp-content\/uploads\/2016\/02\/02_13-Brocken-Challenge-12.jpg?resize=300%2C225&amp;ssl=1 300w, https:\/\/i0.wp.com\/suedkreislaeufer.de\/wp-content\/uploads\/2016\/02\/02_13-Brocken-Challenge-12.jpg?resize=768%2C576&amp;ssl=1 768w\" width=\"233\" height=\"174\" loading=\"lazy\" data-original-width=\"233\" data-original-height=\"174\" itemprop=\"http:\/\/schema.org\/image\" title=\"02_13 Brocken Challenge 12\" alt=\"02_13 Brocken Challenge 12\" style=\"width: 233px; height: 174px;\" \/> <\/a> <\/div> <\/div> <!-- close group --> <\/div> <!-- close row --> <div class=\"gallery-row\" style=\"width: 640px; height: 188px;\" data-original-width=\"640\" data-original-height=\"188\" > <div class=\"gallery-group images-1\" style=\"width: 249px; height: 188px;\" data-original-width=\"249\" data-original-height=\"188\" > <div class=\"tiled-gallery-item tiled-gallery-item-small\" itemprop=\"associatedMedia\" itemscope itemtype=\"http:\/\/schema.org\/ImageObject\"> <a href=\"https:\/\/suedkreislaeufer.de\/?attachment_id=11457\" border=\"0\" itemprop=\"url\"> <meta itemprop=\"width\" content=\"245\"> <meta itemprop=\"height\" content=\"184\"> <img decoding=\"async\" class=\"\" data-attachment-id=\"11457\" data-orig-file=\"https:\/\/suedkreislaeufer.de\/wp-content\/uploads\/2016\/02\/02_13-Brocken-Challenge-13.jpg\" data-orig-size=\"800,600\" data-comments-opened=\"1\" data-image-meta=\"{&quot;aperture&quot;:&quot;0&quot;,&quot;credit&quot;:&quot;&quot;,&quot;camera&quot;:&quot;&quot;,&quot;caption&quot;:&quot;&quot;,&quot;created_timestamp&quot;:&quot;0&quot;,&quot;copyright&quot;:&quot;&quot;,&quot;focal_length&quot;:&quot;0&quot;,&quot;iso&quot;:&quot;0&quot;,&quot;shutter_speed&quot;:&quot;0&quot;,&quot;title&quot;:&quot;&quot;,&quot;orientation&quot;:&quot;0&quot;}\" data-image-title=\"02_13 Brocken Challenge 13\" data-image-description=\"\" data-medium-file=\"https:\/\/i0.wp.com\/suedkreislaeufer.de\/wp-content\/uploads\/2016\/02\/02_13-Brocken-Challenge-13.jpg?fit=300%2C225&#038;ssl=1\" data-large-file=\"https:\/\/i0.wp.com\/suedkreislaeufer.de\/wp-content\/uploads\/2016\/02\/02_13-Brocken-Challenge-13.jpg?fit=640%2C480&#038;ssl=1\" src=\"https:\/\/i0.wp.com\/suedkreislaeufer.de\/wp-content\/uploads\/2016\/02\/02_13-Brocken-Challenge-13.jpg?w=245&#038;h=184&#038;ssl=1\" srcset=\"https:\/\/i0.wp.com\/suedkreislaeufer.de\/wp-content\/uploads\/2016\/02\/02_13-Brocken-Challenge-13.jpg?w=800&amp;ssl=1 800w, https:\/\/i0.wp.com\/suedkreislaeufer.de\/wp-content\/uploads\/2016\/02\/02_13-Brocken-Challenge-13.jpg?resize=300%2C225&amp;ssl=1 300w, https:\/\/i0.wp.com\/suedkreislaeufer.de\/wp-content\/uploads\/2016\/02\/02_13-Brocken-Challenge-13.jpg?resize=768%2C576&amp;ssl=1 768w\" width=\"245\" height=\"184\" loading=\"lazy\" data-original-width=\"245\" data-original-height=\"184\" itemprop=\"http:\/\/schema.org\/image\" title=\"02_13 Brocken Challenge 13\" alt=\"02_13 Brocken Challenge 13\" style=\"width: 245px; height: 184px;\" \/> <\/a> <\/div> <\/div> <!-- close group --> <div class=\"gallery-group images-1\" style=\"width: 142px; height: 188px;\" data-original-width=\"142\" data-original-height=\"188\" > <div class=\"tiled-gallery-item tiled-gallery-item-small\" itemprop=\"associatedMedia\" itemscope itemtype=\"http:\/\/schema.org\/ImageObject\"> <a href=\"https:\/\/suedkreislaeufer.de\/?attachment_id=11469\" border=\"0\" itemprop=\"url\"> <meta itemprop=\"width\" content=\"138\"> <meta itemprop=\"height\" content=\"184\"> <img decoding=\"async\" class=\"\" data-attachment-id=\"11469\" data-orig-file=\"https:\/\/suedkreislaeufer.de\/wp-content\/uploads\/2016\/02\/02_14-Brocken-Challenge-06.jpg\" data-orig-size=\"600,800\" data-comments-opened=\"1\" data-image-meta=\"{&quot;aperture&quot;:&quot;0&quot;,&quot;credit&quot;:&quot;&quot;,&quot;camera&quot;:&quot;&quot;,&quot;caption&quot;:&quot;&quot;,&quot;created_timestamp&quot;:&quot;0&quot;,&quot;copyright&quot;:&quot;&quot;,&quot;focal_length&quot;:&quot;0&quot;,&quot;iso&quot;:&quot;0&quot;,&quot;shutter_speed&quot;:&quot;0&quot;,&quot;title&quot;:&quot;&quot;,&quot;orientation&quot;:&quot;0&quot;}\" data-image-title=\"02_14 Brocken Challenge 06\" data-image-description=\"\" data-medium-file=\"https:\/\/i0.wp.com\/suedkreislaeufer.de\/wp-content\/uploads\/2016\/02\/02_14-Brocken-Challenge-06.jpg?fit=225%2C300&#038;ssl=1\" data-large-file=\"https:\/\/i0.wp.com\/suedkreislaeufer.de\/wp-content\/uploads\/2016\/02\/02_14-Brocken-Challenge-06.jpg?fit=600%2C800&#038;ssl=1\" src=\"https:\/\/i0.wp.com\/suedkreislaeufer.de\/wp-content\/uploads\/2016\/02\/02_14-Brocken-Challenge-06.jpg?w=138&#038;h=184&#038;ssl=1\" srcset=\"https:\/\/i0.wp.com\/suedkreislaeufer.de\/wp-content\/uploads\/2016\/02\/02_14-Brocken-Challenge-06.jpg?w=600&amp;ssl=1 600w, https:\/\/i0.wp.com\/suedkreislaeufer.de\/wp-content\/uploads\/2016\/02\/02_14-Brocken-Challenge-06.jpg?resize=225%2C300&amp;ssl=1 225w\" width=\"138\" height=\"184\" loading=\"lazy\" data-original-width=\"138\" data-original-height=\"184\" itemprop=\"http:\/\/schema.org\/image\" title=\"02_14 Brocken Challenge 06\" alt=\"02_14 Brocken Challenge 06\" style=\"width: 138px; height: 184px;\" \/> <\/a> <\/div> <\/div> <!-- close group --> <div class=\"gallery-group images-1\" style=\"width: 249px; height: 188px;\" data-original-width=\"249\" data-original-height=\"188\" > <div class=\"tiled-gallery-item tiled-gallery-item-small\" itemprop=\"associatedMedia\" itemscope itemtype=\"http:\/\/schema.org\/ImageObject\"> <a href=\"https:\/\/suedkreislaeufer.de\/?attachment_id=11458\" border=\"0\" itemprop=\"url\"> <meta itemprop=\"width\" content=\"245\"> <meta itemprop=\"height\" content=\"184\"> <img decoding=\"async\" class=\"\" data-attachment-id=\"11458\" data-orig-file=\"https:\/\/suedkreislaeufer.de\/wp-content\/uploads\/2016\/02\/02_13-Brocken-Challenge-14.jpg\" data-orig-size=\"800,600\" data-comments-opened=\"1\" data-image-meta=\"{&quot;aperture&quot;:&quot;0&quot;,&quot;credit&quot;:&quot;&quot;,&quot;camera&quot;:&quot;&quot;,&quot;caption&quot;:&quot;&quot;,&quot;created_timestamp&quot;:&quot;0&quot;,&quot;copyright&quot;:&quot;&quot;,&quot;focal_length&quot;:&quot;0&quot;,&quot;iso&quot;:&quot;0&quot;,&quot;shutter_speed&quot;:&quot;0&quot;,&quot;title&quot;:&quot;&quot;,&quot;orientation&quot;:&quot;0&quot;}\" data-image-title=\"02_13 Brocken Challenge 14\" data-image-description=\"\" data-medium-file=\"https:\/\/i0.wp.com\/suedkreislaeufer.de\/wp-content\/uploads\/2016\/02\/02_13-Brocken-Challenge-14.jpg?fit=300%2C225&#038;ssl=1\" data-large-file=\"https:\/\/i0.wp.com\/suedkreislaeufer.de\/wp-content\/uploads\/2016\/02\/02_13-Brocken-Challenge-14.jpg?fit=640%2C480&#038;ssl=1\" src=\"https:\/\/i0.wp.com\/suedkreislaeufer.de\/wp-content\/uploads\/2016\/02\/02_13-Brocken-Challenge-14.jpg?w=245&#038;h=184&#038;ssl=1\" srcset=\"https:\/\/i0.wp.com\/suedkreislaeufer.de\/wp-content\/uploads\/2016\/02\/02_13-Brocken-Challenge-14.jpg?w=800&amp;ssl=1 800w, https:\/\/i0.wp.com\/suedkreislaeufer.de\/wp-content\/uploads\/2016\/02\/02_13-Brocken-Challenge-14.jpg?resize=300%2C225&amp;ssl=1 300w, https:\/\/i0.wp.com\/suedkreislaeufer.de\/wp-content\/uploads\/2016\/02\/02_13-Brocken-Challenge-14.jpg?resize=768%2C576&amp;ssl=1 768w\" width=\"245\" height=\"184\" loading=\"lazy\" data-original-width=\"245\" data-original-height=\"184\" itemprop=\"http:\/\/schema.org\/image\" title=\"02_13 Brocken Challenge 14\" alt=\"Hani :-)\" style=\"width: 245px; height: 184px;\" \/> <\/a> <div class=\"tiled-gallery-caption\" itemprop=\"caption description\"> Hani \ud83d\ude42 <\/div> <\/div> <\/div> <!-- close group --> <\/div> <!-- close row --> <div class=\"gallery-row\" style=\"width: 640px; height: 452px;\" data-original-width=\"640\" data-original-height=\"452\" > <div class=\"gallery-group images-1\" style=\"width: 340px; height: 452px;\" data-original-width=\"340\" data-original-height=\"452\" > <div class=\"tiled-gallery-item tiled-gallery-item-large\" itemprop=\"associatedMedia\" itemscope itemtype=\"http:\/\/schema.org\/ImageObject\"> <a href=\"https:\/\/suedkreislaeufer.de\/?attachment_id=11468\" border=\"0\" itemprop=\"url\"> <meta itemprop=\"width\" content=\"336\"> <meta itemprop=\"height\" content=\"448\"> <img decoding=\"async\" class=\"\" data-attachment-id=\"11468\" data-orig-file=\"https:\/\/suedkreislaeufer.de\/wp-content\/uploads\/2016\/02\/02_14-Brocken-Challenge-05.jpg\" data-orig-size=\"600,800\" data-comments-opened=\"1\" data-image-meta=\"{&quot;aperture&quot;:&quot;0&quot;,&quot;credit&quot;:&quot;&quot;,&quot;camera&quot;:&quot;&quot;,&quot;caption&quot;:&quot;&quot;,&quot;created_timestamp&quot;:&quot;0&quot;,&quot;copyright&quot;:&quot;&quot;,&quot;focal_length&quot;:&quot;0&quot;,&quot;iso&quot;:&quot;0&quot;,&quot;shutter_speed&quot;:&quot;0&quot;,&quot;title&quot;:&quot;&quot;,&quot;orientation&quot;:&quot;0&quot;}\" data-image-title=\"02_14 Brocken Challenge 05\" data-image-description=\"\" data-medium-file=\"https:\/\/i0.wp.com\/suedkreislaeufer.de\/wp-content\/uploads\/2016\/02\/02_14-Brocken-Challenge-05.jpg?fit=225%2C300&#038;ssl=1\" data-large-file=\"https:\/\/i0.wp.com\/suedkreislaeufer.de\/wp-content\/uploads\/2016\/02\/02_14-Brocken-Challenge-05.jpg?fit=600%2C800&#038;ssl=1\" src=\"https:\/\/i0.wp.com\/suedkreislaeufer.de\/wp-content\/uploads\/2016\/02\/02_14-Brocken-Challenge-05.jpg?w=336&#038;h=448&#038;ssl=1\" srcset=\"https:\/\/i0.wp.com\/suedkreislaeufer.de\/wp-content\/uploads\/2016\/02\/02_14-Brocken-Challenge-05.jpg?w=600&amp;ssl=1 600w, https:\/\/i0.wp.com\/suedkreislaeufer.de\/wp-content\/uploads\/2016\/02\/02_14-Brocken-Challenge-05.jpg?resize=225%2C300&amp;ssl=1 225w\" width=\"336\" height=\"448\" loading=\"lazy\" data-original-width=\"336\" data-original-height=\"448\" itemprop=\"http:\/\/schema.org\/image\" title=\"02_14 Brocken Challenge 05\" alt=\"02_14 Brocken Challenge 05\" style=\"width: 336px; height: 448px;\" \/> <\/a> <\/div> <\/div> <!-- close group --> <div class=\"gallery-group images-2\" style=\"width: 300px; height: 452px;\" data-original-width=\"300\" data-original-height=\"452\" > <div class=\"tiled-gallery-item tiled-gallery-item-large\" itemprop=\"associatedMedia\" itemscope itemtype=\"http:\/\/schema.org\/ImageObject\"> <a href=\"https:\/\/suedkreislaeufer.de\/?attachment_id=11466\" border=\"0\" itemprop=\"url\"> <meta itemprop=\"width\" content=\"296\"> <meta itemprop=\"height\" content=\"222\"> <img decoding=\"async\" class=\"\" data-attachment-id=\"11466\" data-orig-file=\"https:\/\/suedkreislaeufer.de\/wp-content\/uploads\/2016\/02\/02_14-Brocken-Challenge-02.jpg\" data-orig-size=\"800,600\" data-comments-opened=\"1\" data-image-meta=\"{&quot;aperture&quot;:&quot;0&quot;,&quot;credit&quot;:&quot;&quot;,&quot;camera&quot;:&quot;&quot;,&quot;caption&quot;:&quot;&quot;,&quot;created_timestamp&quot;:&quot;0&quot;,&quot;copyright&quot;:&quot;&quot;,&quot;focal_length&quot;:&quot;0&quot;,&quot;iso&quot;:&quot;0&quot;,&quot;shutter_speed&quot;:&quot;0&quot;,&quot;title&quot;:&quot;&quot;,&quot;orientation&quot;:&quot;0&quot;}\" data-image-title=\"02_14 Brocken Challenge 02\" data-image-description=\"\" data-medium-file=\"https:\/\/i0.wp.com\/suedkreislaeufer.de\/wp-content\/uploads\/2016\/02\/02_14-Brocken-Challenge-02.jpg?fit=300%2C225&#038;ssl=1\" data-large-file=\"https:\/\/i0.wp.com\/suedkreislaeufer.de\/wp-content\/uploads\/2016\/02\/02_14-Brocken-Challenge-02.jpg?fit=640%2C480&#038;ssl=1\" src=\"https:\/\/i0.wp.com\/suedkreislaeufer.de\/wp-content\/uploads\/2016\/02\/02_14-Brocken-Challenge-02.jpg?w=296&#038;h=222&#038;ssl=1\" srcset=\"https:\/\/i0.wp.com\/suedkreislaeufer.de\/wp-content\/uploads\/2016\/02\/02_14-Brocken-Challenge-02.jpg?w=800&amp;ssl=1 800w, https:\/\/i0.wp.com\/suedkreislaeufer.de\/wp-content\/uploads\/2016\/02\/02_14-Brocken-Challenge-02.jpg?resize=300%2C225&amp;ssl=1 300w, https:\/\/i0.wp.com\/suedkreislaeufer.de\/wp-content\/uploads\/2016\/02\/02_14-Brocken-Challenge-02.jpg?resize=768%2C576&amp;ssl=1 768w\" width=\"296\" height=\"222\" loading=\"lazy\" data-original-width=\"296\" data-original-height=\"222\" itemprop=\"http:\/\/schema.org\/image\" title=\"02_14 Brocken Challenge 02\" alt=\"02_14 Brocken Challenge 02\" style=\"width: 296px; height: 222px;\" \/> <\/a> <\/div> <div class=\"tiled-gallery-item tiled-gallery-item-large\" itemprop=\"associatedMedia\" itemscope itemtype=\"http:\/\/schema.org\/ImageObject\"> <a href=\"https:\/\/suedkreislaeufer.de\/?attachment_id=11467\" border=\"0\" itemprop=\"url\"> <meta itemprop=\"width\" content=\"296\"> <meta itemprop=\"height\" content=\"222\"> <img decoding=\"async\" class=\"\" data-attachment-id=\"11467\" data-orig-file=\"https:\/\/suedkreislaeufer.de\/wp-content\/uploads\/2016\/02\/02_14-Brocken-Challenge-04.jpg\" data-orig-size=\"800,600\" data-comments-opened=\"1\" data-image-meta=\"{&quot;aperture&quot;:&quot;0&quot;,&quot;credit&quot;:&quot;&quot;,&quot;camera&quot;:&quot;&quot;,&quot;caption&quot;:&quot;&quot;,&quot;created_timestamp&quot;:&quot;0&quot;,&quot;copyright&quot;:&quot;&quot;,&quot;focal_length&quot;:&quot;0&quot;,&quot;iso&quot;:&quot;0&quot;,&quot;shutter_speed&quot;:&quot;0&quot;,&quot;title&quot;:&quot;&quot;,&quot;orientation&quot;:&quot;0&quot;}\" data-image-title=\"02_14 Brocken Challenge 04\" data-image-description=\"\" data-medium-file=\"https:\/\/i0.wp.com\/suedkreislaeufer.de\/wp-content\/uploads\/2016\/02\/02_14-Brocken-Challenge-04.jpg?fit=300%2C225&#038;ssl=1\" data-large-file=\"https:\/\/i0.wp.com\/suedkreislaeufer.de\/wp-content\/uploads\/2016\/02\/02_14-Brocken-Challenge-04.jpg?fit=640%2C480&#038;ssl=1\" src=\"https:\/\/i0.wp.com\/suedkreislaeufer.de\/wp-content\/uploads\/2016\/02\/02_14-Brocken-Challenge-04.jpg?w=296&#038;h=222&#038;ssl=1\" srcset=\"https:\/\/i0.wp.com\/suedkreislaeufer.de\/wp-content\/uploads\/2016\/02\/02_14-Brocken-Challenge-04.jpg?w=800&amp;ssl=1 800w, https:\/\/i0.wp.com\/suedkreislaeufer.de\/wp-content\/uploads\/2016\/02\/02_14-Brocken-Challenge-04.jpg?resize=300%2C225&amp;ssl=1 300w, https:\/\/i0.wp.com\/suedkreislaeufer.de\/wp-content\/uploads\/2016\/02\/02_14-Brocken-Challenge-04.jpg?resize=768%2C576&amp;ssl=1 768w\" width=\"296\" height=\"222\" loading=\"lazy\" data-original-width=\"296\" data-original-height=\"222\" itemprop=\"http:\/\/schema.org\/image\" title=\"02_14 Brocken Challenge 04\" alt=\"02_14 Brocken Challenge 04\" style=\"width: 296px; height: 222px;\" \/> <\/a> <\/div> <\/div> <!-- close group --> <\/div> <!-- close row --> <div class=\"gallery-row\" style=\"width: 640px; height: 321px;\" data-original-width=\"640\" data-original-height=\"321\" > <div class=\"gallery-group images-2\" style=\"width: 213px; height: 321px;\" data-original-width=\"213\" data-original-height=\"321\" > <div class=\"tiled-gallery-item tiled-gallery-item-small\" itemprop=\"associatedMedia\" itemscope itemtype=\"http:\/\/schema.org\/ImageObject\"> <a href=\"https:\/\/suedkreislaeufer.de\/?attachment_id=11472\" border=\"0\" itemprop=\"url\"> <meta itemprop=\"width\" content=\"209\"> <meta itemprop=\"height\" content=\"157\"> <img decoding=\"async\" class=\"\" data-attachment-id=\"11472\" data-orig-file=\"https:\/\/suedkreislaeufer.de\/wp-content\/uploads\/2016\/02\/02_14-Brocken-Challenge-09.jpg\" data-orig-size=\"800,600\" data-comments-opened=\"1\" data-image-meta=\"{&quot;aperture&quot;:&quot;0&quot;,&quot;credit&quot;:&quot;&quot;,&quot;camera&quot;:&quot;&quot;,&quot;caption&quot;:&quot;&quot;,&quot;created_timestamp&quot;:&quot;0&quot;,&quot;copyright&quot;:&quot;&quot;,&quot;focal_length&quot;:&quot;0&quot;,&quot;iso&quot;:&quot;0&quot;,&quot;shutter_speed&quot;:&quot;0&quot;,&quot;title&quot;:&quot;&quot;,&quot;orientation&quot;:&quot;0&quot;}\" data-image-title=\"02_14 Brocken Challenge 09\" data-image-description=\"\" data-medium-file=\"https:\/\/i0.wp.com\/suedkreislaeufer.de\/wp-content\/uploads\/2016\/02\/02_14-Brocken-Challenge-09.jpg?fit=300%2C225&#038;ssl=1\" data-large-file=\"https:\/\/i0.wp.com\/suedkreislaeufer.de\/wp-content\/uploads\/2016\/02\/02_14-Brocken-Challenge-09.jpg?fit=640%2C480&#038;ssl=1\" src=\"https:\/\/i0.wp.com\/suedkreislaeufer.de\/wp-content\/uploads\/2016\/02\/02_14-Brocken-Challenge-09.jpg?w=209&#038;h=157&#038;ssl=1\" srcset=\"https:\/\/i0.wp.com\/suedkreislaeufer.de\/wp-content\/uploads\/2016\/02\/02_14-Brocken-Challenge-09.jpg?w=800&amp;ssl=1 800w, https:\/\/i0.wp.com\/suedkreislaeufer.de\/wp-content\/uploads\/2016\/02\/02_14-Brocken-Challenge-09.jpg?resize=300%2C225&amp;ssl=1 300w, https:\/\/i0.wp.com\/suedkreislaeufer.de\/wp-content\/uploads\/2016\/02\/02_14-Brocken-Challenge-09.jpg?resize=768%2C576&amp;ssl=1 768w\" width=\"209\" height=\"157\" loading=\"lazy\" data-original-width=\"209\" data-original-height=\"157\" itemprop=\"http:\/\/schema.org\/image\" title=\"02_14 Brocken Challenge 09\" alt=\"02_14 Brocken Challenge 09\" style=\"width: 209px; height: 157px;\" \/> <\/a> <\/div> <div class=\"tiled-gallery-item tiled-gallery-item-small\" itemprop=\"associatedMedia\" itemscope itemtype=\"http:\/\/schema.org\/ImageObject\"> <a href=\"https:\/\/suedkreislaeufer.de\/?attachment_id=11459\" border=\"0\" itemprop=\"url\"> <meta itemprop=\"width\" content=\"209\"> <meta itemprop=\"height\" content=\"156\"> <img decoding=\"async\" class=\"\" data-attachment-id=\"11459\" data-orig-file=\"https:\/\/suedkreislaeufer.de\/wp-content\/uploads\/2016\/02\/02_13-Brocken-Challenge-15.jpg\" data-orig-size=\"800,600\" data-comments-opened=\"1\" data-image-meta=\"{&quot;aperture&quot;:&quot;0&quot;,&quot;credit&quot;:&quot;&quot;,&quot;camera&quot;:&quot;&quot;,&quot;caption&quot;:&quot;&quot;,&quot;created_timestamp&quot;:&quot;0&quot;,&quot;copyright&quot;:&quot;&quot;,&quot;focal_length&quot;:&quot;0&quot;,&quot;iso&quot;:&quot;0&quot;,&quot;shutter_speed&quot;:&quot;0&quot;,&quot;title&quot;:&quot;&quot;,&quot;orientation&quot;:&quot;0&quot;}\" data-image-title=\"02_13 Brocken Challenge 15\" data-image-description=\"\" data-medium-file=\"https:\/\/i0.wp.com\/suedkreislaeufer.de\/wp-content\/uploads\/2016\/02\/02_13-Brocken-Challenge-15.jpg?fit=300%2C225&#038;ssl=1\" data-large-file=\"https:\/\/i0.wp.com\/suedkreislaeufer.de\/wp-content\/uploads\/2016\/02\/02_13-Brocken-Challenge-15.jpg?fit=640%2C480&#038;ssl=1\" src=\"https:\/\/i0.wp.com\/suedkreislaeufer.de\/wp-content\/uploads\/2016\/02\/02_13-Brocken-Challenge-15.jpg?w=209&#038;h=156&#038;ssl=1\" srcset=\"https:\/\/i0.wp.com\/suedkreislaeufer.de\/wp-content\/uploads\/2016\/02\/02_13-Brocken-Challenge-15.jpg?w=800&amp;ssl=1 800w, https:\/\/i0.wp.com\/suedkreislaeufer.de\/wp-content\/uploads\/2016\/02\/02_13-Brocken-Challenge-15.jpg?resize=300%2C225&amp;ssl=1 300w, https:\/\/i0.wp.com\/suedkreislaeufer.de\/wp-content\/uploads\/2016\/02\/02_13-Brocken-Challenge-15.jpg?resize=768%2C576&amp;ssl=1 768w\" width=\"209\" height=\"156\" loading=\"lazy\" data-original-width=\"209\" data-original-height=\"156\" itemprop=\"http:\/\/schema.org\/image\" title=\"02_13 Brocken Challenge 15\" alt=\"02_13 Brocken Challenge 15\" style=\"width: 209px; height: 156px;\" \/> <\/a> <\/div> <\/div> <!-- close group --> <div class=\"gallery-group images-1\" style=\"width: 427px; height: 321px;\" data-original-width=\"427\" data-original-height=\"321\" > <div class=\"tiled-gallery-item tiled-gallery-item-large\" itemprop=\"associatedMedia\" itemscope itemtype=\"http:\/\/schema.org\/ImageObject\"> <a href=\"https:\/\/suedkreislaeufer.de\/?attachment_id=11474\" border=\"0\" itemprop=\"url\"> <meta itemprop=\"width\" content=\"423\"> <meta itemprop=\"height\" content=\"317\"> <img decoding=\"async\" class=\"\" data-attachment-id=\"11474\" data-orig-file=\"https:\/\/suedkreislaeufer.de\/wp-content\/uploads\/2016\/02\/02_14-Brocken-Challenge-17.jpg\" data-orig-size=\"800,600\" data-comments-opened=\"1\" data-image-meta=\"{&quot;aperture&quot;:&quot;0&quot;,&quot;credit&quot;:&quot;&quot;,&quot;camera&quot;:&quot;&quot;,&quot;caption&quot;:&quot;&quot;,&quot;created_timestamp&quot;:&quot;0&quot;,&quot;copyright&quot;:&quot;&quot;,&quot;focal_length&quot;:&quot;0&quot;,&quot;iso&quot;:&quot;0&quot;,&quot;shutter_speed&quot;:&quot;0&quot;,&quot;title&quot;:&quot;&quot;,&quot;orientation&quot;:&quot;0&quot;}\" data-image-title=\"02_14 Brocken Challenge 17\" data-image-description=\"\" data-medium-file=\"https:\/\/i0.wp.com\/suedkreislaeufer.de\/wp-content\/uploads\/2016\/02\/02_14-Brocken-Challenge-17.jpg?fit=300%2C225&#038;ssl=1\" data-large-file=\"https:\/\/i0.wp.com\/suedkreislaeufer.de\/wp-content\/uploads\/2016\/02\/02_14-Brocken-Challenge-17.jpg?fit=640%2C480&#038;ssl=1\" src=\"https:\/\/i0.wp.com\/suedkreislaeufer.de\/wp-content\/uploads\/2016\/02\/02_14-Brocken-Challenge-17.jpg?w=423&#038;h=317&#038;ssl=1\" srcset=\"https:\/\/i0.wp.com\/suedkreislaeufer.de\/wp-content\/uploads\/2016\/02\/02_14-Brocken-Challenge-17.jpg?w=800&amp;ssl=1 800w, https:\/\/i0.wp.com\/suedkreislaeufer.de\/wp-content\/uploads\/2016\/02\/02_14-Brocken-Challenge-17.jpg?resize=300%2C225&amp;ssl=1 300w, https:\/\/i0.wp.com\/suedkreislaeufer.de\/wp-content\/uploads\/2016\/02\/02_14-Brocken-Challenge-17.jpg?resize=768%2C576&amp;ssl=1 768w\" width=\"423\" height=\"317\" loading=\"lazy\" data-original-width=\"423\" data-original-height=\"317\" itemprop=\"http:\/\/schema.org\/image\" title=\"02_14 Brocken Challenge 17\" alt=\"02_14 Brocken Challenge 17\" style=\"width: 423px; height: 317px;\" \/> <\/a> <\/div> <\/div> <!-- close group --> <\/div> <!-- close row --> <div class=\"gallery-row\" style=\"width: 640px; height: 307px;\" data-original-width=\"640\" data-original-height=\"307\" > <div class=\"gallery-group images-1\" style=\"width: 408px; height: 307px;\" data-original-width=\"408\" data-original-height=\"307\" > <div class=\"tiled-gallery-item tiled-gallery-item-large\" itemprop=\"associatedMedia\" itemscope itemtype=\"http:\/\/schema.org\/ImageObject\"> <a href=\"https:\/\/suedkreislaeufer.de\/?attachment_id=11475\" border=\"0\" itemprop=\"url\"> <meta itemprop=\"width\" content=\"404\"> <meta itemprop=\"height\" content=\"303\"> <img decoding=\"async\" class=\"\" data-attachment-id=\"11475\" data-orig-file=\"https:\/\/suedkreislaeufer.de\/wp-content\/uploads\/2016\/02\/02_14-Brocken-Challenge-22.jpg\" data-orig-size=\"800,600\" data-comments-opened=\"1\" data-image-meta=\"{&quot;aperture&quot;:&quot;0&quot;,&quot;credit&quot;:&quot;&quot;,&quot;camera&quot;:&quot;&quot;,&quot;caption&quot;:&quot;&quot;,&quot;created_timestamp&quot;:&quot;0&quot;,&quot;copyright&quot;:&quot;&quot;,&quot;focal_length&quot;:&quot;0&quot;,&quot;iso&quot;:&quot;0&quot;,&quot;shutter_speed&quot;:&quot;0&quot;,&quot;title&quot;:&quot;&quot;,&quot;orientation&quot;:&quot;0&quot;}\" data-image-title=\"02_14 Brocken Challenge 22\" data-image-description=\"\" data-medium-file=\"https:\/\/i0.wp.com\/suedkreislaeufer.de\/wp-content\/uploads\/2016\/02\/02_14-Brocken-Challenge-22.jpg?fit=300%2C225&#038;ssl=1\" data-large-file=\"https:\/\/i0.wp.com\/suedkreislaeufer.de\/wp-content\/uploads\/2016\/02\/02_14-Brocken-Challenge-22.jpg?fit=640%2C480&#038;ssl=1\" src=\"https:\/\/i0.wp.com\/suedkreislaeufer.de\/wp-content\/uploads\/2016\/02\/02_14-Brocken-Challenge-22.jpg?w=404&#038;h=303&#038;ssl=1\" srcset=\"https:\/\/i0.wp.com\/suedkreislaeufer.de\/wp-content\/uploads\/2016\/02\/02_14-Brocken-Challenge-22.jpg?w=800&amp;ssl=1 800w, https:\/\/i0.wp.com\/suedkreislaeufer.de\/wp-content\/uploads\/2016\/02\/02_14-Brocken-Challenge-22.jpg?resize=300%2C225&amp;ssl=1 300w, https:\/\/i0.wp.com\/suedkreislaeufer.de\/wp-content\/uploads\/2016\/02\/02_14-Brocken-Challenge-22.jpg?resize=768%2C576&amp;ssl=1 768w\" width=\"404\" height=\"303\" loading=\"lazy\" data-original-width=\"404\" data-original-height=\"303\" itemprop=\"http:\/\/schema.org\/image\" title=\"02_14 Brocken Challenge 22\" alt=\"02_14 Brocken Challenge 22\" style=\"width: 404px; height: 303px;\" \/> <\/a> <\/div> <\/div> <!-- close group --> <div class=\"gallery-group images-1\" style=\"width: 232px; height: 307px;\" data-original-width=\"232\" data-original-height=\"307\" > <div class=\"tiled-gallery-item tiled-gallery-item-small\" itemprop=\"associatedMedia\" itemscope itemtype=\"http:\/\/schema.org\/ImageObject\"> <a href=\"https:\/\/suedkreislaeufer.de\/?attachment_id=11476\" border=\"0\" itemprop=\"url\"> <meta itemprop=\"width\" content=\"228\"> <meta itemprop=\"height\" content=\"303\"> <img decoding=\"async\" class=\"\" data-attachment-id=\"11476\" data-orig-file=\"https:\/\/suedkreislaeufer.de\/wp-content\/uploads\/2016\/02\/02_14-Brocken-Challenge-23.jpg\" data-orig-size=\"600,800\" data-comments-opened=\"1\" data-image-meta=\"{&quot;aperture&quot;:&quot;0&quot;,&quot;credit&quot;:&quot;&quot;,&quot;camera&quot;:&quot;&quot;,&quot;caption&quot;:&quot;&quot;,&quot;created_timestamp&quot;:&quot;0&quot;,&quot;copyright&quot;:&quot;&quot;,&quot;focal_length&quot;:&quot;0&quot;,&quot;iso&quot;:&quot;0&quot;,&quot;shutter_speed&quot;:&quot;0&quot;,&quot;title&quot;:&quot;&quot;,&quot;orientation&quot;:&quot;0&quot;}\" data-image-title=\"02_14 Brocken Challenge 23\" data-image-description=\"\" data-medium-file=\"https:\/\/i0.wp.com\/suedkreislaeufer.de\/wp-content\/uploads\/2016\/02\/02_14-Brocken-Challenge-23.jpg?fit=225%2C300&#038;ssl=1\" data-large-file=\"https:\/\/i0.wp.com\/suedkreislaeufer.de\/wp-content\/uploads\/2016\/02\/02_14-Brocken-Challenge-23.jpg?fit=600%2C800&#038;ssl=1\" src=\"https:\/\/i0.wp.com\/suedkreislaeufer.de\/wp-content\/uploads\/2016\/02\/02_14-Brocken-Challenge-23.jpg?w=228&#038;h=303&#038;ssl=1\" srcset=\"https:\/\/i0.wp.com\/suedkreislaeufer.de\/wp-content\/uploads\/2016\/02\/02_14-Brocken-Challenge-23.jpg?w=600&amp;ssl=1 600w, https:\/\/i0.wp.com\/suedkreislaeufer.de\/wp-content\/uploads\/2016\/02\/02_14-Brocken-Challenge-23.jpg?resize=225%2C300&amp;ssl=1 225w\" width=\"228\" height=\"303\" loading=\"lazy\" data-original-width=\"228\" data-original-height=\"303\" itemprop=\"http:\/\/schema.org\/image\" title=\"02_14 Brocken Challenge 23\" alt=\"02_14 Brocken Challenge 23\" style=\"width: 228px; height: 303px;\" \/> <\/a> <\/div> <\/div> <!-- close group --> <\/div> <!-- close row --> <div class=\"gallery-row\" style=\"width: 640px; height: 161px;\" data-original-width=\"640\" data-original-height=\"161\" > <div class=\"gallery-group images-1\" style=\"width: 214px; height: 161px;\" data-original-width=\"214\" data-original-height=\"161\" > <div class=\"tiled-gallery-item tiled-gallery-item-small\" itemprop=\"associatedMedia\" itemscope itemtype=\"http:\/\/schema.org\/ImageObject\"> <a href=\"https:\/\/suedkreislaeufer.de\/?attachment_id=11462\" border=\"0\" itemprop=\"url\"> <meta itemprop=\"width\" content=\"210\"> <meta itemprop=\"height\" content=\"157\"> <img decoding=\"async\" class=\"\" data-attachment-id=\"11462\" data-orig-file=\"https:\/\/suedkreislaeufer.de\/wp-content\/uploads\/2016\/02\/02_13-Brocken-Challenge-19.jpg\" data-orig-size=\"800,600\" data-comments-opened=\"1\" data-image-meta=\"{&quot;aperture&quot;:&quot;0&quot;,&quot;credit&quot;:&quot;&quot;,&quot;camera&quot;:&quot;&quot;,&quot;caption&quot;:&quot;&quot;,&quot;created_timestamp&quot;:&quot;0&quot;,&quot;copyright&quot;:&quot;&quot;,&quot;focal_length&quot;:&quot;0&quot;,&quot;iso&quot;:&quot;0&quot;,&quot;shutter_speed&quot;:&quot;0&quot;,&quot;title&quot;:&quot;&quot;,&quot;orientation&quot;:&quot;0&quot;}\" data-image-title=\"02_13 Brocken Challenge 19\" data-image-description=\"\" data-medium-file=\"https:\/\/i0.wp.com\/suedkreislaeufer.de\/wp-content\/uploads\/2016\/02\/02_13-Brocken-Challenge-19.jpg?fit=300%2C225&#038;ssl=1\" data-large-file=\"https:\/\/i0.wp.com\/suedkreislaeufer.de\/wp-content\/uploads\/2016\/02\/02_13-Brocken-Challenge-19.jpg?fit=640%2C480&#038;ssl=1\" src=\"https:\/\/i0.wp.com\/suedkreislaeufer.de\/wp-content\/uploads\/2016\/02\/02_13-Brocken-Challenge-19.jpg?w=210&#038;h=157&#038;ssl=1\" srcset=\"https:\/\/i0.wp.com\/suedkreislaeufer.de\/wp-content\/uploads\/2016\/02\/02_13-Brocken-Challenge-19.jpg?w=800&amp;ssl=1 800w, https:\/\/i0.wp.com\/suedkreislaeufer.de\/wp-content\/uploads\/2016\/02\/02_13-Brocken-Challenge-19.jpg?resize=300%2C225&amp;ssl=1 300w, https:\/\/i0.wp.com\/suedkreislaeufer.de\/wp-content\/uploads\/2016\/02\/02_13-Brocken-Challenge-19.jpg?resize=768%2C576&amp;ssl=1 768w\" width=\"210\" height=\"157\" loading=\"lazy\" data-original-width=\"210\" data-original-height=\"157\" itemprop=\"http:\/\/schema.org\/image\" title=\"02_13 Brocken Challenge 19\" alt=\"02_13 Brocken Challenge 19\" style=\"width: 210px; height: 157px;\" \/> <\/a> <\/div> <\/div> <!-- close group --> <div class=\"gallery-group images-1\" style=\"width: 213px; height: 161px;\" data-original-width=\"213\" data-original-height=\"161\" > <div class=\"tiled-gallery-item tiled-gallery-item-small\" itemprop=\"associatedMedia\" itemscope itemtype=\"http:\/\/schema.org\/ImageObject\"> <a href=\"https:\/\/suedkreislaeufer.de\/?attachment_id=11464\" border=\"0\" itemprop=\"url\"> <meta itemprop=\"width\" content=\"209\"> <meta itemprop=\"height\" content=\"157\"> <img decoding=\"async\" class=\"\" data-attachment-id=\"11464\" data-orig-file=\"https:\/\/suedkreislaeufer.de\/wp-content\/uploads\/2016\/02\/02_13-Brocken-Challenge-21.jpg\" data-orig-size=\"800,600\" data-comments-opened=\"1\" data-image-meta=\"{&quot;aperture&quot;:&quot;0&quot;,&quot;credit&quot;:&quot;&quot;,&quot;camera&quot;:&quot;&quot;,&quot;caption&quot;:&quot;&quot;,&quot;created_timestamp&quot;:&quot;0&quot;,&quot;copyright&quot;:&quot;&quot;,&quot;focal_length&quot;:&quot;0&quot;,&quot;iso&quot;:&quot;0&quot;,&quot;shutter_speed&quot;:&quot;0&quot;,&quot;title&quot;:&quot;&quot;,&quot;orientation&quot;:&quot;0&quot;}\" data-image-title=\"02_13 Brocken Challenge 21\" data-image-description=\"\" data-medium-file=\"https:\/\/i0.wp.com\/suedkreislaeufer.de\/wp-content\/uploads\/2016\/02\/02_13-Brocken-Challenge-21.jpg?fit=300%2C225&#038;ssl=1\" data-large-file=\"https:\/\/i0.wp.com\/suedkreislaeufer.de\/wp-content\/uploads\/2016\/02\/02_13-Brocken-Challenge-21.jpg?fit=640%2C480&#038;ssl=1\" src=\"https:\/\/i0.wp.com\/suedkreislaeufer.de\/wp-content\/uploads\/2016\/02\/02_13-Brocken-Challenge-21.jpg?w=209&#038;h=157&#038;ssl=1\" srcset=\"https:\/\/i0.wp.com\/suedkreislaeufer.de\/wp-content\/uploads\/2016\/02\/02_13-Brocken-Challenge-21.jpg?w=800&amp;ssl=1 800w, https:\/\/i0.wp.com\/suedkreislaeufer.de\/wp-content\/uploads\/2016\/02\/02_13-Brocken-Challenge-21.jpg?resize=300%2C225&amp;ssl=1 300w, https:\/\/i0.wp.com\/suedkreislaeufer.de\/wp-content\/uploads\/2016\/02\/02_13-Brocken-Challenge-21.jpg?resize=768%2C576&amp;ssl=1 768w\" width=\"209\" height=\"157\" loading=\"lazy\" data-original-width=\"209\" data-original-height=\"157\" itemprop=\"http:\/\/schema.org\/image\" title=\"02_13 Brocken Challenge 21\" alt=\"02_13 Brocken Challenge 21\" style=\"width: 209px; height: 157px;\" \/> <\/a> <\/div> <\/div> <!-- close group --> <div class=\"gallery-group images-1\" style=\"width: 213px; height: 161px;\" data-original-width=\"213\" data-original-height=\"161\" > <div class=\"tiled-gallery-item tiled-gallery-item-small\" itemprop=\"associatedMedia\" itemscope itemtype=\"http:\/\/schema.org\/ImageObject\"> <a href=\"https:\/\/suedkreislaeufer.de\/?attachment_id=11461\" border=\"0\" itemprop=\"url\"> <meta itemprop=\"width\" content=\"209\"> <meta itemprop=\"height\" content=\"157\"> <img decoding=\"async\" class=\"\" data-attachment-id=\"11461\" data-orig-file=\"https:\/\/suedkreislaeufer.de\/wp-content\/uploads\/2016\/02\/02_13-Brocken-Challenge-18.jpg\" data-orig-size=\"800,600\" data-comments-opened=\"1\" data-image-meta=\"{&quot;aperture&quot;:&quot;0&quot;,&quot;credit&quot;:&quot;&quot;,&quot;camera&quot;:&quot;&quot;,&quot;caption&quot;:&quot;&quot;,&quot;created_timestamp&quot;:&quot;0&quot;,&quot;copyright&quot;:&quot;&quot;,&quot;focal_length&quot;:&quot;0&quot;,&quot;iso&quot;:&quot;0&quot;,&quot;shutter_speed&quot;:&quot;0&quot;,&quot;title&quot;:&quot;&quot;,&quot;orientation&quot;:&quot;0&quot;}\" data-image-title=\"02_13 Brocken Challenge 18\" data-image-description=\"\" data-medium-file=\"https:\/\/i0.wp.com\/suedkreislaeufer.de\/wp-content\/uploads\/2016\/02\/02_13-Brocken-Challenge-18.jpg?fit=300%2C225&#038;ssl=1\" data-large-file=\"https:\/\/i0.wp.com\/suedkreislaeufer.de\/wp-content\/uploads\/2016\/02\/02_13-Brocken-Challenge-18.jpg?fit=640%2C480&#038;ssl=1\" src=\"https:\/\/i0.wp.com\/suedkreislaeufer.de\/wp-content\/uploads\/2016\/02\/02_13-Brocken-Challenge-18.jpg?w=209&#038;h=157&#038;ssl=1\" srcset=\"https:\/\/i0.wp.com\/suedkreislaeufer.de\/wp-content\/uploads\/2016\/02\/02_13-Brocken-Challenge-18.jpg?w=800&amp;ssl=1 800w, https:\/\/i0.wp.com\/suedkreislaeufer.de\/wp-content\/uploads\/2016\/02\/02_13-Brocken-Challenge-18.jpg?resize=300%2C225&amp;ssl=1 300w, https:\/\/i0.wp.com\/suedkreislaeufer.de\/wp-content\/uploads\/2016\/02\/02_13-Brocken-Challenge-18.jpg?resize=768%2C576&amp;ssl=1 768w\" width=\"209\" height=\"157\" loading=\"lazy\" data-original-width=\"209\" data-original-height=\"157\" itemprop=\"http:\/\/schema.org\/image\" title=\"02_13 Brocken Challenge 18\" alt=\"02_13 Brocken Challenge 18\" style=\"width: 209px; height: 157px;\" \/> <\/a> <\/div> <\/div> <!-- close group --> <\/div> <!-- close row --> <div class=\"gallery-row\" style=\"width: 640px; height: 351px;\" data-original-width=\"640\" data-original-height=\"351\" > <div class=\"gallery-group images-1\" style=\"width: 467px; height: 351px;\" data-original-width=\"467\" data-original-height=\"351\" > <div class=\"tiled-gallery-item tiled-gallery-item-large\" itemprop=\"associatedMedia\" itemscope itemtype=\"http:\/\/schema.org\/ImageObject\"> <a href=\"https:\/\/suedkreislaeufer.de\/?attachment_id=11463\" border=\"0\" itemprop=\"url\"> <meta itemprop=\"width\" content=\"463\"> <meta itemprop=\"height\" content=\"347\"> <img decoding=\"async\" class=\"\" data-attachment-id=\"11463\" data-orig-file=\"https:\/\/suedkreislaeufer.de\/wp-content\/uploads\/2016\/02\/02_13-Brocken-Challenge-20.jpg\" data-orig-size=\"800,600\" data-comments-opened=\"1\" data-image-meta=\"{&quot;aperture&quot;:&quot;0&quot;,&quot;credit&quot;:&quot;&quot;,&quot;camera&quot;:&quot;&quot;,&quot;caption&quot;:&quot;&quot;,&quot;created_timestamp&quot;:&quot;0&quot;,&quot;copyright&quot;:&quot;&quot;,&quot;focal_length&quot;:&quot;0&quot;,&quot;iso&quot;:&quot;0&quot;,&quot;shutter_speed&quot;:&quot;0&quot;,&quot;title&quot;:&quot;&quot;,&quot;orientation&quot;:&quot;0&quot;}\" data-image-title=\"02_13 Brocken Challenge 20\" data-image-description=\"\" data-medium-file=\"https:\/\/i0.wp.com\/suedkreislaeufer.de\/wp-content\/uploads\/2016\/02\/02_13-Brocken-Challenge-20.jpg?fit=300%2C225&#038;ssl=1\" data-large-file=\"https:\/\/i0.wp.com\/suedkreislaeufer.de\/wp-content\/uploads\/2016\/02\/02_13-Brocken-Challenge-20.jpg?fit=640%2C480&#038;ssl=1\" src=\"https:\/\/i0.wp.com\/suedkreislaeufer.de\/wp-content\/uploads\/2016\/02\/02_13-Brocken-Challenge-20.jpg?w=463&#038;h=347&#038;ssl=1\" srcset=\"https:\/\/i0.wp.com\/suedkreislaeufer.de\/wp-content\/uploads\/2016\/02\/02_13-Brocken-Challenge-20.jpg?w=800&amp;ssl=1 800w, https:\/\/i0.wp.com\/suedkreislaeufer.de\/wp-content\/uploads\/2016\/02\/02_13-Brocken-Challenge-20.jpg?resize=300%2C225&amp;ssl=1 300w, https:\/\/i0.wp.com\/suedkreislaeufer.de\/wp-content\/uploads\/2016\/02\/02_13-Brocken-Challenge-20.jpg?resize=768%2C576&amp;ssl=1 768w\" width=\"463\" height=\"347\" loading=\"lazy\" data-original-width=\"463\" data-original-height=\"347\" itemprop=\"http:\/\/schema.org\/image\" title=\"02_13 Brocken Challenge 20\" alt=\"02_13 Brocken Challenge 20\" style=\"width: 463px; height: 347px;\" \/> <\/a> <\/div> <\/div> <!-- close group --> <div class=\"gallery-group images-2\" style=\"width: 173px; height: 351px;\" data-original-width=\"173\" data-original-height=\"351\" > <div class=\"tiled-gallery-item tiled-gallery-item-small\" itemprop=\"associatedMedia\" itemscope itemtype=\"http:\/\/schema.org\/ImageObject\"> <a href=\"https:\/\/suedkreislaeufer.de\/?attachment_id=11478\" border=\"0\" itemprop=\"url\"> <meta itemprop=\"width\" content=\"169\"> <meta itemprop=\"height\" content=\"164\"> <img decoding=\"async\" class=\"\" data-attachment-id=\"11478\" data-orig-file=\"https:\/\/suedkreislaeufer.de\/wp-content\/uploads\/2016\/02\/02_14-Bc-01.jpg\" data-orig-size=\"800,775\" data-comments-opened=\"1\" data-image-meta=\"{&quot;aperture&quot;:&quot;0&quot;,&quot;credit&quot;:&quot;&quot;,&quot;camera&quot;:&quot;&quot;,&quot;caption&quot;:&quot;&quot;,&quot;created_timestamp&quot;:&quot;0&quot;,&quot;copyright&quot;:&quot;&quot;,&quot;focal_length&quot;:&quot;0&quot;,&quot;iso&quot;:&quot;0&quot;,&quot;shutter_speed&quot;:&quot;0&quot;,&quot;title&quot;:&quot;&quot;,&quot;orientation&quot;:&quot;0&quot;}\" data-image-title=\"02_14 Bc 01\" data-image-description=\"\" data-medium-file=\"https:\/\/i0.wp.com\/suedkreislaeufer.de\/wp-content\/uploads\/2016\/02\/02_14-Bc-01.jpg?fit=300%2C291&#038;ssl=1\" data-large-file=\"https:\/\/i0.wp.com\/suedkreislaeufer.de\/wp-content\/uploads\/2016\/02\/02_14-Bc-01.jpg?fit=640%2C620&#038;ssl=1\" src=\"https:\/\/i0.wp.com\/suedkreislaeufer.de\/wp-content\/uploads\/2016\/02\/02_14-Bc-01.jpg?w=169&#038;h=164&#038;ssl=1\" srcset=\"https:\/\/i0.wp.com\/suedkreislaeufer.de\/wp-content\/uploads\/2016\/02\/02_14-Bc-01.jpg?w=800&amp;ssl=1 800w, https:\/\/i0.wp.com\/suedkreislaeufer.de\/wp-content\/uploads\/2016\/02\/02_14-Bc-01.jpg?resize=300%2C291&amp;ssl=1 300w, https:\/\/i0.wp.com\/suedkreislaeufer.de\/wp-content\/uploads\/2016\/02\/02_14-Bc-01.jpg?resize=768%2C744&amp;ssl=1 768w\" width=\"169\" height=\"164\" loading=\"lazy\" data-original-width=\"169\" data-original-height=\"164\" itemprop=\"http:\/\/schema.org\/image\" title=\"02_14 Bc 01\" alt=\"02_14 Bc 01\" style=\"width: 169px; height: 164px;\" \/> <\/a> <\/div> <div class=\"tiled-gallery-item tiled-gallery-item-small\" itemprop=\"associatedMedia\" itemscope itemtype=\"http:\/\/schema.org\/ImageObject\"> <a href=\"https:\/\/suedkreislaeufer.de\/?attachment_id=11479\" border=\"0\" itemprop=\"url\"> <meta itemprop=\"width\" content=\"169\"> <meta itemprop=\"height\" content=\"179\"> <img decoding=\"async\" class=\"\" data-attachment-id=\"11479\" data-orig-file=\"https:\/\/suedkreislaeufer.de\/wp-content\/uploads\/2016\/02\/02_14-Bc-03.jpg\" data-orig-size=\"800,850\" data-comments-opened=\"1\" data-image-meta=\"{&quot;aperture&quot;:&quot;0&quot;,&quot;credit&quot;:&quot;&quot;,&quot;camera&quot;:&quot;&quot;,&quot;caption&quot;:&quot;&quot;,&quot;created_timestamp&quot;:&quot;0&quot;,&quot;copyright&quot;:&quot;&quot;,&quot;focal_length&quot;:&quot;0&quot;,&quot;iso&quot;:&quot;0&quot;,&quot;shutter_speed&quot;:&quot;0&quot;,&quot;title&quot;:&quot;&quot;,&quot;orientation&quot;:&quot;0&quot;}\" data-image-title=\"02_14 Bc 03\" data-image-description=\"\" data-medium-file=\"https:\/\/i0.wp.com\/suedkreislaeufer.de\/wp-content\/uploads\/2016\/02\/02_14-Bc-03.jpg?fit=282%2C300&#038;ssl=1\" data-large-file=\"https:\/\/i0.wp.com\/suedkreislaeufer.de\/wp-content\/uploads\/2016\/02\/02_14-Bc-03.jpg?fit=640%2C680&#038;ssl=1\" src=\"https:\/\/i0.wp.com\/suedkreislaeufer.de\/wp-content\/uploads\/2016\/02\/02_14-Bc-03.jpg?w=169&#038;h=179&#038;ssl=1\" srcset=\"https:\/\/i0.wp.com\/suedkreislaeufer.de\/wp-content\/uploads\/2016\/02\/02_14-Bc-03.jpg?w=800&amp;ssl=1 800w, https:\/\/i0.wp.com\/suedkreislaeufer.de\/wp-content\/uploads\/2016\/02\/02_14-Bc-03.jpg?resize=282%2C300&amp;ssl=1 282w, https:\/\/i0.wp.com\/suedkreislaeufer.de\/wp-content\/uploads\/2016\/02\/02_14-Bc-03.jpg?resize=768%2C816&amp;ssl=1 768w\" width=\"169\" height=\"179\" loading=\"lazy\" data-original-width=\"169\" data-original-height=\"179\" itemprop=\"http:\/\/schema.org\/image\" title=\"02_14 Bc 03\" alt=\"02_14 Bc 03\" style=\"width: 169px; height: 179px;\" \/> <\/a> <\/div> <\/div> <!-- close group --> <\/div> <!-- close row --> <div class=\"gallery-row\" style=\"width: 640px; height: 863px;\" data-original-width=\"640\" data-original-height=\"863\" > <div class=\"gallery-group images-1\" style=\"width: 640px; height: 863px;\" data-original-width=\"640\" data-original-height=\"863\" > <div class=\"tiled-gallery-item tiled-gallery-item-large\" itemprop=\"associatedMedia\" itemscope itemtype=\"http:\/\/schema.org\/ImageObject\"> <a href=\"https:\/\/suedkreislaeufer.de\/?attachment_id=11480\" border=\"0\" itemprop=\"url\"> <meta itemprop=\"width\" content=\"636\"> <meta itemprop=\"height\" content=\"859\"> <img decoding=\"async\" class=\"\" data-attachment-id=\"11480\" data-orig-file=\"https:\/\/suedkreislaeufer.de\/wp-content\/uploads\/2016\/02\/02_14-Bc-04.jpg\" data-orig-size=\"592,800\" data-comments-opened=\"1\" data-image-meta=\"{&quot;aperture&quot;:&quot;0&quot;,&quot;credit&quot;:&quot;&quot;,&quot;camera&quot;:&quot;&quot;,&quot;caption&quot;:&quot;&quot;,&quot;created_timestamp&quot;:&quot;0&quot;,&quot;copyright&quot;:&quot;&quot;,&quot;focal_length&quot;:&quot;0&quot;,&quot;iso&quot;:&quot;0&quot;,&quot;shutter_speed&quot;:&quot;0&quot;,&quot;title&quot;:&quot;&quot;,&quot;orientation&quot;:&quot;0&quot;}\" data-image-title=\"02_14 Bc 04\" data-image-description=\"\" data-medium-file=\"https:\/\/i0.wp.com\/suedkreislaeufer.de\/wp-content\/uploads\/2016\/02\/02_14-Bc-04.jpg?fit=222%2C300&#038;ssl=1\" data-large-file=\"https:\/\/i0.wp.com\/suedkreislaeufer.de\/wp-content\/uploads\/2016\/02\/02_14-Bc-04.jpg?fit=592%2C800&#038;ssl=1\" src=\"https:\/\/i0.wp.com\/suedkreislaeufer.de\/wp-content\/uploads\/2016\/02\/02_14-Bc-04.jpg?w=636&#038;h=859&#038;ssl=1\" srcset=\"https:\/\/i0.wp.com\/suedkreislaeufer.de\/wp-content\/uploads\/2016\/02\/02_14-Bc-04.jpg?w=592&amp;ssl=1 592w, https:\/\/i0.wp.com\/suedkreislaeufer.de\/wp-content\/uploads\/2016\/02\/02_14-Bc-04.jpg?resize=222%2C300&amp;ssl=1 222w\" width=\"636\" height=\"859\" loading=\"lazy\" data-original-width=\"636\" data-original-height=\"859\" itemprop=\"http:\/\/schema.org\/image\" title=\"02_14 Bc 04\" alt=\"02_14 Bc 04\" style=\"width: 636px; height: 859px;\" \/> <\/a> <\/div> <\/div> <!-- close group --> <\/div> <!-- close row --> <\/div>\n<p>Danke auch an Hansi f\u00fcr die Bilder von Unterwegs, ich war diesmal nicht so Fotofreudig \ud83d\ude42<\/p>\n<p align=\"justify\"><iframe loading=\"lazy\" src=\"https:\/\/connect.garmin.com\/activity\/embed\/1049971589\" width=\"465\" height=\"500\" frameborder=\"0\"><\/iframe><\/p>\n","protected":false},"excerpt":{"rendered":"<p>\u201cDer Harz, unendliche Weiten. Wir schreiben das Jahr 2016. Dies sind die Abenteuer des Raumschiffs BC2016, das mit seiner 250 Mann starken Besatzung seit 13 Jahren unterwegs ist, um fremde Waldgalaxien zu erforschen, neues Leben und neue Zivilisationen zu f\u00f6rdern. &hellip; <a href=\"https:\/\/suedkreislaeufer.de\/?p=11452\">Weiterlesen <span class=\"meta-nav\">&rarr;<\/span><\/a><\/p>\n","protected":false},"author":1,"featured_media":0,"comment_status":"open","ping_status":"open","sticky":false,"template":"","format":"standard","meta":{"jetpack_post_was_ever_published":false,"_jetpack_newsletter_access":"","_jetpack_dont_email_post_to_subs":false,"_jetpack_newsletter_tier_id":0,"_jetpack_memberships_contains_paywalled_content":false,"_jetpack_memberships_contains_paid_content":false,"footnotes":"","jetpack_publicize_message":"","jetpack_publicize_feature_enabled":true,"jetpack_social_post_already_shared":true,"jetpack_social_options":{"image_generator_settings":{"template":"highway","default_image_id":0,"font":"","enabled":false},"version":2}},"categories":[233,5,9,10],"tags":[184,185,80],"class_list":["post-11452","post","type-post","status-publish","format-standard","hentry","category-index","category-laufberichte","category-veranstaltungen","category-wettkampfe","tag-bc","tag-brocken-challenge","tag-ultramarathon"],"jetpack_publicize_connections":[],"jetpack_featured_media_url":"","jetpack_shortlink":"https:\/\/wp.me\/p26jAY-2YI","jetpack_sharing_enabled":true,"jetpack_likes_enabled":false,"jetpack-related-posts":[{"id":9157,"url":"https:\/\/suedkreislaeufer.de\/?p=9157","url_meta":{"origin":11452,"position":0},"title":"12. Brocken Challenge&ndash;meine dritte","author":"Suedkreislaeufer","date":"15. Februar 2015","format":false,"excerpt":"Dezember 2014, ich bekomme die Best\u00e4tigung das ich auch in 2015 bei der Brocken Challenge dabei sein werde. Das freut mich sehr, ist es doch damit bereits die dritte Teilnahme an einen Lauf der einmalig ist. Zitat von der Webseite: \"das h\u00e4rteste Rennen des Nordens\" (NDR) \"die l\u00e4ngste Bio-Messe der\u2026","rel":"","context":"In &quot;Index&quot;","block_context":{"text":"Index","link":"https:\/\/suedkreislaeufer.de\/?cat=233"},"img":{"alt_text":"","src":"https:\/\/i0.wp.com\/suedkreislaeufer.de\/wp-content\/uploads\/2015\/02\/GOPR6737.jpg?resize=350%2C200","width":350,"height":200,"srcset":"https:\/\/i0.wp.com\/suedkreislaeufer.de\/wp-content\/uploads\/2015\/02\/GOPR6737.jpg?resize=350%2C200 1x, https:\/\/i0.wp.com\/suedkreislaeufer.de\/wp-content\/uploads\/2015\/02\/GOPR6737.jpg?resize=525%2C300 1.5x, https:\/\/i0.wp.com\/suedkreislaeufer.de\/wp-content\/uploads\/2015\/02\/GOPR6737.jpg?resize=700%2C400 2x"},"classes":[]},{"id":14084,"url":"https:\/\/suedkreislaeufer.de\/?p=14084","url_meta":{"origin":11452,"position":1},"title":"Brocken Challenge 2017 &#8211; Aschus letzte","author":"Suedkreislaeufer","date":"12. Februar 2017","format":false,"excerpt":"Meine, nun 5. Teilnahme bei der BC, war mal wieder eine echte Challenge. W\u00e4hrend die BC 2014 bis 2016, zumindest was das Wetter und den Zustand der Strecke betrifft, eher einfach war, hatte wir diesmal wieder das volle Programm an Nettigkeiten. Wie 2013, damals meine erste Challenge, hatte wir im\u2026","rel":"","context":"In &quot;Index&quot;","block_context":{"text":"Index","link":"https:\/\/suedkreislaeufer.de\/?cat=233"},"img":{"alt_text":"","src":"https:\/\/i0.wp.com\/suedkreislaeufer.de\/wp-content\/uploads\/2017\/02\/2017_02_10-17h07m15s-BC-2017.jpg?resize=350%2C200","width":350,"height":200,"srcset":"https:\/\/i0.wp.com\/suedkreislaeufer.de\/wp-content\/uploads\/2017\/02\/2017_02_10-17h07m15s-BC-2017.jpg?resize=350%2C200 1x, https:\/\/i0.wp.com\/suedkreislaeufer.de\/wp-content\/uploads\/2017\/02\/2017_02_10-17h07m15s-BC-2017.jpg?resize=525%2C300 1.5x, https:\/\/i0.wp.com\/suedkreislaeufer.de\/wp-content\/uploads\/2017\/02\/2017_02_10-17h07m15s-BC-2017.jpg?resize=700%2C400 2x"},"classes":[]},{"id":3802,"url":"https:\/\/suedkreislaeufer.de\/?p=3802","url_meta":{"origin":11452,"position":2},"title":"Brocken Challenge 2013","author":"Suedkreislaeufer","date":"31. Januar 2013","format":false,"excerpt":"\u201cDu bist nachgerutscht und kannst mit laufen\u201d, die Nachricht erreichte mich die Tage wie ein Paukenschlag. Endlich schaffe ich es an der Brocken Challenge teilzunehmen. Bisher hat es terminlich nie gepasst. Die Anmeldung f\u00fcr den Lauf war bereits im Dezember 2012 und bereits nach wenigen Minuten ausgebucht. Der Veranstalter hatte\u2026","rel":"","context":"In &quot;Index&quot;","block_context":{"text":"Index","link":"https:\/\/suedkreislaeufer.de\/?cat=233"},"img":{"alt_text":"","src":"https:\/\/i0.wp.com\/www.suedkreislaeufer.de\/bilder_upload\/3d2f636a1228_FB7C\/IMG_2354_Snapseed_thumb.jpg?resize=350%2C200","width":350,"height":200},"classes":[]},{"id":15935,"url":"https:\/\/suedkreislaeufer.de\/?p=15935","url_meta":{"origin":11452,"position":3},"title":"XVI. Brocken Challenge 2019","author":"Suedkreislaeufer","date":"10. Februar 2019","format":false,"excerpt":"Der zweite Ultra f\u00fcr mich in 2019, die Brocken Challenge. Was war das f\u00fcr ein Tag. Bei der Fahrt nach G\u00f6ttingen am Samstag in der Fr\u00fche werden wir auf der Autobahn noch von Regen begl\u00fcckt, der sich aber zum Gl\u00fcck dann den ganzen Tag zur\u00fcck hielt. Start war wie immer\u2026","rel":"","context":"In &quot;Index&quot;","block_context":{"text":"Index","link":"https:\/\/suedkreislaeufer.de\/?cat=233"},"img":{"alt_text":"","src":"https:\/\/i0.wp.com\/suedkreislaeufer.de\/wp-content\/uploads\/2019\/02\/2019-02-09-Brocken-Challenge-02.jpeg?resize=350%2C200","width":350,"height":200,"srcset":"https:\/\/i0.wp.com\/suedkreislaeufer.de\/wp-content\/uploads\/2019\/02\/2019-02-09-Brocken-Challenge-02.jpeg?resize=350%2C200 1x, https:\/\/i0.wp.com\/suedkreislaeufer.de\/wp-content\/uploads\/2019\/02\/2019-02-09-Brocken-Challenge-02.jpeg?resize=525%2C300 1.5x, https:\/\/i0.wp.com\/suedkreislaeufer.de\/wp-content\/uploads\/2019\/02\/2019-02-09-Brocken-Challenge-02.jpeg?resize=700%2C400 2x"},"classes":[]},{"id":16431,"url":"https:\/\/suedkreislaeufer.de\/?p=16431","url_meta":{"origin":11452,"position":4},"title":"Brocken Challenge 2020","author":"Suedkreislaeufer","date":"9. Februar 2020","format":false,"excerpt":"Es ist Donnerstagfr\u00fch, zwei Tage bis zur BC und ich hab Zahnschmerzen .... Na toll. Der Gang zum Zahnarzt brachte die Erkenntniss das es eventl. nur ein massive Zahnfleischentz\u00fcndung ist, das wird schon gehen. Freitagfr\u00fch, es ist ein wenig besser geworden und ich bin zuversichtlich das ich zur BC kann.\u2026","rel":"","context":"In &quot;Index&quot;","block_context":{"text":"Index","link":"https:\/\/suedkreislaeufer.de\/?cat=233"},"img":{"alt_text":"","src":"https:\/\/i0.wp.com\/suedkreislaeufer.de\/wp-content\/uploads\/2020\/02\/DJI_0568.jpg?resize=350%2C200","width":350,"height":200,"srcset":"https:\/\/i0.wp.com\/suedkreislaeufer.de\/wp-content\/uploads\/2020\/02\/DJI_0568.jpg?resize=350%2C200 1x, https:\/\/i0.wp.com\/suedkreislaeufer.de\/wp-content\/uploads\/2020\/02\/DJI_0568.jpg?resize=525%2C300 1.5x, https:\/\/i0.wp.com\/suedkreislaeufer.de\/wp-content\/uploads\/2020\/02\/DJI_0568.jpg?resize=700%2C400 2x"},"classes":[]},{"id":17660,"url":"https:\/\/suedkreislaeufer.de\/?p=17660","url_meta":{"origin":11452,"position":5},"title":"BC 2022 &#8211; REVERSE","author":"Suedkreislaeufer","date":"13. Februar 2022","format":false,"excerpt":"Am Samstag, den 12. Februar fand nach einen Jahr Pause erneut die Brocken Challenge statt. F\u00fcr mich war es dieses Jahr die 8. Teilnahme und sie war so ganz anders wie sonst. Lief man sonst von G\u00f6ttingen zum Brocken so liefen wir diesmal von Schierke \u00fcber den Brocken nach G\u00f6ttingen,\u2026","rel":"","context":"In &quot;Index&quot;","block_context":{"text":"Index","link":"https:\/\/suedkreislaeufer.de\/?cat=233"},"img":{"alt_text":"","src":"https:\/\/i0.wp.com\/suedkreislaeufer.de\/wp-content\/uploads\/2022\/02\/20220212_072601.jpg?resize=350%2C200","width":350,"height":200,"srcset":"https:\/\/i0.wp.com\/suedkreislaeufer.de\/wp-content\/uploads\/2022\/02\/20220212_072601.jpg?resize=350%2C200 1x, https:\/\/i0.wp.com\/suedkreislaeufer.de\/wp-content\/uploads\/2022\/02\/20220212_072601.jpg?resize=525%2C300 1.5x, https:\/\/i0.wp.com\/suedkreislaeufer.de\/wp-content\/uploads\/2022\/02\/20220212_072601.jpg?resize=700%2C400 2x"},"classes":[]}],"_links":{"self":[{"href":"https:\/\/suedkreislaeufer.de\/index.php?rest_route=\/wp\/v2\/posts\/11452","targetHints":{"allow":["GET"]}}],"collection":[{"href":"https:\/\/suedkreislaeufer.de\/index.php?rest_route=\/wp\/v2\/posts"}],"about":[{"href":"https:\/\/suedkreislaeufer.de\/index.php?rest_route=\/wp\/v2\/types\/post"}],"author":[{"embeddable":true,"href":"https:\/\/suedkreislaeufer.de\/index.php?rest_route=\/wp\/v2\/users\/1"}],"replies":[{"embeddable":true,"href":"https:\/\/suedkreislaeufer.de\/index.php?rest_route=%2Fwp%2Fv2%2Fcomments&post=11452"}],"version-history":[{"count":4,"href":"https:\/\/suedkreislaeufer.de\/index.php?rest_route=\/wp\/v2\/posts\/11452\/revisions"}],"predecessor-version":[{"id":11481,"href":"https:\/\/suedkreislaeufer.de\/index.php?rest_route=\/wp\/v2\/posts\/11452\/revisions\/11481"}],"wp:attachment":[{"href":"https:\/\/suedkreislaeufer.de\/index.php?rest_route=%2Fwp%2Fv2%2Fmedia&parent=11452"}],"wp:term":[{"taxonomy":"category","embeddable":true,"href":"https:\/\/suedkreislaeufer.de\/index.php?rest_route=%2Fwp%2Fv2%2Fcategories&post=11452"},{"taxonomy":"post_tag","embeddable":true,"href":"https:\/\/suedkreislaeufer.de\/index.php?rest_route=%2Fwp%2Fv2%2Ftags&post=11452"}],"curies":[{"name":"wp","href":"https:\/\/api.w.org\/{rel}","templated":true}]}}