{"id":13496,"date":"2016-09-12T16:25:14","date_gmt":"2016-09-12T16:25:14","guid":{"rendered":"http:\/\/suedkreislaeufer.de\/?p=13496"},"modified":"2016-09-18T17:14:25","modified_gmt":"2016-09-18T17:14:25","slug":"sehnde-wehrstedt","status":"publish","type":"post","link":"https:\/\/suedkreislaeufer.de\/?p=13496","title":{"rendered":"Sehnde &ndash;&gt; Wehrstedt"},"content":{"rendered":"<p align=\"justify\">Heute bringe ich Euch mal ein paar Bilder von meiner Feierabendtour mit. Von Sehnde f\u00fchrt mich mein Weg \u00fcber Hoheneggelsen, Bettrum, Grasdorf, Listringen und Heinde nach Hause. Klar, h\u00e4tte man auch direkt fahren k\u00f6nnen, muss man aber nicht <img data-recalc-dims=\"1\" decoding=\"async\" class=\"wlEmoticon wlEmoticon-smile\" style=\"border-style: none;\" src=\"https:\/\/i0.wp.com\/suedkreislaeufer.de\/wp-content\/uploads\/2016\/09\/wlEmoticon-smile-1.png?w=640&#038;ssl=1\" alt=\"Smiley\" \/><\/p>\n<div class=\"tiled-gallery type-rectangular tiled-gallery-unresized\" data-original-width=\"640\" data-carousel-extra='{&quot;blog_id&quot;:1,&quot;permalink&quot;:&quot;https:\\\/\\\/suedkreislaeufer.de\\\/?p=13496&quot;,&quot;likes_blog_id&quot;:31057968}' itemscope itemtype=\"http:\/\/schema.org\/ImageGallery\" > <div class=\"gallery-row\" style=\"width: 640px; height: 188px;\" data-original-width=\"640\" data-original-height=\"188\" > <div class=\"gallery-group images-1\" style=\"width: 249px; height: 188px;\" data-original-width=\"249\" data-original-height=\"188\" > <div class=\"tiled-gallery-item tiled-gallery-item-small\" itemprop=\"associatedMedia\" itemscope itemtype=\"http:\/\/schema.org\/ImageObject\"> <a href=\"https:\/\/suedkreislaeufer.de\/?attachment_id=13498\" border=\"0\" itemprop=\"url\"> <meta itemprop=\"width\" content=\"245\"> <meta itemprop=\"height\" content=\"184\"> <img decoding=\"async\" class=\"\" data-attachment-id=\"13498\" data-orig-file=\"https:\/\/suedkreislaeufer.de\/wp-content\/uploads\/2016\/09\/09_12-14h29m40s-Sehnde-Wehrstedt.jpg\" data-orig-size=\"1000,750\" data-comments-opened=\"1\" data-image-meta=\"{&quot;aperture&quot;:&quot;7.9&quot;,&quot;credit&quot;:&quot;&quot;,&quot;camera&quot;:&quot;EX-ZR1000&quot;,&quot;caption&quot;:&quot;&quot;,&quot;created_timestamp&quot;:&quot;1473690580&quot;,&quot;copyright&quot;:&quot;&quot;,&quot;focal_length&quot;:&quot;4.24&quot;,&quot;iso&quot;:&quot;80&quot;,&quot;shutter_speed&quot;:&quot;0.005&quot;,&quot;title&quot;:&quot;&quot;,&quot;orientation&quot;:&quot;1&quot;}\" data-image-title=\"09_12-14h29m40s-sehnde-wehrstedt\" data-image-description=\"\" data-medium-file=\"https:\/\/i0.wp.com\/suedkreislaeufer.de\/wp-content\/uploads\/2016\/09\/09_12-14h29m40s-Sehnde-Wehrstedt.jpg?fit=300%2C225&#038;ssl=1\" data-large-file=\"https:\/\/i0.wp.com\/suedkreislaeufer.de\/wp-content\/uploads\/2016\/09\/09_12-14h29m40s-Sehnde-Wehrstedt.jpg?fit=640%2C480&#038;ssl=1\" src=\"https:\/\/i0.wp.com\/suedkreislaeufer.de\/wp-content\/uploads\/2016\/09\/09_12-14h29m40s-Sehnde-Wehrstedt.jpg?w=245&#038;h=184&#038;ssl=1\" srcset=\"https:\/\/i0.wp.com\/suedkreislaeufer.de\/wp-content\/uploads\/2016\/09\/09_12-14h29m40s-Sehnde-Wehrstedt.jpg?w=1000&amp;ssl=1 1000w, https:\/\/i0.wp.com\/suedkreislaeufer.de\/wp-content\/uploads\/2016\/09\/09_12-14h29m40s-Sehnde-Wehrstedt.jpg?resize=300%2C225&amp;ssl=1 300w, https:\/\/i0.wp.com\/suedkreislaeufer.de\/wp-content\/uploads\/2016\/09\/09_12-14h29m40s-Sehnde-Wehrstedt.jpg?resize=768%2C576&amp;ssl=1 768w\" width=\"245\" height=\"184\" loading=\"lazy\" data-original-width=\"245\" data-original-height=\"184\" itemprop=\"http:\/\/schema.org\/image\" title=\"09_12-14h29m40s-sehnde-wehrstedt\" alt=\"Die Lange Gerade nach Sossmar\" style=\"width: 245px; height: 184px;\" \/> <\/a> <div class=\"tiled-gallery-caption\" itemprop=\"caption description\"> Die Lange Gerade nach Sossmar <\/div> <\/div> <\/div> <!-- close group --> <div class=\"gallery-group images-1\" style=\"width: 142px; height: 188px;\" data-original-width=\"142\" data-original-height=\"188\" > <div class=\"tiled-gallery-item tiled-gallery-item-small\" itemprop=\"associatedMedia\" itemscope itemtype=\"http:\/\/schema.org\/ImageObject\"> <a href=\"https:\/\/suedkreislaeufer.de\/?attachment_id=13499\" border=\"0\" itemprop=\"url\"> <meta itemprop=\"width\" content=\"138\"> <meta itemprop=\"height\" content=\"184\"> <img decoding=\"async\" class=\"\" data-attachment-id=\"13499\" data-orig-file=\"https:\/\/suedkreislaeufer.de\/wp-content\/uploads\/2016\/09\/09_12-15h00m44s-Sehnde-Wehrstedt-e1473697682563.jpg\" data-orig-size=\"750,999\" data-comments-opened=\"1\" data-image-meta=\"{&quot;aperture&quot;:&quot;7.9&quot;,&quot;credit&quot;:&quot;&quot;,&quot;camera&quot;:&quot;EX-ZR1000&quot;,&quot;caption&quot;:&quot;&quot;,&quot;created_timestamp&quot;:&quot;1473692444&quot;,&quot;copyright&quot;:&quot;&quot;,&quot;focal_length&quot;:&quot;4.24&quot;,&quot;iso&quot;:&quot;80&quot;,&quot;shutter_speed&quot;:&quot;0.005&quot;,&quot;title&quot;:&quot;&quot;,&quot;orientation&quot;:&quot;6&quot;}\" data-image-title=\"09_12-15h00m44s-sehnde-wehrstedt\" data-image-description=\"\" data-medium-file=\"https:\/\/i0.wp.com\/suedkreislaeufer.de\/wp-content\/uploads\/2016\/09\/09_12-15h00m44s-Sehnde-Wehrstedt-e1473697682563.jpg?fit=225%2C300&#038;ssl=1\" data-large-file=\"https:\/\/i0.wp.com\/suedkreislaeufer.de\/wp-content\/uploads\/2016\/09\/09_12-15h00m44s-Sehnde-Wehrstedt-e1473697682563.jpg?fit=640%2C852&#038;ssl=1\" src=\"https:\/\/i0.wp.com\/suedkreislaeufer.de\/wp-content\/uploads\/2016\/09\/09_12-15h00m44s-Sehnde-Wehrstedt-e1473697682563.jpg?w=138&#038;h=184&#038;ssl=1\" srcset=\"https:\/\/i0.wp.com\/suedkreislaeufer.de\/wp-content\/uploads\/2016\/09\/09_12-15h00m44s-Sehnde-Wehrstedt-e1473697682563.jpg?w=750&amp;ssl=1 750w, https:\/\/i0.wp.com\/suedkreislaeufer.de\/wp-content\/uploads\/2016\/09\/09_12-15h00m44s-Sehnde-Wehrstedt-e1473697682563.jpg?resize=225%2C300&amp;ssl=1 225w\" width=\"138\" height=\"184\" loading=\"lazy\" data-original-width=\"138\" data-original-height=\"184\" itemprop=\"http:\/\/schema.org\/image\" title=\"09_12-15h00m44s-sehnde-wehrstedt\" alt=\"Kleine Pause\" style=\"width: 138px; height: 184px;\" \/> <\/a> <div class=\"tiled-gallery-caption\" itemprop=\"caption description\"> Kleine Pause <\/div> <\/div> <\/div> <!-- close group --> <div class=\"gallery-group images-1\" style=\"width: 249px; height: 188px;\" data-original-width=\"249\" data-original-height=\"188\" > <div class=\"tiled-gallery-item tiled-gallery-item-small\" itemprop=\"associatedMedia\" itemscope itemtype=\"http:\/\/schema.org\/ImageObject\"> <a href=\"https:\/\/suedkreislaeufer.de\/?attachment_id=13500\" border=\"0\" itemprop=\"url\"> <meta itemprop=\"width\" content=\"245\"> <meta itemprop=\"height\" content=\"184\"> <img decoding=\"async\" class=\"\" data-attachment-id=\"13500\" data-orig-file=\"https:\/\/suedkreislaeufer.de\/wp-content\/uploads\/2016\/09\/09_12-15h34m18s-Sehnde-Wehrstedt-1.jpg\" data-orig-size=\"1000,750\" data-comments-opened=\"1\" data-image-meta=\"{&quot;aperture&quot;:&quot;5.8&quot;,&quot;credit&quot;:&quot;&quot;,&quot;camera&quot;:&quot;EX-ZR1000&quot;,&quot;caption&quot;:&quot;&quot;,&quot;created_timestamp&quot;:&quot;0&quot;,&quot;copyright&quot;:&quot;&quot;,&quot;focal_length&quot;:&quot;29.39&quot;,&quot;iso&quot;:&quot;125&quot;,&quot;shutter_speed&quot;:&quot;0.001&quot;,&quot;title&quot;:&quot;&quot;,&quot;orientation&quot;:&quot;1&quot;}\" data-image-title=\"09_12-15h34m18s-sehnde-wehrstedt-1\" data-image-description=\"\" data-medium-file=\"https:\/\/i0.wp.com\/suedkreislaeufer.de\/wp-content\/uploads\/2016\/09\/09_12-15h34m18s-Sehnde-Wehrstedt-1.jpg?fit=300%2C225&#038;ssl=1\" data-large-file=\"https:\/\/i0.wp.com\/suedkreislaeufer.de\/wp-content\/uploads\/2016\/09\/09_12-15h34m18s-Sehnde-Wehrstedt-1.jpg?fit=640%2C480&#038;ssl=1\" src=\"https:\/\/i0.wp.com\/suedkreislaeufer.de\/wp-content\/uploads\/2016\/09\/09_12-15h34m18s-Sehnde-Wehrstedt-1.jpg?w=245&#038;h=184&#038;ssl=1\" srcset=\"https:\/\/i0.wp.com\/suedkreislaeufer.de\/wp-content\/uploads\/2016\/09\/09_12-15h34m18s-Sehnde-Wehrstedt-1.jpg?w=1000&amp;ssl=1 1000w, https:\/\/i0.wp.com\/suedkreislaeufer.de\/wp-content\/uploads\/2016\/09\/09_12-15h34m18s-Sehnde-Wehrstedt-1.jpg?resize=300%2C225&amp;ssl=1 300w, https:\/\/i0.wp.com\/suedkreislaeufer.de\/wp-content\/uploads\/2016\/09\/09_12-15h34m18s-Sehnde-Wehrstedt-1.jpg?resize=768%2C576&amp;ssl=1 768w\" width=\"245\" height=\"184\" loading=\"lazy\" data-original-width=\"245\" data-original-height=\"184\" itemprop=\"http:\/\/schema.org\/image\" title=\"09_12-15h34m18s-sehnde-wehrstedt-1\" alt=\"Derneburg\" style=\"width: 245px; height: 184px;\" \/> <\/a> <div class=\"tiled-gallery-caption\" itemprop=\"caption description\"> Derneburg <\/div> <\/div> <\/div> <!-- close group --> <\/div> <!-- close row --> <div class=\"gallery-row\" style=\"width: 640px; height: 135px;\" data-original-width=\"640\" data-original-height=\"135\" > <div class=\"gallery-group images-1\" style=\"width: 179px; height: 135px;\" data-original-width=\"179\" data-original-height=\"135\" > <div class=\"tiled-gallery-item tiled-gallery-item-small\" itemprop=\"associatedMedia\" itemscope itemtype=\"http:\/\/schema.org\/ImageObject\"> <a href=\"https:\/\/suedkreislaeufer.de\/?attachment_id=13501\" border=\"0\" itemprop=\"url\"> <meta itemprop=\"width\" content=\"175\"> <meta itemprop=\"height\" content=\"131\"> <img decoding=\"async\" class=\"\" data-attachment-id=\"13501\" data-orig-file=\"https:\/\/suedkreislaeufer.de\/wp-content\/uploads\/2016\/09\/09_12-15h37m07s-Sehnde-Wehrstedt.jpg\" data-orig-size=\"1000,750\" data-comments-opened=\"1\" data-image-meta=\"{&quot;aperture&quot;:&quot;7.9&quot;,&quot;credit&quot;:&quot;&quot;,&quot;camera&quot;:&quot;EX-ZR1000&quot;,&quot;caption&quot;:&quot;&quot;,&quot;created_timestamp&quot;:&quot;1473694627&quot;,&quot;copyright&quot;:&quot;&quot;,&quot;focal_length&quot;:&quot;4.24&quot;,&quot;iso&quot;:&quot;80&quot;,&quot;shutter_speed&quot;:&quot;0.00625&quot;,&quot;title&quot;:&quot;&quot;,&quot;orientation&quot;:&quot;1&quot;}\" data-image-title=\"09_12-15h37m07s-sehnde-wehrstedt\" data-image-description=\"\" data-medium-file=\"https:\/\/i0.wp.com\/suedkreislaeufer.de\/wp-content\/uploads\/2016\/09\/09_12-15h37m07s-Sehnde-Wehrstedt.jpg?fit=300%2C225&#038;ssl=1\" data-large-file=\"https:\/\/i0.wp.com\/suedkreislaeufer.de\/wp-content\/uploads\/2016\/09\/09_12-15h37m07s-Sehnde-Wehrstedt.jpg?fit=640%2C480&#038;ssl=1\" src=\"https:\/\/i0.wp.com\/suedkreislaeufer.de\/wp-content\/uploads\/2016\/09\/09_12-15h37m07s-Sehnde-Wehrstedt.jpg?w=175&#038;h=131&#038;ssl=1\" srcset=\"https:\/\/i0.wp.com\/suedkreislaeufer.de\/wp-content\/uploads\/2016\/09\/09_12-15h37m07s-Sehnde-Wehrstedt.jpg?w=1000&amp;ssl=1 1000w, https:\/\/i0.wp.com\/suedkreislaeufer.de\/wp-content\/uploads\/2016\/09\/09_12-15h37m07s-Sehnde-Wehrstedt.jpg?resize=300%2C225&amp;ssl=1 300w, https:\/\/i0.wp.com\/suedkreislaeufer.de\/wp-content\/uploads\/2016\/09\/09_12-15h37m07s-Sehnde-Wehrstedt.jpg?resize=768%2C576&amp;ssl=1 768w\" width=\"175\" height=\"131\" loading=\"lazy\" data-original-width=\"175\" data-original-height=\"131\" itemprop=\"http:\/\/schema.org\/image\" title=\"09_12-15h37m07s-sehnde-wehrstedt\" alt=\"09_12-15h37m07s-sehnde-wehrstedt\" style=\"width: 175px; height: 131px;\" \/> <\/a> <\/div> <\/div> <!-- close group --> <div class=\"gallery-group images-1\" style=\"width: 103px; height: 135px;\" data-original-width=\"103\" data-original-height=\"135\" > <div class=\"tiled-gallery-item tiled-gallery-item-small\" itemprop=\"associatedMedia\" itemscope itemtype=\"http:\/\/schema.org\/ImageObject\"> <a href=\"https:\/\/suedkreislaeufer.de\/?attachment_id=13502\" border=\"0\" itemprop=\"url\"> <meta itemprop=\"width\" content=\"99\"> <meta itemprop=\"height\" content=\"131\"> <img decoding=\"async\" class=\"\" data-attachment-id=\"13502\" data-orig-file=\"https:\/\/suedkreislaeufer.de\/wp-content\/uploads\/2016\/09\/09_12-15h38m36s-Sehnde-Wehrstedt.jpg\" data-orig-size=\"750,1000\" data-comments-opened=\"1\" data-image-meta=\"{&quot;aperture&quot;:&quot;3&quot;,&quot;credit&quot;:&quot;&quot;,&quot;camera&quot;:&quot;EX-ZR1000&quot;,&quot;caption&quot;:&quot;&quot;,&quot;created_timestamp&quot;:&quot;0&quot;,&quot;copyright&quot;:&quot;&quot;,&quot;focal_length&quot;:&quot;4.24&quot;,&quot;iso&quot;:&quot;80&quot;,&quot;shutter_speed&quot;:&quot;0.0015625&quot;,&quot;title&quot;:&quot;&quot;,&quot;orientation&quot;:&quot;1&quot;}\" data-image-title=\"09_12-15h38m36s-sehnde-wehrstedt\" data-image-description=\"\" data-medium-file=\"https:\/\/i0.wp.com\/suedkreislaeufer.de\/wp-content\/uploads\/2016\/09\/09_12-15h38m36s-Sehnde-Wehrstedt.jpg?fit=225%2C300&#038;ssl=1\" data-large-file=\"https:\/\/i0.wp.com\/suedkreislaeufer.de\/wp-content\/uploads\/2016\/09\/09_12-15h38m36s-Sehnde-Wehrstedt.jpg?fit=640%2C853&#038;ssl=1\" src=\"https:\/\/i0.wp.com\/suedkreislaeufer.de\/wp-content\/uploads\/2016\/09\/09_12-15h38m36s-Sehnde-Wehrstedt.jpg?w=99&#038;h=131&#038;ssl=1\" srcset=\"https:\/\/i0.wp.com\/suedkreislaeufer.de\/wp-content\/uploads\/2016\/09\/09_12-15h38m36s-Sehnde-Wehrstedt.jpg?w=750&amp;ssl=1 750w, https:\/\/i0.wp.com\/suedkreislaeufer.de\/wp-content\/uploads\/2016\/09\/09_12-15h38m36s-Sehnde-Wehrstedt.jpg?resize=225%2C300&amp;ssl=1 225w\" width=\"99\" height=\"131\" loading=\"lazy\" data-original-width=\"99\" data-original-height=\"131\" itemprop=\"http:\/\/schema.org\/image\" title=\"09_12-15h38m36s-sehnde-wehrstedt\" alt=\"Radweg Astenbeck\" style=\"width: 99px; height: 131px;\" \/> <\/a> <div class=\"tiled-gallery-caption\" itemprop=\"caption description\"> Radweg Astenbeck <\/div> <\/div> <\/div> <!-- close group --> <div class=\"gallery-group images-1\" style=\"width: 179px; height: 135px;\" data-original-width=\"179\" data-original-height=\"135\" > <div class=\"tiled-gallery-item tiled-gallery-item-small\" itemprop=\"associatedMedia\" itemscope itemtype=\"http:\/\/schema.org\/ImageObject\"> <a href=\"https:\/\/suedkreislaeufer.de\/?attachment_id=13503\" border=\"0\" itemprop=\"url\"> <meta itemprop=\"width\" content=\"175\"> <meta itemprop=\"height\" content=\"131\"> <img decoding=\"async\" class=\"\" data-attachment-id=\"13503\" data-orig-file=\"https:\/\/suedkreislaeufer.de\/wp-content\/uploads\/2016\/09\/09_12-15h38m52s-Sehnde-Wehrstedt.jpg\" data-orig-size=\"1000,750\" data-comments-opened=\"1\" data-image-meta=\"{&quot;aperture&quot;:&quot;7.9&quot;,&quot;credit&quot;:&quot;&quot;,&quot;camera&quot;:&quot;EX-ZR1000&quot;,&quot;caption&quot;:&quot;&quot;,&quot;created_timestamp&quot;:&quot;0&quot;,&quot;copyright&quot;:&quot;&quot;,&quot;focal_length&quot;:&quot;4.24&quot;,&quot;iso&quot;:&quot;80&quot;,&quot;shutter_speed&quot;:&quot;0.004&quot;,&quot;title&quot;:&quot;&quot;,&quot;orientation&quot;:&quot;1&quot;}\" data-image-title=\"09_12-15h38m52s-sehnde-wehrstedt\" data-image-description=\"\" data-medium-file=\"https:\/\/i0.wp.com\/suedkreislaeufer.de\/wp-content\/uploads\/2016\/09\/09_12-15h38m52s-Sehnde-Wehrstedt.jpg?fit=300%2C225&#038;ssl=1\" data-large-file=\"https:\/\/i0.wp.com\/suedkreislaeufer.de\/wp-content\/uploads\/2016\/09\/09_12-15h38m52s-Sehnde-Wehrstedt.jpg?fit=640%2C480&#038;ssl=1\" src=\"https:\/\/i0.wp.com\/suedkreislaeufer.de\/wp-content\/uploads\/2016\/09\/09_12-15h38m52s-Sehnde-Wehrstedt.jpg?w=175&#038;h=131&#038;ssl=1\" srcset=\"https:\/\/i0.wp.com\/suedkreislaeufer.de\/wp-content\/uploads\/2016\/09\/09_12-15h38m52s-Sehnde-Wehrstedt.jpg?w=1000&amp;ssl=1 1000w, https:\/\/i0.wp.com\/suedkreislaeufer.de\/wp-content\/uploads\/2016\/09\/09_12-15h38m52s-Sehnde-Wehrstedt.jpg?resize=300%2C225&amp;ssl=1 300w, https:\/\/i0.wp.com\/suedkreislaeufer.de\/wp-content\/uploads\/2016\/09\/09_12-15h38m52s-Sehnde-Wehrstedt.jpg?resize=768%2C576&amp;ssl=1 768w\" width=\"175\" height=\"131\" loading=\"lazy\" data-original-width=\"175\" data-original-height=\"131\" itemprop=\"http:\/\/schema.org\/image\" title=\"09_12-15h38m52s-sehnde-wehrstedt\" alt=\"09_12-15h38m52s-sehnde-wehrstedt\" style=\"width: 175px; height: 131px;\" \/> <\/a> <\/div> <\/div> <!-- close group --> <div class=\"gallery-group images-1\" style=\"width: 179px; height: 135px;\" data-original-width=\"179\" data-original-height=\"135\" > <div class=\"tiled-gallery-item tiled-gallery-item-small\" itemprop=\"associatedMedia\" itemscope itemtype=\"http:\/\/schema.org\/ImageObject\"> <a href=\"https:\/\/suedkreislaeufer.de\/?attachment_id=13504\" border=\"0\" itemprop=\"url\"> <meta itemprop=\"width\" content=\"175\"> <meta itemprop=\"height\" content=\"131\"> <img decoding=\"async\" class=\"\" data-attachment-id=\"13504\" data-orig-file=\"https:\/\/suedkreislaeufer.de\/wp-content\/uploads\/2016\/09\/09_12-15h39m39s-Sehnde-Wehrstedt.jpg\" data-orig-size=\"1000,750\" data-comments-opened=\"1\" data-image-meta=\"{&quot;aperture&quot;:&quot;7.9&quot;,&quot;credit&quot;:&quot;&quot;,&quot;camera&quot;:&quot;EX-ZR1000&quot;,&quot;caption&quot;:&quot;&quot;,&quot;created_timestamp&quot;:&quot;0&quot;,&quot;copyright&quot;:&quot;&quot;,&quot;focal_length&quot;:&quot;4.24&quot;,&quot;iso&quot;:&quot;80&quot;,&quot;shutter_speed&quot;:&quot;0.0015625&quot;,&quot;title&quot;:&quot;&quot;,&quot;orientation&quot;:&quot;1&quot;}\" data-image-title=\"09_12-15h39m39s-sehnde-wehrstedt\" data-image-description=\"\" data-medium-file=\"https:\/\/i0.wp.com\/suedkreislaeufer.de\/wp-content\/uploads\/2016\/09\/09_12-15h39m39s-Sehnde-Wehrstedt.jpg?fit=300%2C225&#038;ssl=1\" data-large-file=\"https:\/\/i0.wp.com\/suedkreislaeufer.de\/wp-content\/uploads\/2016\/09\/09_12-15h39m39s-Sehnde-Wehrstedt.jpg?fit=640%2C480&#038;ssl=1\" src=\"https:\/\/i0.wp.com\/suedkreislaeufer.de\/wp-content\/uploads\/2016\/09\/09_12-15h39m39s-Sehnde-Wehrstedt.jpg?w=175&#038;h=131&#038;ssl=1\" srcset=\"https:\/\/i0.wp.com\/suedkreislaeufer.de\/wp-content\/uploads\/2016\/09\/09_12-15h39m39s-Sehnde-Wehrstedt.jpg?w=1000&amp;ssl=1 1000w, https:\/\/i0.wp.com\/suedkreislaeufer.de\/wp-content\/uploads\/2016\/09\/09_12-15h39m39s-Sehnde-Wehrstedt.jpg?resize=300%2C225&amp;ssl=1 300w, https:\/\/i0.wp.com\/suedkreislaeufer.de\/wp-content\/uploads\/2016\/09\/09_12-15h39m39s-Sehnde-Wehrstedt.jpg?resize=768%2C576&amp;ssl=1 768w\" width=\"175\" height=\"131\" loading=\"lazy\" data-original-width=\"175\" data-original-height=\"131\" itemprop=\"http:\/\/schema.org\/image\" title=\"09_12-15h39m39s-sehnde-wehrstedt\" alt=\"Heimatliche Gefilde\" style=\"width: 175px; height: 131px;\" \/> <\/a> <div class=\"tiled-gallery-caption\" itemprop=\"caption description\"> Heimatliche Gefilde <\/div> <\/div> <\/div> <!-- close group --> <\/div> <!-- close row --> <\/div>\n<p align=\"justify\"><iframe loading=\"lazy\" title=\"Sehnde --&gt; Wehrstedt\" src=\"https:\/\/connect.garmin.com\/modern\/activity\/embed\/1356509666\" width=\"465\" height=\"500\" frameborder=\"0\"><\/iframe><\/p>\n","protected":false},"excerpt":{"rendered":"<p>Heute bringe ich Euch mal ein paar Bilder von meiner Feierabendtour mit. Von Sehnde f\u00fchrt mich mein Weg \u00fcber Hoheneggelsen, Bettrum, Grasdorf, Listringen und Heinde nach Hause. Klar, h\u00e4tte man auch direkt fahren k\u00f6nnen, muss man aber nicht<\/p>\n","protected":false},"author":1,"featured_media":0,"comment_status":"open","ping_status":"open","sticky":false,"template":"","format":"standard","meta":{"jetpack_post_was_ever_published":false,"_jetpack_newsletter_access":"","_jetpack_dont_email_post_to_subs":true,"_jetpack_newsletter_tier_id":0,"_jetpack_memberships_contains_paywalled_content":false,"_jetpack_memberships_contains_paid_content":false,"footnotes":"","jetpack_publicize_message":"","jetpack_publicize_feature_enabled":true,"jetpack_social_post_already_shared":true,"jetpack_social_options":{"image_generator_settings":{"template":"highway","default_image_id":0,"font":"","enabled":false},"version":2}},"categories":[406,233,398],"tags":[399,400,138],"class_list":["post-13496","post","type-post","status-publish","format-standard","hentry","category-biken","category-index","category-rennrad","tag-merida","tag-rennrad","tag-sehnde"],"jetpack_publicize_connections":[],"jetpack_featured_media_url":"","jetpack_shortlink":"https:\/\/wp.me\/p26jAY-3vG","jetpack_sharing_enabled":true,"jetpack_likes_enabled":false,"jetpack-related-posts":[{"id":13000,"url":"https:\/\/suedkreislaeufer.de\/?p=13000","url_meta":{"origin":13496,"position":0},"title":"Homerun Sehnde","author":"Suedkreislaeufer","date":"24. Mai 2016","format":false,"excerpt":"Was f\u00fcr ein Tag, bis Mittag hat es fast durchgehend geregnet und ich hatte schon \u00fcberlegt meinen geplanten Homerun nicht zu laufen. Aber zum Nachmittag hin wurde es zumindest trocken und ich konnte meine Homerun von Sehnde aus am Kanal entlang starten, halt die gewohnte Strecke \u00fcber Hildesheim nach Hause.\u2026","rel":"","context":"In &quot;Index&quot;","block_context":{"text":"Index","link":"https:\/\/suedkreislaeufer.de\/?cat=233"},"img":{"alt_text":"","src":"https:\/\/i0.wp.com\/suedkreislaeufer.de\/wp-content\/uploads\/2016\/05\/05_24-Homerun-Sehnde-3.jpg?resize=350%2C200","width":350,"height":200,"srcset":"https:\/\/i0.wp.com\/suedkreislaeufer.de\/wp-content\/uploads\/2016\/05\/05_24-Homerun-Sehnde-3.jpg?resize=350%2C200 1x, https:\/\/i0.wp.com\/suedkreislaeufer.de\/wp-content\/uploads\/2016\/05\/05_24-Homerun-Sehnde-3.jpg?resize=525%2C300 1.5x, https:\/\/i0.wp.com\/suedkreislaeufer.de\/wp-content\/uploads\/2016\/05\/05_24-Homerun-Sehnde-3.jpg?resize=700%2C400 2x"},"classes":[]},{"id":10715,"url":"https:\/\/suedkreislaeufer.de\/?p=10715","url_meta":{"origin":13496,"position":1},"title":"Homerun Sehnde","author":"Suedkreislaeufer","date":"28. September 2015","format":false,"excerpt":"Ein Tag wie aus dem Bilderbuch, zumindest was das Wetter betrifft. Bis weit nach 10 Uhr war es recht nebelig und kalt. Dann war der Nebel pl\u00f6tzlich weg und die Sonne heizte noch mal richtig ein, naja was sie halt so im September\/Oktober heizen kann. Aber es war sch\u00f6n, optimal\u2026","rel":"","context":"In &quot;Index&quot;","block_context":{"text":"Index","link":"https:\/\/suedkreislaeufer.de\/?cat=233"},"img":{"alt_text":"","src":"https:\/\/i0.wp.com\/suedkreislaeufer.de\/wp-content\/uploads\/2015\/09\/CIMG0729.jpg?resize=350%2C200","width":350,"height":200,"srcset":"https:\/\/i0.wp.com\/suedkreislaeufer.de\/wp-content\/uploads\/2015\/09\/CIMG0729.jpg?resize=350%2C200 1x, https:\/\/i0.wp.com\/suedkreislaeufer.de\/wp-content\/uploads\/2015\/09\/CIMG0729.jpg?resize=525%2C300 1.5x, https:\/\/i0.wp.com\/suedkreislaeufer.de\/wp-content\/uploads\/2015\/09\/CIMG0729.jpg?resize=700%2C400 2x"},"classes":[]},{"id":14284,"url":"https:\/\/suedkreislaeufer.de\/?p=14284","url_meta":{"origin":13496,"position":2},"title":"Homerun Sehnde","author":"Suedkreislaeufer","date":"17. Mai 2017","format":false,"excerpt":"Hin und wieder, ab und zu, also, gelegentlich, manchmal, da laufe ich von Sehnde nach Hause. Genauer gesagt ab Schleuse Bolzum. Die Strecke f\u00fchrt fast \u201cTopfeben\u201d immer am Kanalegrande entlang bis zum Hildesheimer Hafen. Diese erste Etappe ist so ziemlich genau 15 km lang. Hier hat man meist noch Schatten\u2026","rel":"","context":"In &quot;Index&quot;","block_context":{"text":"Index","link":"https:\/\/suedkreislaeufer.de\/?cat=233"},"img":{"alt_text":"","src":"https:\/\/i0.wp.com\/suedkreislaeufer.de\/wp-content\/uploads\/2017\/05\/Foto-17.05.17-13-44-21.jpg?resize=350%2C200","width":350,"height":200,"srcset":"https:\/\/i0.wp.com\/suedkreislaeufer.de\/wp-content\/uploads\/2017\/05\/Foto-17.05.17-13-44-21.jpg?resize=350%2C200 1x, https:\/\/i0.wp.com\/suedkreislaeufer.de\/wp-content\/uploads\/2017\/05\/Foto-17.05.17-13-44-21.jpg?resize=525%2C300 1.5x, https:\/\/i0.wp.com\/suedkreislaeufer.de\/wp-content\/uploads\/2017\/05\/Foto-17.05.17-13-44-21.jpg?resize=700%2C400 2x"},"classes":[]},{"id":10098,"url":"https:\/\/suedkreislaeufer.de\/?p=10098","url_meta":{"origin":13496,"position":3},"title":"Homerun Sehnde","author":"Suedkreislaeufer","date":"12. Juni 2015","format":false,"excerpt":"36 Grad - Und es wird noch hei\u00dfer, Mach' den Beat nie wieder leiser. 36 Grad - Kein Ventilator, Das Leben kommt mir gar nicht hart vor. So singt 2Raumwohnung in Ihren Lied \u201c36 Grad\u201d und diese Zeilen ging mir heute bei meinem Homerun st\u00e4ndig durch den Kopf. Diese Temperatur\u2026","rel":"","context":"In &quot;Index&quot;","block_context":{"text":"Index","link":"https:\/\/suedkreislaeufer.de\/?cat=233"},"img":{"alt_text":"","src":"https:\/\/i0.wp.com\/suedkreislaeufer.de\/wp-content\/uploads\/2015\/06\/GOPR9052.jpg?resize=350%2C200","width":350,"height":200,"srcset":"https:\/\/i0.wp.com\/suedkreislaeufer.de\/wp-content\/uploads\/2015\/06\/GOPR9052.jpg?resize=350%2C200 1x, https:\/\/i0.wp.com\/suedkreislaeufer.de\/wp-content\/uploads\/2015\/06\/GOPR9052.jpg?resize=525%2C300 1.5x, https:\/\/i0.wp.com\/suedkreislaeufer.de\/wp-content\/uploads\/2015\/06\/GOPR9052.jpg?resize=700%2C400 2x"},"classes":[]},{"id":3360,"url":"https:\/\/suedkreislaeufer.de\/?p=3360","url_meta":{"origin":13496,"position":4},"title":"Homerun Sehnde","author":"Suedkreislaeufer","date":"8. August 2012","format":false,"excerpt":"Das war mal eine geniale Sache F\u00fcr mich ging es heute entlang des Stichkanals von Bolzum bis Marienburg. Urspr\u00fcnglich wollte ich noch ein wenig h\u00f6her anfangen zu laufen, aber durch die Bauarbeiten am Hebewerk in Bolzum sind die dortigen Wege am Kanal nicht mehr vorhanden. Am Kanal selber l\u00e4\u00dft es\u2026","rel":"","context":"In &quot;Index&quot;","block_context":{"text":"Index","link":"https:\/\/suedkreislaeufer.de\/?cat=233"},"img":{"alt_text":"IMG_3079","src":"https:\/\/i0.wp.com\/www.suedkreislaeufer.de\/bilder_upload\/Homerun-Sehnde_11343\/IMG_3079_thumb.jpg?resize=350%2C200","width":350,"height":200},"classes":[]},{"id":13314,"url":"https:\/\/suedkreislaeufer.de\/?p=13314","url_meta":{"origin":13496,"position":5},"title":"Ein Lebenszeichen &hellip;.","author":"Suedkreislaeufer","date":"6. August 2016","format":false,"excerpt":"\u2026 von mir. Seit unseren Urlaub hab ich Probleme mit meinen Schienbein gehabt. So wie es aussieht hatte ich ein Schienbeinkantensyndrom, vielleicht besser bekannt als \u201cShine splint\u201d. Wo ich das her habe ? Ich denke mal eine Kombination von vielen. Ich hab aber auch keine Lust weiter dr\u00fcber nachzudenken sondern\u2026","rel":"","context":"In &quot;Biken&quot;","block_context":{"text":"Biken","link":"https:\/\/suedkreislaeufer.de\/?cat=406"},"img":{"alt_text":"","src":"https:\/\/i0.wp.com\/suedkreislaeufer.de\/wp-content\/uploads\/2016\/08\/08_06-Cycle-Bettrum-05.jpg?resize=350%2C200","width":350,"height":200,"srcset":"https:\/\/i0.wp.com\/suedkreislaeufer.de\/wp-content\/uploads\/2016\/08\/08_06-Cycle-Bettrum-05.jpg?resize=350%2C200 1x, https:\/\/i0.wp.com\/suedkreislaeufer.de\/wp-content\/uploads\/2016\/08\/08_06-Cycle-Bettrum-05.jpg?resize=525%2C300 1.5x, https:\/\/i0.wp.com\/suedkreislaeufer.de\/wp-content\/uploads\/2016\/08\/08_06-Cycle-Bettrum-05.jpg?resize=700%2C400 2x"},"classes":[]}],"_links":{"self":[{"href":"https:\/\/suedkreislaeufer.de\/index.php?rest_route=\/wp\/v2\/posts\/13496","targetHints":{"allow":["GET"]}}],"collection":[{"href":"https:\/\/suedkreislaeufer.de\/index.php?rest_route=\/wp\/v2\/posts"}],"about":[{"href":"https:\/\/suedkreislaeufer.de\/index.php?rest_route=\/wp\/v2\/types\/post"}],"author":[{"embeddable":true,"href":"https:\/\/suedkreislaeufer.de\/index.php?rest_route=\/wp\/v2\/users\/1"}],"replies":[{"embeddable":true,"href":"https:\/\/suedkreislaeufer.de\/index.php?rest_route=%2Fwp%2Fv2%2Fcomments&post=13496"}],"version-history":[{"count":2,"href":"https:\/\/suedkreislaeufer.de\/index.php?rest_route=\/wp\/v2\/posts\/13496\/revisions"}],"predecessor-version":[{"id":13505,"href":"https:\/\/suedkreislaeufer.de\/index.php?rest_route=\/wp\/v2\/posts\/13496\/revisions\/13505"}],"wp:attachment":[{"href":"https:\/\/suedkreislaeufer.de\/index.php?rest_route=%2Fwp%2Fv2%2Fmedia&parent=13496"}],"wp:term":[{"taxonomy":"category","embeddable":true,"href":"https:\/\/suedkreislaeufer.de\/index.php?rest_route=%2Fwp%2Fv2%2Fcategories&post=13496"},{"taxonomy":"post_tag","embeddable":true,"href":"https:\/\/suedkreislaeufer.de\/index.php?rest_route=%2Fwp%2Fv2%2Ftags&post=13496"}],"curies":[{"name":"wp","href":"https:\/\/api.w.org\/{rel}","templated":true}]}}