{"id":13766,"date":"2016-12-07T02:11:45","date_gmt":"2016-12-07T02:11:45","guid":{"rendered":"http:\/\/suedkreislaeufer.de\/?p=13766"},"modified":"2017-01-04T09:59:43","modified_gmt":"2017-01-04T09:59:43","slug":"sumema-2017-starterliste","status":"publish","type":"post","link":"https:\/\/suedkreislaeufer.de\/?p=13766","title":{"rendered":"SuMeMa 2017 &#8211; Starterliste"},"content":{"rendered":"<table border=\"0\" width=\"500\" cellspacing=\"0\" cellpadding=\"0\">\n<tbody>\n<tr>\n<td valign=\"top\" width=\"10\"><\/td>\n<td valign=\"top\" width=\"497\"><span style=\"background-color: #ffff00; font-size: xx-large;\">Starterliste &#8211;\u00a007.01.2017<\/span><\/td>\n<\/tr>\n<tr>\n<td valign=\"top\" width=\"10\"><span style=\"background-color: #ffffff; font-size: large;\"><strong>Nr.<\/strong><\/span><\/td>\n<td valign=\"top\" width=\"497\"><span style=\"background-color: #ffffff; font-size: large;\"><strong>Name<\/strong><\/span><\/td>\n<\/tr>\n<tr>\n<td valign=\"top\" width=\"10\">01<\/td>\n<td valign=\"top\" width=\"497\">Matthias M\u00fcller<\/td>\n<\/tr>\n<tr>\n<td valign=\"top\" width=\"10\">02<\/td>\n<td valign=\"top\" width=\"497\">Michael Hartmann<\/td>\n<\/tr>\n<tr>\n<td valign=\"top\" width=\"10\">03<\/td>\n<td valign=\"top\" width=\"497\">Frank Jungclaus<\/td>\n<\/tr>\n<tr>\n<td valign=\"top\" width=\"10\">04<\/td>\n<td valign=\"top\" width=\"497\">Mario Bartkowski<\/td>\n<\/tr>\n<tr>\n<td valign=\"top\" width=\"10\">05<\/td>\n<td valign=\"top\" width=\"497\">Andreas Schulze aka Aschu<\/td>\n<\/tr>\n<tr>\n<td valign=\"top\" width=\"10\">06<\/td>\n<td valign=\"top\" width=\"497\">Andreas Jackisch<\/td>\n<\/tr>\n<tr>\n<td valign=\"top\" width=\"10\">07<\/td>\n<td valign=\"top\" width=\"497\">J\u00f6rg Rieling<\/td>\n<\/tr>\n<tr>\n<td valign=\"top\" width=\"10\">08<\/td>\n<td valign=\"top\" width=\"497\">Christoph Wurm mit Moya<\/td>\n<\/tr>\n<tr>\n<td valign=\"top\" width=\"10\">09<\/td>\n<td valign=\"top\" width=\"497\">Frank Reintjes<\/td>\n<\/tr>\n<tr>\n<td valign=\"top\" width=\"10\">10<\/td>\n<td valign=\"top\" width=\"497\">Christian M\u00fcller<\/td>\n<\/tr>\n<tr>\n<td valign=\"top\" width=\"10\">11<\/td>\n<td valign=\"top\" width=\"497\">Christel Prause<\/td>\n<\/tr>\n<tr>\n<td valign=\"top\" width=\"10\">12<\/td>\n<td valign=\"top\" width=\"497\">Silke Grimpe<\/td>\n<\/tr>\n<tr>\n<td valign=\"top\" width=\"10\">13<\/td>\n<td valign=\"top\" width=\"497\">Christoph Matterne<\/td>\n<\/tr>\n<tr>\n<td valign=\"top\" width=\"10\">14<\/td>\n<td valign=\"top\" width=\"497\">Alexander Hundt<\/td>\n<\/tr>\n<tr>\n<td valign=\"top\" width=\"10\">15<\/td>\n<td valign=\"top\" width=\"497\">Andre Hall<\/td>\n<\/tr>\n<tr>\n<td valign=\"top\" width=\"10\">16<\/td>\n<td valign=\"top\" width=\"497\">Michael Wagner<\/td>\n<\/tr>\n<tr>\n<td valign=\"top\" width=\"10\">17<\/td>\n<td valign=\"top\" width=\"497\">Hubertus Kohlrautz<\/td>\n<\/tr>\n<tr>\n<td valign=\"top\" width=\"10\">18<\/td>\n<td valign=\"top\" width=\"497\">Mario Pelzel<\/td>\n<\/tr>\n<tr>\n<td valign=\"top\" width=\"10\">19<\/td>\n<td valign=\"top\" width=\"497\">Torben Wolf<\/td>\n<\/tr>\n<tr>\n<td valign=\"top\" width=\"10\">20<\/td>\n<td valign=\"top\" width=\"497\">Henning Kuczewski<\/td>\n<\/tr>\n<tr>\n<td valign=\"top\" width=\"10\">21<\/td>\n<td valign=\"top\" width=\"497\">Michael Strohman<\/td>\n<\/tr>\n<tr>\n<td valign=\"top\" width=\"10\">22<\/td>\n<td valign=\"top\" width=\"497\">Ramin Rabet<\/td>\n<\/tr>\n<tr>\n<td valign=\"top\" width=\"10\">23<\/td>\n<td valign=\"top\" width=\"497\">Ulrich Heitfeldt<\/td>\n<\/tr>\n<tr>\n<td valign=\"top\" width=\"10\">24<\/td>\n<td valign=\"top\" width=\"497\">Matthias Schwarze<\/td>\n<\/tr>\n<tr>\n<td valign=\"top\" width=\"10\">25<\/td>\n<td valign=\"top\" width=\"497\">Dominik Singer<\/td>\n<\/tr>\n<tr>\n<td valign=\"top\" width=\"10\"><\/td>\n<td valign=\"top\" width=\"497\"><\/td>\n<\/tr>\n<tr>\n<td valign=\"top\" width=\"10\"><\/td>\n<td valign=\"top\" width=\"497\">\n<ul>\n<li>\u00a0Jens und Iwi (Gastl\u00e4ufer\/in)<\/li>\n<li>Hansi K\u00f6hler<\/li>\n<\/ul>\n<\/td>\n<\/tr>\n<\/tbody>\n<\/table>\n","protected":false},"excerpt":{"rendered":"<p>Starterliste &#8211;\u00a007.01.2017 Nr. Name 01 Matthias M\u00fcller 02 Michael Hartmann 03 Frank Jungclaus 04 Mario Bartkowski 05 Andreas Schulze aka Aschu 06 Andreas Jackisch 07 J\u00f6rg Rieling 08 Christoph Wurm mit Moya 09 Frank Reintjes 10 Christian M\u00fcller 11 Christel &hellip; <a href=\"https:\/\/suedkreislaeufer.de\/?p=13766\">Weiterlesen <span class=\"meta-nav\">&rarr;<\/span><\/a><\/p>\n","protected":false},"author":1,"featured_media":0,"comment_status":"open","ping_status":"open","sticky":false,"template":"","format":"standard","meta":{"jetpack_post_was_ever_published":false,"_jetpack_newsletter_access":"","_jetpack_dont_email_post_to_subs":true,"_jetpack_newsletter_tier_id":0,"_jetpack_memberships_contains_paywalled_content":false,"_jetpack_memberships_contains_paid_content":false,"footnotes":"","jetpack_publicize_message":"","jetpack_publicize_feature_enabled":true,"jetpack_social_post_already_shared":true,"jetpack_social_options":{"image_generator_settings":{"template":"highway","default_image_id":0,"font":"","enabled":false},"version":2}},"categories":[233,220,9],"tags":[],"class_list":["post-13766","post","type-post","status-publish","format-standard","hentry","category-index","category-laufen-mit-freunden","category-veranstaltungen"],"jetpack_publicize_connections":[],"jetpack_featured_media_url":"","jetpack_shortlink":"https:\/\/wp.me\/p26jAY-3A2","jetpack_sharing_enabled":true,"jetpack_likes_enabled":false,"jetpack-related-posts":[{"id":18360,"url":"https:\/\/suedkreislaeufer.de\/?p=18360","url_meta":{"origin":13766,"position":0},"title":"3. KiLL50 UE","author":"Suedkreislaeufer","date":"19. September 2023","format":false,"excerpt":"ACHTUNG TERMIN\u00c4NDERUNG Wir laden ein zum 3. KiLL50 UE (Unsupported Edition). Gelaufen wird die KiLL50 (80 Km) Strecke die einst von Michael Neumann organisiert wurde. Wir laufen m\u00f6glichst als Gruppe. Sollten sich Tempogruppen bilden ist das nat\u00fcrlich auch gut. Es wird wie gewohnt an der Kulturherberge gestartet, wo wir nach\u2026","rel":"","context":"In &quot;Index&quot;","block_context":{"text":"Index","link":"https:\/\/suedkreislaeufer.de\/?cat=233"},"img":{"alt_text":"","src":"https:\/\/i0.wp.com\/suedkreislaeufer.de\/wp-content\/uploads\/2023\/09\/Unbenannt-1-300x300.jpg?resize=350%2C200","width":350,"height":200},"classes":[]},{"id":13723,"url":"https:\/\/suedkreislaeufer.de\/?p=13723","url_meta":{"origin":13766,"position":1},"title":"SuMeMa 2017","author":"Suedkreislaeufer","date":"29. Dezember 2016","format":false,"excerpt":"Das Suedkreis Ultrateam l\u00e4dt ein zum SuMeMa 2017. Der SuMeMa ist ein Meilen Marathon, das bedeutet wir laufen 42,195 Meilen durch den Suedkreis des Landkreises Hildesheim mit ca. 1400 hm. Es wird drei\u00a0VP\u00b4s\u00a0(km 16, 35 und 57) Jeder ist f\u00fcr die Navigation selbst verantwortlich, ein Track wird vorher verschickt. Der\u2026","rel":"","context":"In &quot;Index&quot;","block_context":{"text":"Index","link":"https:\/\/suedkreislaeufer.de\/?cat=233"},"img":{"alt_text":"SuMeMa","src":"https:\/\/i0.wp.com\/suedkreislaeufer.de\/wp-content\/uploads\/2016\/11\/SuMeMa_thumb.jpg?resize=350%2C200","width":350,"height":200},"classes":[]},{"id":7268,"url":"https:\/\/suedkreislaeufer.de\/?p=7268","url_meta":{"origin":13766,"position":2},"title":"BiMa Ultra 2014","author":"Suedkreislaeufer","date":"6. April 2014","format":false,"excerpt":"Auch auf die Gefahr hin das ich mich wiederhole:\u201d Was haben wir doch f\u00fcr eine sch\u00f6ne Heimat\u201d. Sicher, das laufen in fernen L\u00e4ndern und Landschaften ist sicherlich das Salz in der Suppe eines jeden L\u00e4ufers und immer wieder ein absolutes Highlight, so soll es auch sein. Aber um mit sich\u2026","rel":"","context":"In &quot;Index&quot;","block_context":{"text":"Index","link":"https:\/\/suedkreislaeufer.de\/?cat=233"},"img":{"alt_text":"","src":"https:\/\/i0.wp.com\/suedkreislaeufer.de\/wp-content\/uploads\/2014\/04\/CIMG5591.jpg?resize=350%2C200","width":350,"height":200,"srcset":"https:\/\/i0.wp.com\/suedkreislaeufer.de\/wp-content\/uploads\/2014\/04\/CIMG5591.jpg?resize=350%2C200 1x, https:\/\/i0.wp.com\/suedkreislaeufer.de\/wp-content\/uploads\/2014\/04\/CIMG5591.jpg?resize=525%2C300 1.5x"},"classes":[]},{"id":6965,"url":"https:\/\/suedkreislaeufer.de\/?p=6965","url_meta":{"origin":13766,"position":3},"title":"Brocken Challenge 2014","author":"Suedkreislaeufer","date":"10. Februar 2014","format":false,"excerpt":"Brocken Challenge 2014 von suedkreislaeufer auf Vimeo. \"\u2026 und wenn heute mein Geburtstag w\u00e4re h\u00e4tte ich einen Wunsch: das wir alle gut da oben ankommen\" Mit diesen Worten schickt uns Markus Ohlef auch dieses Jahr wieder auf die 80 km lange Reise von G\u00f6ttingen zum Brocken. 1900 hm m\u00fcssen wir\u2026","rel":"","context":"In &quot;Index&quot;","block_context":{"text":"Index","link":"https:\/\/suedkreislaeufer.de\/?cat=233"},"img":{"alt_text":"","src":"https:\/\/i0.wp.com\/suedkreislaeufer.de\/wp-content\/uploads\/2014\/02\/altAn-x2ADiDa_ZUHru2lzjZ6xUHSRNR8Dm88q5KssSPkob.jpg?fit=800%2C600&ssl=1&resize=350%2C200","width":350,"height":200,"srcset":"https:\/\/i0.wp.com\/suedkreislaeufer.de\/wp-content\/uploads\/2014\/02\/altAn-x2ADiDa_ZUHru2lzjZ6xUHSRNR8Dm88q5KssSPkob.jpg?fit=800%2C600&ssl=1&resize=350%2C200 1x, https:\/\/i0.wp.com\/suedkreislaeufer.de\/wp-content\/uploads\/2014\/02\/altAn-x2ADiDa_ZUHru2lzjZ6xUHSRNR8Dm88q5KssSPkob.jpg?fit=800%2C600&ssl=1&resize=525%2C300 1.5x, https:\/\/i0.wp.com\/suedkreislaeufer.de\/wp-content\/uploads\/2014\/02\/altAn-x2ADiDa_ZUHru2lzjZ6xUHSRNR8Dm88q5KssSPkob.jpg?fit=800%2C600&ssl=1&resize=700%2C400 2x"},"classes":[]},{"id":13941,"url":"https:\/\/suedkreislaeufer.de\/?p=13941","url_meta":{"origin":13766,"position":4},"title":"SuMeMa 2017&ndash;Ergebnissliste","author":"Suedkreislaeufer","date":"8. Januar 2017","format":false,"excerpt":"Ergebnise Startnr. Name 01 Matthias M\u00fcller 09:41 Std. 6 02 Michael Hartmann 08:34 Std. 4 03 Frank Jungclaus 10:19 Std. 7 04 Mario Bartkowski DNS 05 Andreas Schulze aka Aschu 08:59 Std. 5 06 Andreas Jackisch DNS 07 J\u00f6rg Rieling 09:41 Std. 6 08 Christoph Wurm mit Moya 08:12 Std.\u2026","rel":"","context":"In &quot;Index&quot;","block_context":{"text":"Index","link":"https:\/\/suedkreislaeufer.de\/?cat=233"},"img":{"alt_text":"","src":"","width":0,"height":0},"classes":[]},{"id":18451,"url":"https:\/\/suedkreislaeufer.de\/?p=18451","url_meta":{"origin":13766,"position":5},"title":"Brocken Challenge 2024, meine 9.","author":"Suedkreislaeufer","date":"18. Februar 2024","format":false,"excerpt":"Ich f\u00fchle mich entspannt. 04:15 Uhr stehe ich auf und wiege mich in Sicherheit. Ich hab alle Zeit der Welt um rechtzeitig in Wendhausen zu sein, wo mich Christoph abholen wird. Fr\u00fchst\u00fcck, 100. 000 Mails checken und noch kurz die Welt retten.... Pl\u00f6tzlich klingelt das Festnetz Telefon. Wer zum Teufel\u2026","rel":"","context":"In &quot;Laufberichte&quot;","block_context":{"text":"Laufberichte","link":"https:\/\/suedkreislaeufer.de\/?cat=5"},"img":{"alt_text":"","src":"https:\/\/i0.wp.com\/suedkreislaeufer.de\/wp-content\/uploads\/2024\/02\/20240217_045328985_iOS.jpg?resize=350%2C200","width":350,"height":200,"srcset":"https:\/\/i0.wp.com\/suedkreislaeufer.de\/wp-content\/uploads\/2024\/02\/20240217_045328985_iOS.jpg?resize=350%2C200 1x, https:\/\/i0.wp.com\/suedkreislaeufer.de\/wp-content\/uploads\/2024\/02\/20240217_045328985_iOS.jpg?resize=525%2C300 1.5x, https:\/\/i0.wp.com\/suedkreislaeufer.de\/wp-content\/uploads\/2024\/02\/20240217_045328985_iOS.jpg?resize=700%2C400 2x"},"classes":[]}],"_links":{"self":[{"href":"https:\/\/suedkreislaeufer.de\/index.php?rest_route=\/wp\/v2\/posts\/13766","targetHints":{"allow":["GET"]}}],"collection":[{"href":"https:\/\/suedkreislaeufer.de\/index.php?rest_route=\/wp\/v2\/posts"}],"about":[{"href":"https:\/\/suedkreislaeufer.de\/index.php?rest_route=\/wp\/v2\/types\/post"}],"author":[{"embeddable":true,"href":"https:\/\/suedkreislaeufer.de\/index.php?rest_route=\/wp\/v2\/users\/1"}],"replies":[{"embeddable":true,"href":"https:\/\/suedkreislaeufer.de\/index.php?rest_route=%2Fwp%2Fv2%2Fcomments&post=13766"}],"version-history":[{"count":12,"href":"https:\/\/suedkreislaeufer.de\/index.php?rest_route=\/wp\/v2\/posts\/13766\/revisions"}],"predecessor-version":[{"id":13936,"href":"https:\/\/suedkreislaeufer.de\/index.php?rest_route=\/wp\/v2\/posts\/13766\/revisions\/13936"}],"wp:attachment":[{"href":"https:\/\/suedkreislaeufer.de\/index.php?rest_route=%2Fwp%2Fv2%2Fmedia&parent=13766"}],"wp:term":[{"taxonomy":"category","embeddable":true,"href":"https:\/\/suedkreislaeufer.de\/index.php?rest_route=%2Fwp%2Fv2%2Fcategories&post=13766"},{"taxonomy":"post_tag","embeddable":true,"href":"https:\/\/suedkreislaeufer.de\/index.php?rest_route=%2Fwp%2Fv2%2Ftags&post=13766"}],"curies":[{"name":"wp","href":"https:\/\/api.w.org\/{rel}","templated":true}]}}