{"id":13804,"date":"2016-12-05T18:21:33","date_gmt":"2016-12-05T18:21:33","guid":{"rendered":"http:\/\/suedkreislaeufer.de\/?p=13804"},"modified":"2016-12-05T18:22:32","modified_gmt":"2016-12-05T18:22:32","slug":"homedrive-wathlingen","status":"publish","type":"post","link":"https:\/\/suedkreislaeufer.de\/?p=13804","title":{"rendered":"Homedrive Wathlingen"},"content":{"rendered":"<p align=\"justify\">Erkenntnis des Tages: 66 km bei -1.0 \u00b0C auf den Rad sind m\u00f6glich m\u00fcssen aber nicht so oft sein <img data-recalc-dims=\"1\" decoding=\"async\" class=\"wlEmoticon wlEmoticon-smile\" style=\"border-style: none;\" src=\"https:\/\/i0.wp.com\/suedkreislaeufer.de\/wp-content\/uploads\/2016\/12\/wlEmoticon-smile-2.png?w=640&#038;ssl=1\" alt=\"Smiley\" \/> Von Wathlingen, das liegt bei Celle, bin ich heute mit den Rad nach Hause gefahren. Solange sich die Sonne noch zeigte war alles Tacko, aber sobald sie sich hinter Hannover verkrochen hatte wurde es dann doch arg frisch. Die F\u00fc\u00dfe und vor allen die Finger hab ich die letzten 20 km vergebens gesucht. Ich wusste das sie da waren\u2026 das war aber auch schon alles <img data-recalc-dims=\"1\" decoding=\"async\" class=\"wlEmoticon wlEmoticon-smile\" style=\"border-style: none;\" src=\"https:\/\/i0.wp.com\/suedkreislaeufer.de\/wp-content\/uploads\/2016\/12\/wlEmoticon-smile-2.png?w=640&#038;ssl=1\" alt=\"Smiley\" \/> Aber die Plackerei hat sich schon alleine wegen des Sonnenuntergangs gelohnt. Ich mu\u00dfte ganz sch\u00f6n Gas geben damit ich sie noch Fotowirksam hinter das Kohlekraftwerk in Mehrum bekomme, das geht dann pl\u00f6tzlich ZACK und weg isse, die rote Pracht.<\/p>\n<div class=\"tiled-gallery type-rectangular tiled-gallery-unresized\" data-original-width=\"640\" data-carousel-extra='{&quot;blog_id&quot;:1,&quot;permalink&quot;:&quot;https:\\\/\\\/suedkreislaeufer.de\\\/?p=13804&quot;,&quot;likes_blog_id&quot;:31057968}' itemscope itemtype=\"http:\/\/schema.org\/ImageGallery\" > <div class=\"gallery-row\" style=\"width: 640px; height: 241px;\" data-original-width=\"640\" data-original-height=\"241\" > <div class=\"gallery-group images-1\" style=\"width: 320px; height: 241px;\" data-original-width=\"320\" data-original-height=\"241\" > <div class=\"tiled-gallery-item tiled-gallery-item-large\" itemprop=\"associatedMedia\" itemscope itemtype=\"http:\/\/schema.org\/ImageObject\"> <a href=\"https:\/\/suedkreislaeufer.de\/?attachment_id=13801\" border=\"0\" itemprop=\"url\"> <meta itemprop=\"width\" content=\"316\"> <meta itemprop=\"height\" content=\"237\"> <img decoding=\"async\" class=\"\" data-attachment-id=\"13801\" data-orig-file=\"https:\/\/suedkreislaeufer.de\/wp-content\/uploads\/2016\/12\/12_05-15h06m37s-Homedrive-Wathlingen.jpg\" data-orig-size=\"1000,750\" data-comments-opened=\"1\" data-image-meta=\"{&quot;aperture&quot;:&quot;3.2&quot;,&quot;credit&quot;:&quot;&quot;,&quot;camera&quot;:&quot;EX-ZR1000&quot;,&quot;caption&quot;:&quot;&quot;,&quot;created_timestamp&quot;:&quot;0&quot;,&quot;copyright&quot;:&quot;&quot;,&quot;focal_length&quot;:&quot;4.43&quot;,&quot;iso&quot;:&quot;80&quot;,&quot;shutter_speed&quot;:&quot;0.004&quot;,&quot;title&quot;:&quot;&quot;,&quot;orientation&quot;:&quot;1&quot;}\" data-image-title=\"12_05-15h06m37s-homedrive-wathlingen\" data-image-description=\"\" data-medium-file=\"https:\/\/i0.wp.com\/suedkreislaeufer.de\/wp-content\/uploads\/2016\/12\/12_05-15h06m37s-Homedrive-Wathlingen.jpg?fit=300%2C225&#038;ssl=1\" data-large-file=\"https:\/\/i0.wp.com\/suedkreislaeufer.de\/wp-content\/uploads\/2016\/12\/12_05-15h06m37s-Homedrive-Wathlingen.jpg?fit=640%2C480&#038;ssl=1\" src=\"https:\/\/i0.wp.com\/suedkreislaeufer.de\/wp-content\/uploads\/2016\/12\/12_05-15h06m37s-Homedrive-Wathlingen.jpg?w=316&#038;h=237&#038;ssl=1\" srcset=\"https:\/\/i0.wp.com\/suedkreislaeufer.de\/wp-content\/uploads\/2016\/12\/12_05-15h06m37s-Homedrive-Wathlingen.jpg?w=1000&amp;ssl=1 1000w, https:\/\/i0.wp.com\/suedkreislaeufer.de\/wp-content\/uploads\/2016\/12\/12_05-15h06m37s-Homedrive-Wathlingen.jpg?resize=300%2C225&amp;ssl=1 300w, https:\/\/i0.wp.com\/suedkreislaeufer.de\/wp-content\/uploads\/2016\/12\/12_05-15h06m37s-Homedrive-Wathlingen.jpg?resize=768%2C576&amp;ssl=1 768w\" width=\"316\" height=\"237\" loading=\"lazy\" data-original-width=\"316\" data-original-height=\"237\" itemprop=\"http:\/\/schema.org\/image\" title=\"12_05-15h06m37s-homedrive-wathlingen\" alt=\"12_05-15h06m37s-homedrive-wathlingen\" style=\"width: 316px; height: 237px;\" \/> <\/a> <\/div> <\/div> <!-- close group --> <div class=\"gallery-group images-1\" style=\"width: 320px; height: 241px;\" data-original-width=\"320\" data-original-height=\"241\" > <div class=\"tiled-gallery-item tiled-gallery-item-large\" itemprop=\"associatedMedia\" itemscope itemtype=\"http:\/\/schema.org\/ImageObject\"> <a href=\"https:\/\/suedkreislaeufer.de\/?attachment_id=13802\" border=\"0\" itemprop=\"url\"> <meta itemprop=\"width\" content=\"316\"> <meta itemprop=\"height\" content=\"237\"> <img decoding=\"async\" class=\"\" data-attachment-id=\"13802\" data-orig-file=\"https:\/\/suedkreislaeufer.de\/wp-content\/uploads\/2016\/12\/12_05-16h07m00s-Homedrive-Wathlingen.jpg\" data-orig-size=\"1000,750\" data-comments-opened=\"1\" data-image-meta=\"{&quot;aperture&quot;:&quot;4.6&quot;,&quot;credit&quot;:&quot;&quot;,&quot;camera&quot;:&quot;EX-ZR1000&quot;,&quot;caption&quot;:&quot;&quot;,&quot;created_timestamp&quot;:&quot;1480954020&quot;,&quot;copyright&quot;:&quot;&quot;,&quot;focal_length&quot;:&quot;11.17&quot;,&quot;iso&quot;:&quot;80&quot;,&quot;shutter_speed&quot;:&quot;0.0025&quot;,&quot;title&quot;:&quot;&quot;,&quot;orientation&quot;:&quot;1&quot;}\" data-image-title=\"12_05-16h07m00s-homedrive-wathlingen\" data-image-description=\"\" data-medium-file=\"https:\/\/i0.wp.com\/suedkreislaeufer.de\/wp-content\/uploads\/2016\/12\/12_05-16h07m00s-Homedrive-Wathlingen.jpg?fit=300%2C225&#038;ssl=1\" data-large-file=\"https:\/\/i0.wp.com\/suedkreislaeufer.de\/wp-content\/uploads\/2016\/12\/12_05-16h07m00s-Homedrive-Wathlingen.jpg?fit=640%2C480&#038;ssl=1\" src=\"https:\/\/i0.wp.com\/suedkreislaeufer.de\/wp-content\/uploads\/2016\/12\/12_05-16h07m00s-Homedrive-Wathlingen.jpg?w=316&#038;h=237&#038;ssl=1\" srcset=\"https:\/\/i0.wp.com\/suedkreislaeufer.de\/wp-content\/uploads\/2016\/12\/12_05-16h07m00s-Homedrive-Wathlingen.jpg?w=1000&amp;ssl=1 1000w, https:\/\/i0.wp.com\/suedkreislaeufer.de\/wp-content\/uploads\/2016\/12\/12_05-16h07m00s-Homedrive-Wathlingen.jpg?resize=300%2C225&amp;ssl=1 300w, https:\/\/i0.wp.com\/suedkreislaeufer.de\/wp-content\/uploads\/2016\/12\/12_05-16h07m00s-Homedrive-Wathlingen.jpg?resize=768%2C576&amp;ssl=1 768w\" width=\"316\" height=\"237\" loading=\"lazy\" data-original-width=\"316\" data-original-height=\"237\" itemprop=\"http:\/\/schema.org\/image\" title=\"12_05-16h07m00s-homedrive-wathlingen\" alt=\"12_05-16h07m00s-homedrive-wathlingen\" style=\"width: 316px; height: 237px;\" \/> <\/a> <\/div> <\/div> <!-- close group --> <\/div> <!-- close row --> <\/div>\n<p align=\"justify\"><iframe loading=\"lazy\" title=\"Homedrive Wathlingen\" src=\"https:\/\/connect.garmin.com\/modern\/activity\/embed\/1472931609\" width=\"465\" height=\"500\" frameborder=\"0\"><\/iframe><\/p>\n","protected":false},"excerpt":{"rendered":"<p>Erkenntnis des Tages: 66 km bei -1.0 \u00b0C auf den Rad sind m\u00f6glich m\u00fcssen aber nicht so oft sein Von Wathlingen, das liegt bei Celle, bin ich heute mit den Rad nach Hause gefahren. Solange sich die Sonne noch zeigte &hellip; <a href=\"https:\/\/suedkreislaeufer.de\/?p=13804\">Weiterlesen <span class=\"meta-nav\">&rarr;<\/span><\/a><\/p>\n","protected":false},"author":1,"featured_media":0,"comment_status":"open","ping_status":"open","sticky":false,"template":"","format":"standard","meta":{"jetpack_post_was_ever_published":false,"_jetpack_newsletter_access":"","_jetpack_dont_email_post_to_subs":true,"_jetpack_newsletter_tier_id":0,"_jetpack_memberships_contains_paywalled_content":false,"_jetpack_memberships_contains_paid_content":false,"footnotes":"","jetpack_publicize_message":"","jetpack_publicize_feature_enabled":true,"jetpack_social_post_already_shared":true,"jetpack_social_options":{"image_generator_settings":{"template":"highway","default_image_id":0,"font":"","enabled":false},"version":2}},"categories":[406,233,398],"tags":[419,400],"class_list":["post-13804","post","type-post","status-publish","format-standard","hentry","category-biken","category-index","category-rennrad","tag-homedrive","tag-rennrad"],"jetpack_publicize_connections":[],"jetpack_featured_media_url":"","jetpack_shortlink":"https:\/\/wp.me\/p26jAY-3AE","jetpack_sharing_enabled":true,"jetpack_likes_enabled":false,"jetpack-related-posts":[{"id":13314,"url":"https:\/\/suedkreislaeufer.de\/?p=13314","url_meta":{"origin":13804,"position":0},"title":"Ein Lebenszeichen &hellip;.","author":"Suedkreislaeufer","date":"6. August 2016","format":false,"excerpt":"\u2026 von mir. Seit unseren Urlaub hab ich Probleme mit meinen Schienbein gehabt. So wie es aussieht hatte ich ein Schienbeinkantensyndrom, vielleicht besser bekannt als \u201cShine splint\u201d. Wo ich das her habe ? Ich denke mal eine Kombination von vielen. Ich hab aber auch keine Lust weiter dr\u00fcber nachzudenken sondern\u2026","rel":"","context":"In &quot;Biken&quot;","block_context":{"text":"Biken","link":"https:\/\/suedkreislaeufer.de\/?cat=406"},"img":{"alt_text":"","src":"https:\/\/i0.wp.com\/suedkreislaeufer.de\/wp-content\/uploads\/2016\/08\/08_06-Cycle-Bettrum-05.jpg?resize=350%2C200","width":350,"height":200,"srcset":"https:\/\/i0.wp.com\/suedkreislaeufer.de\/wp-content\/uploads\/2016\/08\/08_06-Cycle-Bettrum-05.jpg?resize=350%2C200 1x, https:\/\/i0.wp.com\/suedkreislaeufer.de\/wp-content\/uploads\/2016\/08\/08_06-Cycle-Bettrum-05.jpg?resize=525%2C300 1.5x, https:\/\/i0.wp.com\/suedkreislaeufer.de\/wp-content\/uploads\/2016\/08\/08_06-Cycle-Bettrum-05.jpg?resize=700%2C400 2x"},"classes":[]},{"id":13573,"url":"https:\/\/suedkreislaeufer.de\/?p=13573","url_meta":{"origin":13804,"position":1},"title":"Tour vom 03. Oktober","author":"Suedkreislaeufer","date":"3. Oktober 2016","format":false,"excerpt":"","rel":"","context":"In &quot;Biken&quot;","block_context":{"text":"Biken","link":"https:\/\/suedkreislaeufer.de\/?cat=406"},"img":{"alt_text":"","src":"","width":0,"height":0},"classes":[]},{"id":16702,"url":"https:\/\/suedkreislaeufer.de\/?p=16702","url_meta":{"origin":13804,"position":2},"title":"Einmal zum Brocken&#8230; und zur\u00fcck","author":"Suedkreislaeufer","date":"23. August 2020","format":false,"excerpt":"Manchmal hat Corona ja auch was gutes. Da dieses Jahr so ziemlich alle meine bisherigen Ultras ausgefallen sind, schaffe ich es nun endlich einmal Dinge zu unternehmen die schon l\u00e4nger auf meiner Agenda standen. Eins davon war einmal mit dem Rad vom Brocken nach Schierke zu \"d\u00fcsen\". Das haben wir\u2026","rel":"","context":"In &quot;Biken&quot;","block_context":{"text":"Biken","link":"https:\/\/suedkreislaeufer.de\/?cat=406"},"img":{"alt_text":"","src":"https:\/\/i0.wp.com\/suedkreislaeufer.de\/wp-content\/uploads\/2020\/08\/2020-08-22-04h16m48-Brockenrunde.jpg?resize=350%2C200","width":350,"height":200,"srcset":"https:\/\/i0.wp.com\/suedkreislaeufer.de\/wp-content\/uploads\/2020\/08\/2020-08-22-04h16m48-Brockenrunde.jpg?resize=350%2C200 1x, https:\/\/i0.wp.com\/suedkreislaeufer.de\/wp-content\/uploads\/2020\/08\/2020-08-22-04h16m48-Brockenrunde.jpg?resize=525%2C300 1.5x, https:\/\/i0.wp.com\/suedkreislaeufer.de\/wp-content\/uploads\/2020\/08\/2020-08-22-04h16m48-Brockenrunde.jpg?resize=700%2C400 2x"},"classes":[]},{"id":13507,"url":"https:\/\/suedkreislaeufer.de\/?p=13507","url_meta":{"origin":13804,"position":3},"title":"Hilskammwegquerung","author":"Suedkreislaeufer","date":"18. September 2016","format":false,"excerpt":"Letzten Sonntag war ich mit Christoph ja im Hils unterwegs, laufend, versteht sich von selbst. Nach einigen Kilometern kreuzten wir da diese Stra\u00dfe mit den Hinweis auf\u00a0 12% Gef\u00e4lle auf 2,7 km Da hat es mich sofort gereizt mal runter zu rollen. Wieder zu Hause angekommen bastelte ich mir gleich\u2026","rel":"","context":"In &quot;Biken&quot;","block_context":{"text":"Biken","link":"https:\/\/suedkreislaeufer.de\/?cat=406"},"img":{"alt_text":"","src":"https:\/\/i0.wp.com\/suedkreislaeufer.de\/wp-content\/uploads\/2016\/09\/09_18-08h08m29s-Hilskammwegquerung.jpg?resize=350%2C200","width":350,"height":200,"srcset":"https:\/\/i0.wp.com\/suedkreislaeufer.de\/wp-content\/uploads\/2016\/09\/09_18-08h08m29s-Hilskammwegquerung.jpg?resize=350%2C200 1x, https:\/\/i0.wp.com\/suedkreislaeufer.de\/wp-content\/uploads\/2016\/09\/09_18-08h08m29s-Hilskammwegquerung.jpg?resize=525%2C300 1.5x, https:\/\/i0.wp.com\/suedkreislaeufer.de\/wp-content\/uploads\/2016\/09\/09_18-08h08m29s-Hilskammwegquerung.jpg?resize=700%2C400 2x"},"classes":[]},{"id":13448,"url":"https:\/\/suedkreislaeufer.de\/?p=13448","url_meta":{"origin":13804,"position":4},"title":"Jetzt radelt er auch noch &#8230;","author":"Suedkreislaeufer","date":"5. September 2016","format":false,"excerpt":"Seit August 2016 bin ich nun auch unter die Radfahrer gegangen. Ich habe mir zun\u00e4chst ein Cyclo Cross Rad bei B.O.C in Hannover besorgt. Der Gedanke dabei war das ich mit einen reinen Rennrad auf meine geliebte Feldwege verzichten m\u00fc\u00dfte. Momentan macht mir allerdings das Radeln auf der Stra\u00dfe mehr\u2026","rel":"","context":"In &quot;Biken&quot;","block_context":{"text":"Biken","link":"https:\/\/suedkreislaeufer.de\/?cat=406"},"img":{"alt_text":"175679_1566406","src":"https:\/\/i0.wp.com\/suedkreislaeufer.de\/wp-content\/uploads\/2016\/09\/175679_1566406-300x235.jpg?resize=350%2C200","width":350,"height":200},"classes":[]},{"id":13496,"url":"https:\/\/suedkreislaeufer.de\/?p=13496","url_meta":{"origin":13804,"position":5},"title":"Sehnde &ndash;&gt; Wehrstedt","author":"Suedkreislaeufer","date":"12. September 2016","format":false,"excerpt":"Heute bringe ich Euch mal ein paar Bilder von meiner Feierabendtour mit. Von Sehnde f\u00fchrt mich mein Weg \u00fcber Hoheneggelsen, Bettrum, Grasdorf, Listringen und Heinde nach Hause. Klar, h\u00e4tte man auch direkt fahren k\u00f6nnen, muss man aber nicht","rel":"","context":"In &quot;Biken&quot;","block_context":{"text":"Biken","link":"https:\/\/suedkreislaeufer.de\/?cat=406"},"img":{"alt_text":"","src":"https:\/\/i0.wp.com\/suedkreislaeufer.de\/wp-content\/uploads\/2016\/09\/09_12-14h29m40s-Sehnde-Wehrstedt.jpg?resize=350%2C200","width":350,"height":200,"srcset":"https:\/\/i0.wp.com\/suedkreislaeufer.de\/wp-content\/uploads\/2016\/09\/09_12-14h29m40s-Sehnde-Wehrstedt.jpg?resize=350%2C200 1x, https:\/\/i0.wp.com\/suedkreislaeufer.de\/wp-content\/uploads\/2016\/09\/09_12-14h29m40s-Sehnde-Wehrstedt.jpg?resize=525%2C300 1.5x, https:\/\/i0.wp.com\/suedkreislaeufer.de\/wp-content\/uploads\/2016\/09\/09_12-14h29m40s-Sehnde-Wehrstedt.jpg?resize=700%2C400 2x"},"classes":[]}],"_links":{"self":[{"href":"https:\/\/suedkreislaeufer.de\/index.php?rest_route=\/wp\/v2\/posts\/13804","targetHints":{"allow":["GET"]}}],"collection":[{"href":"https:\/\/suedkreislaeufer.de\/index.php?rest_route=\/wp\/v2\/posts"}],"about":[{"href":"https:\/\/suedkreislaeufer.de\/index.php?rest_route=\/wp\/v2\/types\/post"}],"author":[{"embeddable":true,"href":"https:\/\/suedkreislaeufer.de\/index.php?rest_route=\/wp\/v2\/users\/1"}],"replies":[{"embeddable":true,"href":"https:\/\/suedkreislaeufer.de\/index.php?rest_route=%2Fwp%2Fv2%2Fcomments&post=13804"}],"version-history":[{"count":2,"href":"https:\/\/suedkreislaeufer.de\/index.php?rest_route=\/wp\/v2\/posts\/13804\/revisions"}],"predecessor-version":[{"id":13806,"href":"https:\/\/suedkreislaeufer.de\/index.php?rest_route=\/wp\/v2\/posts\/13804\/revisions\/13806"}],"wp:attachment":[{"href":"https:\/\/suedkreislaeufer.de\/index.php?rest_route=%2Fwp%2Fv2%2Fmedia&parent=13804"}],"wp:term":[{"taxonomy":"category","embeddable":true,"href":"https:\/\/suedkreislaeufer.de\/index.php?rest_route=%2Fwp%2Fv2%2Fcategories&post=13804"},{"taxonomy":"post_tag","embeddable":true,"href":"https:\/\/suedkreislaeufer.de\/index.php?rest_route=%2Fwp%2Fv2%2Ftags&post=13804"}],"curies":[{"name":"wp","href":"https:\/\/api.w.org\/{rel}","templated":true}]}}