{"id":14046,"date":"2017-02-03T15:51:16","date_gmt":"2017-02-03T15:51:16","guid":{"rendered":"http:\/\/suedkreislaeufer.de\/?p=14046"},"modified":"2017-02-03T15:51:16","modified_gmt":"2017-02-03T15:51:16","slug":"turmberg-hildesheimer-wald","status":"publish","type":"post","link":"https:\/\/suedkreislaeufer.de\/?p=14046","title":{"rendered":"Turmberg&ndash;Hildesheimer Wald"},"content":{"rendered":"<p align=\"justify\">Der Plan war gut, aber die Ausf\u00fchrung \u2026. Naja. Ich hatte vor bei Hansi im Wohnzimmer ein wenig zu cruisen. Turmberg, Himmelbergturm, das waren so die Ziele, aber bereits nach noch nicht einmal 2 km (Start am Vereinsheim Sibbesse) war mir klar das das nix wird. Ein laufen in den Sieben Bergen ist momentan so gut wie unm\u00f6glich, bzw. es macht keinen Spa\u00df. Die Wege sind bis auf\u00b4s letzte vereist und jeder Schritt bringt einen n\u00e4her ins Krankenhaus. Immerhin hab ich es bis zur Hohen Tafel geschafft und hab dann zugesehen das ich so schnell wie m\u00f6glich hier wieder raus komme. Vorher wollte ich aber noch den H\u00f6rzen einen Besuch abstatten, ist er doch mit 364 m der zweith\u00f6chste Gipfel in den Sieben Bergen. \u00dcber Heinum, Barfelde lief ich dann r\u00fcber in den Hildesheimer Wald wo die Verh\u00e4ltnisse wesentlich besser sind. Am Ende waren es nur 26,5 km mit einer unterirdischen Pace von 7,42 min\/km aber immerhin 730 hm\u2026. und ein paar Bilder hab ich ja auch noch gemacht <img data-recalc-dims=\"1\" decoding=\"async\" class=\"wlEmoticon wlEmoticon-smile\" style=\"border-style: none;\" src=\"https:\/\/i0.wp.com\/suedkreislaeufer.de\/wp-content\/uploads\/2017\/02\/wlEmoticon-smile.png?w=640&#038;ssl=1\" alt=\"Smiley\" \/><\/p>\n<div class=\"tiled-gallery type-rectangular tiled-gallery-unresized\" data-original-width=\"640\" data-carousel-extra='{&quot;blog_id&quot;:1,&quot;permalink&quot;:&quot;https:\\\/\\\/suedkreislaeufer.de\\\/?p=14046&quot;,&quot;likes_blog_id&quot;:31057968}' itemscope itemtype=\"http:\/\/schema.org\/ImageGallery\" > <div class=\"gallery-row\" style=\"width: 640px; height: 536px;\" data-original-width=\"640\" data-original-height=\"536\" > <div class=\"gallery-group images-3\" style=\"width: 237px; height: 536px;\" data-original-width=\"237\" data-original-height=\"536\" > <div class=\"tiled-gallery-item tiled-gallery-item-small\" itemprop=\"associatedMedia\" itemscope itemtype=\"http:\/\/schema.org\/ImageObject\"> <a href=\"https:\/\/suedkreislaeufer.de\/?attachment_id=14036\" border=\"0\" itemprop=\"url\"> <meta itemprop=\"width\" content=\"233\"> <meta itemprop=\"height\" content=\"175\"> <img decoding=\"async\" class=\"\" data-attachment-id=\"14036\" data-orig-file=\"https:\/\/suedkreislaeufer.de\/wp-content\/uploads\/2017\/02\/2017_02_03-10h23m07s-Turmberg.jpg\" data-orig-size=\"1000,750\" data-comments-opened=\"1\" data-image-meta=\"{&quot;aperture&quot;:&quot;4&quot;,&quot;credit&quot;:&quot;&quot;,&quot;camera&quot;:&quot;Canon PowerShot SX710 HS&quot;,&quot;caption&quot;:&quot;&quot;,&quot;created_timestamp&quot;:&quot;1486117387&quot;,&quot;copyright&quot;:&quot;&quot;,&quot;focal_length&quot;:&quot;4.5&quot;,&quot;iso&quot;:&quot;80&quot;,&quot;shutter_speed&quot;:&quot;0.004&quot;,&quot;title&quot;:&quot;&quot;,&quot;orientation&quot;:&quot;0&quot;}\" data-image-title=\"2017_02_03-10h23m07s &amp;#8211; Turmberg\" data-image-description=\"\" data-medium-file=\"https:\/\/i0.wp.com\/suedkreislaeufer.de\/wp-content\/uploads\/2017\/02\/2017_02_03-10h23m07s-Turmberg.jpg?fit=300%2C225&#038;ssl=1\" data-large-file=\"https:\/\/i0.wp.com\/suedkreislaeufer.de\/wp-content\/uploads\/2017\/02\/2017_02_03-10h23m07s-Turmberg.jpg?fit=640%2C480&#038;ssl=1\" src=\"https:\/\/i0.wp.com\/suedkreislaeufer.de\/wp-content\/uploads\/2017\/02\/2017_02_03-10h23m07s-Turmberg.jpg?w=233&#038;h=175&#038;ssl=1\" srcset=\"https:\/\/i0.wp.com\/suedkreislaeufer.de\/wp-content\/uploads\/2017\/02\/2017_02_03-10h23m07s-Turmberg.jpg?w=1000&amp;ssl=1 1000w, https:\/\/i0.wp.com\/suedkreislaeufer.de\/wp-content\/uploads\/2017\/02\/2017_02_03-10h23m07s-Turmberg.jpg?resize=300%2C225&amp;ssl=1 300w, https:\/\/i0.wp.com\/suedkreislaeufer.de\/wp-content\/uploads\/2017\/02\/2017_02_03-10h23m07s-Turmberg.jpg?resize=768%2C576&amp;ssl=1 768w\" width=\"233\" height=\"175\" loading=\"lazy\" data-original-width=\"233\" data-original-height=\"175\" itemprop=\"http:\/\/schema.org\/image\" title=\"2017_02_03-10h23m07s - Turmberg\" alt=\"2017_02_03-10h23m07s - Turmberg\" style=\"width: 233px; height: 175px;\" \/> <\/a> <\/div> <div class=\"tiled-gallery-item tiled-gallery-item-small\" itemprop=\"associatedMedia\" itemscope itemtype=\"http:\/\/schema.org\/ImageObject\"> <a href=\"https:\/\/suedkreislaeufer.de\/?attachment_id=14037\" border=\"0\" itemprop=\"url\"> <meta itemprop=\"width\" content=\"233\"> <meta itemprop=\"height\" content=\"175\"> <img decoding=\"async\" class=\"\" data-attachment-id=\"14037\" data-orig-file=\"https:\/\/suedkreislaeufer.de\/wp-content\/uploads\/2017\/02\/2017_02_03-10h23m17s-Turmberg.jpg\" data-orig-size=\"1000,750\" data-comments-opened=\"1\" data-image-meta=\"{&quot;aperture&quot;:&quot;5.6&quot;,&quot;credit&quot;:&quot;&quot;,&quot;camera&quot;:&quot;Canon PowerShot SX710 HS&quot;,&quot;caption&quot;:&quot;&quot;,&quot;created_timestamp&quot;:&quot;1486117397&quot;,&quot;copyright&quot;:&quot;&quot;,&quot;focal_length&quot;:&quot;29.774&quot;,&quot;iso&quot;:&quot;80&quot;,&quot;shutter_speed&quot;:&quot;0.01&quot;,&quot;title&quot;:&quot;&quot;,&quot;orientation&quot;:&quot;0&quot;}\" data-image-title=\"2017_02_03-10h23m17s &amp;#8211; Turmberg\" data-image-description=\"\" data-medium-file=\"https:\/\/i0.wp.com\/suedkreislaeufer.de\/wp-content\/uploads\/2017\/02\/2017_02_03-10h23m17s-Turmberg.jpg?fit=300%2C225&#038;ssl=1\" data-large-file=\"https:\/\/i0.wp.com\/suedkreislaeufer.de\/wp-content\/uploads\/2017\/02\/2017_02_03-10h23m17s-Turmberg.jpg?fit=640%2C480&#038;ssl=1\" src=\"https:\/\/i0.wp.com\/suedkreislaeufer.de\/wp-content\/uploads\/2017\/02\/2017_02_03-10h23m17s-Turmberg.jpg?w=233&#038;h=175&#038;ssl=1\" srcset=\"https:\/\/i0.wp.com\/suedkreislaeufer.de\/wp-content\/uploads\/2017\/02\/2017_02_03-10h23m17s-Turmberg.jpg?w=1000&amp;ssl=1 1000w, https:\/\/i0.wp.com\/suedkreislaeufer.de\/wp-content\/uploads\/2017\/02\/2017_02_03-10h23m17s-Turmberg.jpg?resize=300%2C225&amp;ssl=1 300w, https:\/\/i0.wp.com\/suedkreislaeufer.de\/wp-content\/uploads\/2017\/02\/2017_02_03-10h23m17s-Turmberg.jpg?resize=768%2C576&amp;ssl=1 768w\" width=\"233\" height=\"175\" loading=\"lazy\" data-original-width=\"233\" data-original-height=\"175\" itemprop=\"http:\/\/schema.org\/image\" title=\"2017_02_03-10h23m17s - Turmberg\" alt=\"2017_02_03-10h23m17s - Turmberg\" style=\"width: 233px; height: 175px;\" \/> <\/a> <\/div> <div class=\"tiled-gallery-item tiled-gallery-item-small\" itemprop=\"associatedMedia\" itemscope itemtype=\"http:\/\/schema.org\/ImageObject\"> <a href=\"https:\/\/suedkreislaeufer.de\/?attachment_id=14044\" border=\"0\" itemprop=\"url\"> <meta itemprop=\"width\" content=\"233\"> <meta itemprop=\"height\" content=\"174\"> <img decoding=\"async\" class=\"\" data-attachment-id=\"14044\" data-orig-file=\"https:\/\/suedkreislaeufer.de\/wp-content\/uploads\/2017\/02\/2017_02_03-12h46m11s-Turmberg.jpg\" data-orig-size=\"1000,750\" data-comments-opened=\"1\" data-image-meta=\"{&quot;aperture&quot;:&quot;5&quot;,&quot;credit&quot;:&quot;&quot;,&quot;camera&quot;:&quot;Canon PowerShot SX710 HS&quot;,&quot;caption&quot;:&quot;&quot;,&quot;created_timestamp&quot;:&quot;1486125971&quot;,&quot;copyright&quot;:&quot;&quot;,&quot;focal_length&quot;:&quot;20.258&quot;,&quot;iso&quot;:&quot;200&quot;,&quot;shutter_speed&quot;:&quot;0.016666666666667&quot;,&quot;title&quot;:&quot;&quot;,&quot;orientation&quot;:&quot;0&quot;}\" data-image-title=\"2017_02_03-12h46m11s &amp;#8211; Turmberg\" data-image-description=\"\" data-medium-file=\"https:\/\/i0.wp.com\/suedkreislaeufer.de\/wp-content\/uploads\/2017\/02\/2017_02_03-12h46m11s-Turmberg.jpg?fit=300%2C225&#038;ssl=1\" data-large-file=\"https:\/\/i0.wp.com\/suedkreislaeufer.de\/wp-content\/uploads\/2017\/02\/2017_02_03-12h46m11s-Turmberg.jpg?fit=640%2C480&#038;ssl=1\" src=\"https:\/\/i0.wp.com\/suedkreislaeufer.de\/wp-content\/uploads\/2017\/02\/2017_02_03-12h46m11s-Turmberg.jpg?w=233&#038;h=174&#038;ssl=1\" srcset=\"https:\/\/i0.wp.com\/suedkreislaeufer.de\/wp-content\/uploads\/2017\/02\/2017_02_03-12h46m11s-Turmberg.jpg?w=1000&amp;ssl=1 1000w, https:\/\/i0.wp.com\/suedkreislaeufer.de\/wp-content\/uploads\/2017\/02\/2017_02_03-12h46m11s-Turmberg.jpg?resize=300%2C225&amp;ssl=1 300w, https:\/\/i0.wp.com\/suedkreislaeufer.de\/wp-content\/uploads\/2017\/02\/2017_02_03-12h46m11s-Turmberg.jpg?resize=768%2C576&amp;ssl=1 768w\" width=\"233\" height=\"174\" loading=\"lazy\" data-original-width=\"233\" data-original-height=\"174\" itemprop=\"http:\/\/schema.org\/image\" title=\"2017_02_03-12h46m11s - Turmberg\" alt=\"2017_02_03-12h46m11s - Turmberg\" style=\"width: 233px; height: 174px;\" \/> <\/a> <\/div> <\/div> <!-- close group --> <div class=\"gallery-group images-1\" style=\"width: 403px; height: 536px;\" data-original-width=\"403\" data-original-height=\"536\" > <div class=\"tiled-gallery-item tiled-gallery-item-large\" itemprop=\"associatedMedia\" itemscope itemtype=\"http:\/\/schema.org\/ImageObject\"> <a href=\"https:\/\/suedkreislaeufer.de\/?attachment_id=14038\" border=\"0\" itemprop=\"url\"> <meta itemprop=\"width\" content=\"399\"> <meta itemprop=\"height\" content=\"532\"> <img decoding=\"async\" class=\"\" data-attachment-id=\"14038\" data-orig-file=\"https:\/\/suedkreislaeufer.de\/wp-content\/uploads\/2017\/02\/2017_02_03-10h23m36s-Turmberg.jpg\" data-orig-size=\"750,1000\" data-comments-opened=\"1\" data-image-meta=\"{&quot;aperture&quot;:&quot;5&quot;,&quot;credit&quot;:&quot;&quot;,&quot;camera&quot;:&quot;Canon PowerShot SX710 HS&quot;,&quot;caption&quot;:&quot;&quot;,&quot;created_timestamp&quot;:&quot;1486117416&quot;,&quot;copyright&quot;:&quot;&quot;,&quot;focal_length&quot;:&quot;26.769&quot;,&quot;iso&quot;:&quot;80&quot;,&quot;shutter_speed&quot;:&quot;0.01&quot;,&quot;title&quot;:&quot;&quot;,&quot;orientation&quot;:&quot;0&quot;}\" data-image-title=\"2017_02_03-10h23m36s &amp;#8211; Turmberg\" data-image-description=\"\" data-medium-file=\"https:\/\/i0.wp.com\/suedkreislaeufer.de\/wp-content\/uploads\/2017\/02\/2017_02_03-10h23m36s-Turmberg.jpg?fit=225%2C300&#038;ssl=1\" data-large-file=\"https:\/\/i0.wp.com\/suedkreislaeufer.de\/wp-content\/uploads\/2017\/02\/2017_02_03-10h23m36s-Turmberg.jpg?fit=640%2C853&#038;ssl=1\" src=\"https:\/\/i0.wp.com\/suedkreislaeufer.de\/wp-content\/uploads\/2017\/02\/2017_02_03-10h23m36s-Turmberg.jpg?w=399&#038;h=532&#038;ssl=1\" srcset=\"https:\/\/i0.wp.com\/suedkreislaeufer.de\/wp-content\/uploads\/2017\/02\/2017_02_03-10h23m36s-Turmberg.jpg?w=750&amp;ssl=1 750w, https:\/\/i0.wp.com\/suedkreislaeufer.de\/wp-content\/uploads\/2017\/02\/2017_02_03-10h23m36s-Turmberg.jpg?resize=225%2C300&amp;ssl=1 225w\" width=\"399\" height=\"532\" loading=\"lazy\" data-original-width=\"399\" data-original-height=\"532\" itemprop=\"http:\/\/schema.org\/image\" title=\"2017_02_03-10h23m36s - Turmberg\" alt=\"2017_02_03-10h23m36s - Turmberg\" style=\"width: 399px; height: 532px;\" \/> <\/a> <\/div> <\/div> <!-- close group --> <\/div> <!-- close row --> <div class=\"gallery-row\" style=\"width: 640px; height: 188px;\" data-original-width=\"640\" data-original-height=\"188\" > <div class=\"gallery-group images-1\" style=\"width: 249px; height: 188px;\" data-original-width=\"249\" data-original-height=\"188\" > <div class=\"tiled-gallery-item tiled-gallery-item-small\" itemprop=\"associatedMedia\" itemscope itemtype=\"http:\/\/schema.org\/ImageObject\"> <a href=\"https:\/\/suedkreislaeufer.de\/?attachment_id=14039\" border=\"0\" itemprop=\"url\"> <meta itemprop=\"width\" content=\"245\"> <meta itemprop=\"height\" content=\"184\"> <img decoding=\"async\" class=\"\" data-attachment-id=\"14039\" data-orig-file=\"https:\/\/suedkreislaeufer.de\/wp-content\/uploads\/2017\/02\/2017_02_03-10h42m36s-Turmberg.jpg\" data-orig-size=\"1000,750\" data-comments-opened=\"1\" data-image-meta=\"{&quot;aperture&quot;:&quot;5.6&quot;,&quot;credit&quot;:&quot;&quot;,&quot;camera&quot;:&quot;Canon PowerShot SX710 HS&quot;,&quot;caption&quot;:&quot;&quot;,&quot;created_timestamp&quot;:&quot;1486118556&quot;,&quot;copyright&quot;:&quot;&quot;,&quot;focal_length&quot;:&quot;85.881002087683&quot;,&quot;iso&quot;:&quot;400&quot;,&quot;shutter_speed&quot;:&quot;0.008&quot;,&quot;title&quot;:&quot;&quot;,&quot;orientation&quot;:&quot;0&quot;}\" data-image-title=\"2017_02_03-10h42m36s &amp;#8211; Turmberg\" data-image-description=\"\" data-medium-file=\"https:\/\/i0.wp.com\/suedkreislaeufer.de\/wp-content\/uploads\/2017\/02\/2017_02_03-10h42m36s-Turmberg.jpg?fit=300%2C225&#038;ssl=1\" data-large-file=\"https:\/\/i0.wp.com\/suedkreislaeufer.de\/wp-content\/uploads\/2017\/02\/2017_02_03-10h42m36s-Turmberg.jpg?fit=640%2C480&#038;ssl=1\" src=\"https:\/\/i0.wp.com\/suedkreislaeufer.de\/wp-content\/uploads\/2017\/02\/2017_02_03-10h42m36s-Turmberg.jpg?w=245&#038;h=184&#038;ssl=1\" srcset=\"https:\/\/i0.wp.com\/suedkreislaeufer.de\/wp-content\/uploads\/2017\/02\/2017_02_03-10h42m36s-Turmberg.jpg?w=1000&amp;ssl=1 1000w, https:\/\/i0.wp.com\/suedkreislaeufer.de\/wp-content\/uploads\/2017\/02\/2017_02_03-10h42m36s-Turmberg.jpg?resize=300%2C225&amp;ssl=1 300w, https:\/\/i0.wp.com\/suedkreislaeufer.de\/wp-content\/uploads\/2017\/02\/2017_02_03-10h42m36s-Turmberg.jpg?resize=768%2C576&amp;ssl=1 768w\" width=\"245\" height=\"184\" loading=\"lazy\" data-original-width=\"245\" data-original-height=\"184\" itemprop=\"http:\/\/schema.org\/image\" title=\"2017_02_03-10h42m36s - Turmberg\" alt=\"2017_02_03-10h42m36s - Turmberg\" style=\"width: 245px; height: 184px;\" \/> <\/a> <\/div> <\/div> <!-- close group --> <div class=\"gallery-group images-1\" style=\"width: 142px; height: 188px;\" data-original-width=\"142\" data-original-height=\"188\" > <div class=\"tiled-gallery-item tiled-gallery-item-small\" itemprop=\"associatedMedia\" itemscope itemtype=\"http:\/\/schema.org\/ImageObject\"> <a href=\"https:\/\/suedkreislaeufer.de\/?attachment_id=14040\" border=\"0\" itemprop=\"url\"> <meta itemprop=\"width\" content=\"138\"> <meta itemprop=\"height\" content=\"184\"> <img decoding=\"async\" class=\"\" data-attachment-id=\"14040\" data-orig-file=\"https:\/\/suedkreislaeufer.de\/wp-content\/uploads\/2017\/02\/2017_02_03-11h03m54s-Turmberg.jpg\" data-orig-size=\"750,1000\" data-comments-opened=\"1\" data-image-meta=\"{&quot;aperture&quot;:&quot;3.2&quot;,&quot;credit&quot;:&quot;&quot;,&quot;camera&quot;:&quot;Canon PowerShot SX710 HS&quot;,&quot;caption&quot;:&quot;&quot;,&quot;created_timestamp&quot;:&quot;1486119834&quot;,&quot;copyright&quot;:&quot;&quot;,&quot;focal_length&quot;:&quot;4.5&quot;,&quot;iso&quot;:&quot;80&quot;,&quot;shutter_speed&quot;:&quot;0.003125&quot;,&quot;title&quot;:&quot;&quot;,&quot;orientation&quot;:&quot;1&quot;}\" data-image-title=\"2017_02_03-11h03m54s &amp;#8211; Turmberg\" data-image-description=\"\" data-medium-file=\"https:\/\/i0.wp.com\/suedkreislaeufer.de\/wp-content\/uploads\/2017\/02\/2017_02_03-11h03m54s-Turmberg.jpg?fit=225%2C300&#038;ssl=1\" data-large-file=\"https:\/\/i0.wp.com\/suedkreislaeufer.de\/wp-content\/uploads\/2017\/02\/2017_02_03-11h03m54s-Turmberg.jpg?fit=640%2C853&#038;ssl=1\" src=\"https:\/\/i0.wp.com\/suedkreislaeufer.de\/wp-content\/uploads\/2017\/02\/2017_02_03-11h03m54s-Turmberg.jpg?w=138&#038;h=184&#038;ssl=1\" srcset=\"https:\/\/i0.wp.com\/suedkreislaeufer.de\/wp-content\/uploads\/2017\/02\/2017_02_03-11h03m54s-Turmberg.jpg?w=750&amp;ssl=1 750w, https:\/\/i0.wp.com\/suedkreislaeufer.de\/wp-content\/uploads\/2017\/02\/2017_02_03-11h03m54s-Turmberg.jpg?resize=225%2C300&amp;ssl=1 225w\" width=\"138\" height=\"184\" loading=\"lazy\" data-original-width=\"138\" data-original-height=\"184\" itemprop=\"http:\/\/schema.org\/image\" title=\"2017_02_03-11h03m54s - Turmberg\" alt=\"2017_02_03-11h03m54s - Turmberg\" style=\"width: 138px; height: 184px;\" \/> <\/a> <\/div> <\/div> <!-- close group --> <div class=\"gallery-group images-1\" style=\"width: 249px; height: 188px;\" data-original-width=\"249\" data-original-height=\"188\" > <div class=\"tiled-gallery-item tiled-gallery-item-small\" itemprop=\"associatedMedia\" itemscope itemtype=\"http:\/\/schema.org\/ImageObject\"> <a href=\"https:\/\/suedkreislaeufer.de\/?attachment_id=14041\" border=\"0\" itemprop=\"url\"> <meta itemprop=\"width\" content=\"245\"> <meta itemprop=\"height\" content=\"184\"> <img decoding=\"async\" class=\"\" data-attachment-id=\"14041\" data-orig-file=\"https:\/\/suedkreislaeufer.de\/wp-content\/uploads\/2017\/02\/2017_02_03-11h05m38s-Turmberg.jpg\" data-orig-size=\"1000,750\" data-comments-opened=\"1\" data-image-meta=\"{&quot;aperture&quot;:&quot;6.9&quot;,&quot;credit&quot;:&quot;&quot;,&quot;camera&quot;:&quot;Canon PowerShot SX710 HS&quot;,&quot;caption&quot;:&quot;&quot;,&quot;created_timestamp&quot;:&quot;1486119938&quot;,&quot;copyright&quot;:&quot;&quot;,&quot;focal_length&quot;:&quot;135&quot;,&quot;iso&quot;:&quot;400&quot;,&quot;shutter_speed&quot;:&quot;0.0025&quot;,&quot;title&quot;:&quot;&quot;,&quot;orientation&quot;:&quot;1&quot;}\" data-image-title=\"2017_02_03-11h05m38s &amp;#8211; Turmberg\" data-image-description=\"\" data-medium-file=\"https:\/\/i0.wp.com\/suedkreislaeufer.de\/wp-content\/uploads\/2017\/02\/2017_02_03-11h05m38s-Turmberg.jpg?fit=300%2C225&#038;ssl=1\" data-large-file=\"https:\/\/i0.wp.com\/suedkreislaeufer.de\/wp-content\/uploads\/2017\/02\/2017_02_03-11h05m38s-Turmberg.jpg?fit=640%2C480&#038;ssl=1\" src=\"https:\/\/i0.wp.com\/suedkreislaeufer.de\/wp-content\/uploads\/2017\/02\/2017_02_03-11h05m38s-Turmberg.jpg?w=245&#038;h=184&#038;ssl=1\" srcset=\"https:\/\/i0.wp.com\/suedkreislaeufer.de\/wp-content\/uploads\/2017\/02\/2017_02_03-11h05m38s-Turmberg.jpg?w=1000&amp;ssl=1 1000w, https:\/\/i0.wp.com\/suedkreislaeufer.de\/wp-content\/uploads\/2017\/02\/2017_02_03-11h05m38s-Turmberg.jpg?resize=300%2C225&amp;ssl=1 300w, https:\/\/i0.wp.com\/suedkreislaeufer.de\/wp-content\/uploads\/2017\/02\/2017_02_03-11h05m38s-Turmberg.jpg?resize=768%2C576&amp;ssl=1 768w\" width=\"245\" height=\"184\" loading=\"lazy\" data-original-width=\"245\" data-original-height=\"184\" itemprop=\"http:\/\/schema.org\/image\" title=\"2017_02_03-11h05m38s - Turmberg\" alt=\"2017_02_03-11h05m38s - Turmberg\" style=\"width: 245px; height: 184px;\" \/> <\/a> <\/div> <\/div> <!-- close group --> <\/div> <!-- close row --> <div class=\"gallery-row\" style=\"width: 640px; height: 241px;\" data-original-width=\"640\" data-original-height=\"241\" > <div class=\"gallery-group images-1\" style=\"width: 320px; height: 241px;\" data-original-width=\"320\" data-original-height=\"241\" > <div class=\"tiled-gallery-item tiled-gallery-item-large\" itemprop=\"associatedMedia\" itemscope itemtype=\"http:\/\/schema.org\/ImageObject\"> <a href=\"https:\/\/suedkreislaeufer.de\/?attachment_id=14042\" border=\"0\" itemprop=\"url\"> <meta itemprop=\"width\" content=\"316\"> <meta itemprop=\"height\" content=\"237\"> <img decoding=\"async\" class=\"\" data-attachment-id=\"14042\" data-orig-file=\"https:\/\/suedkreislaeufer.de\/wp-content\/uploads\/2017\/02\/2017_02_03-11h13m01s-Turmberg.jpg\" data-orig-size=\"1000,750\" data-comments-opened=\"1\" data-image-meta=\"{&quot;aperture&quot;:&quot;4&quot;,&quot;credit&quot;:&quot;&quot;,&quot;camera&quot;:&quot;Canon PowerShot SX710 HS&quot;,&quot;caption&quot;:&quot;&quot;,&quot;created_timestamp&quot;:&quot;1486120381&quot;,&quot;copyright&quot;:&quot;&quot;,&quot;focal_length&quot;:&quot;4.5&quot;,&quot;iso&quot;:&quot;80&quot;,&quot;shutter_speed&quot;:&quot;0.025&quot;,&quot;title&quot;:&quot;&quot;,&quot;orientation&quot;:&quot;0&quot;}\" data-image-title=\"2017_02_03-11h13m01s &amp;#8211; Turmberg\" data-image-description=\"\" data-medium-file=\"https:\/\/i0.wp.com\/suedkreislaeufer.de\/wp-content\/uploads\/2017\/02\/2017_02_03-11h13m01s-Turmberg.jpg?fit=300%2C225&#038;ssl=1\" data-large-file=\"https:\/\/i0.wp.com\/suedkreislaeufer.de\/wp-content\/uploads\/2017\/02\/2017_02_03-11h13m01s-Turmberg.jpg?fit=640%2C480&#038;ssl=1\" src=\"https:\/\/i0.wp.com\/suedkreislaeufer.de\/wp-content\/uploads\/2017\/02\/2017_02_03-11h13m01s-Turmberg.jpg?w=316&#038;h=237&#038;ssl=1\" srcset=\"https:\/\/i0.wp.com\/suedkreislaeufer.de\/wp-content\/uploads\/2017\/02\/2017_02_03-11h13m01s-Turmberg.jpg?w=1000&amp;ssl=1 1000w, https:\/\/i0.wp.com\/suedkreislaeufer.de\/wp-content\/uploads\/2017\/02\/2017_02_03-11h13m01s-Turmberg.jpg?resize=300%2C225&amp;ssl=1 300w, https:\/\/i0.wp.com\/suedkreislaeufer.de\/wp-content\/uploads\/2017\/02\/2017_02_03-11h13m01s-Turmberg.jpg?resize=768%2C576&amp;ssl=1 768w\" width=\"316\" height=\"237\" loading=\"lazy\" data-original-width=\"316\" data-original-height=\"237\" itemprop=\"http:\/\/schema.org\/image\" title=\"2017_02_03-11h13m01s - Turmberg\" alt=\"2017_02_03-11h13m01s - Turmberg\" style=\"width: 316px; height: 237px;\" \/> <\/a> <\/div> <\/div> <!-- close group --> <div class=\"gallery-group images-1\" style=\"width: 320px; height: 241px;\" data-original-width=\"320\" data-original-height=\"241\" > <div class=\"tiled-gallery-item tiled-gallery-item-large\" itemprop=\"associatedMedia\" itemscope itemtype=\"http:\/\/schema.org\/ImageObject\"> <a href=\"https:\/\/suedkreislaeufer.de\/?attachment_id=14043\" border=\"0\" itemprop=\"url\"> <meta itemprop=\"width\" content=\"316\"> <meta itemprop=\"height\" content=\"237\"> <img decoding=\"async\" class=\"\" data-attachment-id=\"14043\" data-orig-file=\"https:\/\/suedkreislaeufer.de\/wp-content\/uploads\/2017\/02\/2017_02_03-11h14m51s-Turmberg.jpg\" data-orig-size=\"1000,750\" data-comments-opened=\"1\" data-image-meta=\"{&quot;aperture&quot;:&quot;6.9&quot;,&quot;credit&quot;:&quot;&quot;,&quot;camera&quot;:&quot;Canon PowerShot SX710 HS&quot;,&quot;caption&quot;:&quot;&quot;,&quot;created_timestamp&quot;:&quot;1486120491&quot;,&quot;copyright&quot;:&quot;&quot;,&quot;focal_length&quot;:&quot;135&quot;,&quot;iso&quot;:&quot;400&quot;,&quot;shutter_speed&quot;:&quot;0.00625&quot;,&quot;title&quot;:&quot;&quot;,&quot;orientation&quot;:&quot;0&quot;}\" data-image-title=\"2017_02_03-11h14m51s &amp;#8211; Turmberg\" data-image-description=\"\" data-medium-file=\"https:\/\/i0.wp.com\/suedkreislaeufer.de\/wp-content\/uploads\/2017\/02\/2017_02_03-11h14m51s-Turmberg.jpg?fit=300%2C225&#038;ssl=1\" data-large-file=\"https:\/\/i0.wp.com\/suedkreislaeufer.de\/wp-content\/uploads\/2017\/02\/2017_02_03-11h14m51s-Turmberg.jpg?fit=640%2C480&#038;ssl=1\" src=\"https:\/\/i0.wp.com\/suedkreislaeufer.de\/wp-content\/uploads\/2017\/02\/2017_02_03-11h14m51s-Turmberg.jpg?w=316&#038;h=237&#038;ssl=1\" srcset=\"https:\/\/i0.wp.com\/suedkreislaeufer.de\/wp-content\/uploads\/2017\/02\/2017_02_03-11h14m51s-Turmberg.jpg?w=1000&amp;ssl=1 1000w, https:\/\/i0.wp.com\/suedkreislaeufer.de\/wp-content\/uploads\/2017\/02\/2017_02_03-11h14m51s-Turmberg.jpg?resize=300%2C225&amp;ssl=1 300w, https:\/\/i0.wp.com\/suedkreislaeufer.de\/wp-content\/uploads\/2017\/02\/2017_02_03-11h14m51s-Turmberg.jpg?resize=768%2C576&amp;ssl=1 768w\" width=\"316\" height=\"237\" loading=\"lazy\" data-original-width=\"316\" data-original-height=\"237\" itemprop=\"http:\/\/schema.org\/image\" title=\"2017_02_03-11h14m51s - Turmberg\" alt=\"2017_02_03-11h14m51s - Turmberg\" style=\"width: 316px; height: 237px;\" \/> <\/a> <\/div> <\/div> <!-- close group --> <\/div> <!-- close row --> <\/div>\n<p align=\"justify\"><iframe loading=\"lazy\" title=\"Hohe Tafel - Hildesheimer Wald\" src=\"https:\/\/connect.garmin.com\/modern\/activity\/embed\/1555823489\" width=\"465\" height=\"500\" frameborder=\"0\"><\/iframe><\/p>\n","protected":false},"excerpt":{"rendered":"<p>Der Plan war gut, aber die Ausf\u00fchrung \u2026. Naja. Ich hatte vor bei Hansi im Wohnzimmer ein wenig zu cruisen. Turmberg, Himmelbergturm, das waren so die Ziele, aber bereits nach noch nicht einmal 2 km (Start am Vereinsheim Sibbesse) war &hellip; <a href=\"https:\/\/suedkreislaeufer.de\/?p=14046\">Weiterlesen <span class=\"meta-nav\">&rarr;<\/span><\/a><\/p>\n","protected":false},"author":1,"featured_media":0,"comment_status":"open","ping_status":"closed","sticky":false,"template":"","format":"standard","meta":{"jetpack_post_was_ever_published":false,"_jetpack_newsletter_access":"","_jetpack_dont_email_post_to_subs":false,"_jetpack_newsletter_tier_id":0,"_jetpack_memberships_contains_paywalled_content":false,"_jetpack_memberships_contains_paid_content":false,"footnotes":"","jetpack_publicize_message":"","jetpack_publicize_feature_enabled":true,"jetpack_social_post_already_shared":true,"jetpack_social_options":{"image_generator_settings":{"template":"highway","default_image_id":0,"font":"","enabled":false},"version":2}},"categories":[233,6],"tags":[],"class_list":["post-14046","post","type-post","status-publish","format-standard","hentry","category-index","category-laufstrecken"],"jetpack_publicize_connections":[],"jetpack_featured_media_url":"","jetpack_shortlink":"https:\/\/wp.me\/p26jAY-3Ey","jetpack_sharing_enabled":true,"jetpack_likes_enabled":false,"jetpack-related-posts":[{"id":3345,"url":"https:\/\/suedkreislaeufer.de\/?p=3345","url_meta":{"origin":14046,"position":0},"title":"Turmberg&ndash;Innerste","author":"Suedkreislaeufer","date":"29. Juli 2012","format":false,"excerpt":"Bei angenehmen Lauftemperaturen f\u00fchrte mich mein Weg heute mal wieder durch die Sauberge hoch zum Wesselner Turmberg. Von da oben hat man wirklich eine tolle Aussicht ins Hildesheimer Land. Von hier aus ging es dann runter bis nach Hockeln um dort auf den Innerstetrail bis nach Heinde zu laufen. \u00dcber\u2026","rel":"","context":"In &quot;Index&quot;","block_context":{"text":"Index","link":"https:\/\/suedkreislaeufer.de\/?cat=233"},"img":{"alt_text":"IMG_20120729_171503","src":"https:\/\/i0.wp.com\/www.suedkreislaeufer.de\/bilder_upload\/TurmbergInnerste_11633\/IMG_20120729_171503_thumb.jpg?resize=350%2C200","width":350,"height":200},"classes":[]},{"id":11585,"url":"https:\/\/suedkreislaeufer.de\/?p=11585","url_meta":{"origin":14046,"position":1},"title":"Diekholzen&ndash;Turmberg","author":"Suedkreislaeufer","date":"26. M\u00e4rz 2016","format":false,"excerpt":"Schon seit langen wollten wir mal wieder zusammen um die B\u00e4ume ziehen, heute hat es endlich mal wieder geklappt, allerdings mehr zuf\u00e4llig (also zumindest ein wenig). Ich war bereits seit fast 30 Minuten unterwegs als mich eine Nachricht von Jens Scheffler erreicht ob ich Richtung Tosmar laufe da er dorthin\u2026","rel":"","context":"In &quot;Index&quot;","block_context":{"text":"Index","link":"https:\/\/suedkreislaeufer.de\/?cat=233"},"img":{"alt_text":"","src":"https:\/\/i0.wp.com\/suedkreislaeufer.de\/wp-content\/uploads\/2016\/03\/03_26-Diekholzen-Turmberg-01.jpg?resize=350%2C200","width":350,"height":200,"srcset":"https:\/\/i0.wp.com\/suedkreislaeufer.de\/wp-content\/uploads\/2016\/03\/03_26-Diekholzen-Turmberg-01.jpg?resize=350%2C200 1x, https:\/\/i0.wp.com\/suedkreislaeufer.de\/wp-content\/uploads\/2016\/03\/03_26-Diekholzen-Turmberg-01.jpg?resize=525%2C300 1.5x, https:\/\/i0.wp.com\/suedkreislaeufer.de\/wp-content\/uploads\/2016\/03\/03_26-Diekholzen-Turmberg-01.jpg?resize=700%2C400 2x"},"classes":[]},{"id":6897,"url":"https:\/\/suedkreislaeufer.de\/?p=6897","url_meta":{"origin":14046,"position":2},"title":"Turmberg&ndash;Innerste","author":"Suedkreislaeufer","date":"24. Januar 2014","format":false,"excerpt":"Der erste RICHTIGE Winterlauf in dieser Schneesaison. Seit gestern liegt ja nun \u201cendlich\u201d auch hier bei uns ein wenig von der wei\u00dfen Pracht. Auch wenn ich kein so gro\u00dfer Winterfreund bin, laufen macht irre viel Spa\u00df bei den Temperaturen und dem Schnee. Nur sonst brauch ich das nicht so wirklich\u2026","rel":"","context":"In &quot;Index&quot;","block_context":{"text":"Index","link":"https:\/\/suedkreislaeufer.de\/?cat=233"},"img":{"alt_text":"","src":"https:\/\/i0.wp.com\/suedkreislaeufer.de\/wp-content\/uploads\/2014\/01\/CIMG4822.jpg?resize=350%2C200","width":350,"height":200,"srcset":"https:\/\/i0.wp.com\/suedkreislaeufer.de\/wp-content\/uploads\/2014\/01\/CIMG4822.jpg?resize=350%2C200 1x, https:\/\/i0.wp.com\/suedkreislaeufer.de\/wp-content\/uploads\/2014\/01\/CIMG4822.jpg?resize=525%2C300 1.5x, https:\/\/i0.wp.com\/suedkreislaeufer.de\/wp-content\/uploads\/2014\/01\/CIMG4822.jpg?resize=700%2C400 2x"},"classes":[]},{"id":5458,"url":"https:\/\/suedkreislaeufer.de\/?p=5458","url_meta":{"origin":14046,"position":3},"title":"Turmberg","author":"Suedkreislaeufer","date":"9. August 2013","format":false,"excerpt":"Ich mag das \u201cfr\u00fche Licht\u201d, es hat seine besondere Stimmung, genauso wie das Licht am Abend. Ich sollte es viel \u00f6fters nutzen. Heute hatte ich endlich mal Gelegenheit dazu. Tim hat n\u00e4mlich heute seinen gro\u00dfen Tag: Die Einschulung im Scharnhorst Gymnasium, 5 Klasse. Los ging es um 10 Uhr, also\u2026","rel":"","context":"In &quot;Index&quot;","block_context":{"text":"Index","link":"https:\/\/suedkreislaeufer.de\/?cat=233"},"img":{"alt_text":"","src":"https:\/\/i0.wp.com\/suedkreislaeufer.de\/wp-content\/uploads\/2013\/08\/CIMG1970.jpg?resize=350%2C200","width":350,"height":200,"srcset":"https:\/\/i0.wp.com\/suedkreislaeufer.de\/wp-content\/uploads\/2013\/08\/CIMG1970.jpg?resize=350%2C200 1x, https:\/\/i0.wp.com\/suedkreislaeufer.de\/wp-content\/uploads\/2013\/08\/CIMG1970.jpg?resize=525%2C300 1.5x, https:\/\/i0.wp.com\/suedkreislaeufer.de\/wp-content\/uploads\/2013\/08\/CIMG1970.jpg?resize=700%2C400 2x"},"classes":[]},{"id":10879,"url":"https:\/\/suedkreislaeufer.de\/?p=10879","url_meta":{"origin":14046,"position":4},"title":"2. Letzter Freitag im Oktober Lauf","author":"Suedkreislaeufer","date":"30. Oktober 2015","format":false,"excerpt":"LFIOR from suedkreislaeufer on Vimeo. Na, das war ja mal ein \u201cDing\u201d. Ich hatte f\u00fcr heute zum \u201cLetzten Freitag im Oktober Lauf\u201d\u00a0 eingeladen und als 5er Combo konnten wir, mit kleiner Versp\u00e4tung, dann auch um 17:45 Uhr mit voller Beleuchtung auf unser 30 km Runde durch die W\u00e4lder starten. Wir,\u2026","rel":"","context":"In &quot;Index&quot;","block_context":{"text":"Index","link":"https:\/\/suedkreislaeufer.de\/?cat=233"},"img":{"alt_text":"","src":"https:\/\/i0.wp.com\/suedkreislaeufer.de\/wp-content\/uploads\/2015\/10\/CIMG0908.jpg?resize=350%2C200","width":350,"height":200,"srcset":"https:\/\/i0.wp.com\/suedkreislaeufer.de\/wp-content\/uploads\/2015\/10\/CIMG0908.jpg?resize=350%2C200 1x, https:\/\/i0.wp.com\/suedkreislaeufer.de\/wp-content\/uploads\/2015\/10\/CIMG0908.jpg?resize=525%2C300 1.5x, https:\/\/i0.wp.com\/suedkreislaeufer.de\/wp-content\/uploads\/2015\/10\/CIMG0908.jpg?resize=700%2C400 2x"},"classes":[]},{"id":3723,"url":"https:\/\/suedkreislaeufer.de\/?p=3723","url_meta":{"origin":14046,"position":5},"title":"Umrundung der Hackenstedt Ebene","author":"Suedkreislaeufer","date":"3. Januar 2013","format":false,"excerpt":"\u201cA little bit slippery\u201d,w\u00fcrde es heute wohl ganz gut treffen. Sch\u00f6n glitschig war das Laub auf den Trail\u00b4s und einmal hat es mich daher auch zu Boden gerissen Aber nix passiert. Gleich zu Anfang traf ich eine h\u00fcbsche Joggerin am Waldesrand der Ohe, die mich aber nicht begleiten wollte, so\u2026","rel":"","context":"In &quot;Index&quot;","block_context":{"text":"Index","link":"https:\/\/suedkreislaeufer.de\/?cat=233"},"img":{"alt_text":"","src":"https:\/\/i0.wp.com\/www.suedkreislaeufer.de\/bilder_upload\/6967e0b3980a_C456\/IMG_4552_thumb.jpg?resize=350%2C200","width":350,"height":200},"classes":[]}],"_links":{"self":[{"href":"https:\/\/suedkreislaeufer.de\/index.php?rest_route=\/wp\/v2\/posts\/14046","targetHints":{"allow":["GET"]}}],"collection":[{"href":"https:\/\/suedkreislaeufer.de\/index.php?rest_route=\/wp\/v2\/posts"}],"about":[{"href":"https:\/\/suedkreislaeufer.de\/index.php?rest_route=\/wp\/v2\/types\/post"}],"author":[{"embeddable":true,"href":"https:\/\/suedkreislaeufer.de\/index.php?rest_route=\/wp\/v2\/users\/1"}],"replies":[{"embeddable":true,"href":"https:\/\/suedkreislaeufer.de\/index.php?rest_route=%2Fwp%2Fv2%2Fcomments&post=14046"}],"version-history":[{"count":2,"href":"https:\/\/suedkreislaeufer.de\/index.php?rest_route=\/wp\/v2\/posts\/14046\/revisions"}],"predecessor-version":[{"id":14048,"href":"https:\/\/suedkreislaeufer.de\/index.php?rest_route=\/wp\/v2\/posts\/14046\/revisions\/14048"}],"wp:attachment":[{"href":"https:\/\/suedkreislaeufer.de\/index.php?rest_route=%2Fwp%2Fv2%2Fmedia&parent=14046"}],"wp:term":[{"taxonomy":"category","embeddable":true,"href":"https:\/\/suedkreislaeufer.de\/index.php?rest_route=%2Fwp%2Fv2%2Fcategories&post=14046"},{"taxonomy":"post_tag","embeddable":true,"href":"https:\/\/suedkreislaeufer.de\/index.php?rest_route=%2Fwp%2Fv2%2Ftags&post=14046"}],"curies":[{"name":"wp","href":"https:\/\/api.w.org\/{rel}","templated":true}]}}