{"id":15508,"date":"2018-06-17T11:54:46","date_gmt":"2018-06-17T11:54:46","guid":{"rendered":"http:\/\/suedkreislaeufer.de\/?p=15508"},"modified":"2018-06-17T20:21:01","modified_gmt":"2018-06-17T20:21:01","slug":"5-heide-ultra-trail","status":"publish","type":"post","link":"https:\/\/suedkreislaeufer.de\/?p=15508","title":{"rendered":"5. Heide Ultra Trail"},"content":{"rendered":"<p align=\"justify\"><a href=\"http:\/\/www.heide-ultra-trail.de\" target=\"_blank\" rel=\"noopener\"><img data-recalc-dims=\"1\" loading=\"lazy\" decoding=\"async\" style=\"background-image: none; float: left; padding-top: 0px; padding-left: 0px; margin: 0px 10px 0px 0px; display: inline; padding-right: 0px; border: 0px;\" title=\"2017-07-30-20h17m34s - HeideUltraTrail.jpg\" src=\"https:\/\/i0.wp.com\/suedkreislaeufer.de\/wp-content\/uploads\/2018\/06\/2017-07-30-20h17m34s-HeideUltraTrail.jpg.jpg?resize=238%2C244&#038;ssl=1\" alt=\"2017-07-30-20h17m34s - HeideUltraTrail.jpg\" width=\"238\" height=\"244\" align=\"left\" border=\"0\" \/><\/a>Seit 2014, also nun in der 5. Auflage findet der Heide Ultra Trail in Schneverdingen statt. Ein kleiner, aber feiner, mit viel Liebe organisierter Lauf inmitten der wundersch\u00f6nen L\u00fcneburger Heide. F\u00fcr mich war es die zweite Teilnahme bisher. 2015 stand ich hier schon einmal am Start. Damals lernt ich hier J\u00f6rg, aka Benedikt de Klerk, kennen und seit dem verbindet uns eine enge Freundschaft (das macht unter anderen so einen Ultra aus). Auch dieses Jahr lief ich den HUT zusammen mit J\u00f6rg, diesmal hatten wir aber auch noch einen dritten Mitstreiter: Daniel aus MeckPomm, wenn ich das richtig in Erinnerung habe, doch der Reihe nach.<\/p>\n<p align=\"justify\"><a href=\"https:\/\/i0.wp.com\/suedkreislaeufer.de\/wp-content\/uploads\/2018\/06\/2018-06-16-05h22m21s-HeideUltraTrail.jpg.jpg?ssl=1\"><img data-recalc-dims=\"1\" loading=\"lazy\" decoding=\"async\" style=\"background-image: none; float: left; padding-top: 0px; padding-left: 0px; display: inline; padding-right: 0px; border: 0px;\" title=\"2018-06-16-05h22m21s - HeideUltraTrail.jpg\" src=\"https:\/\/i0.wp.com\/suedkreislaeufer.de\/wp-content\/uploads\/2018\/06\/2018-06-16-05h22m21s-HeideUltraTrail.jpg_thumb.jpg?resize=258%2C231&#038;ssl=1\" alt=\"2018-06-16-05h22m21s - HeideUltraTrail.jpg\" width=\"258\" height=\"231\" align=\"left\" border=\"0\" \/><\/a>Um 03:30 pelle ich mich aus dem Bett und eine <a href=\"https:\/\/i0.wp.com\/suedkreislaeufer.de\/wp-content\/uploads\/2018\/06\/Zwischenablage01.jpg?ssl=1\"><img data-recalc-dims=\"1\" loading=\"lazy\" decoding=\"async\" style=\"background-image: none; float: right; padding-top: 0px; padding-left: 0px; margin: 0px 0px 0px 10px; display: inline; padding-right: 0px; border: 0px;\" title=\"Zwischenablage01\" src=\"https:\/\/i0.wp.com\/suedkreislaeufer.de\/wp-content\/uploads\/2018\/06\/Zwischenablage01_thumb.jpg?resize=114%2C244&#038;ssl=1\" alt=\"Zwischenablage01\" width=\"114\" height=\"244\" align=\"right\" border=\"0\" \/><\/a>Stunde sp\u00e4ter sitze ich bereits in meinen Personenkraftwagen um die 150 km nach Schneverdingen in Angriff zu nehmen. Ich komme gut durch und um kurz nach 6 rolle ich bereits auf den Parkplatz vor die Turnhalle. Einige sind schon vor mir da, Frank J. und seine Frau sind schon am machen und tun und auch J\u00f6rg steht schon mit seinen Wohnmobil dickgen\u00e4sig vor der Turnhalle <img data-recalc-dims=\"1\" decoding=\"async\" class=\"wlEmoticon wlEmoticon-smile\" style=\"border-style: none;\" src=\"https:\/\/i0.wp.com\/suedkreislaeufer.de\/wp-content\/uploads\/2018\/06\/wlEmoticon-smile.png?w=640&#038;ssl=1\" alt=\"Smiley\" \/> Es ist noch ruhig in seinen Gef\u00e4hrt, also warte ich noch einen Moment <a href=\"https:\/\/i0.wp.com\/suedkreislaeufer.de\/wp-content\/uploads\/2018\/06\/2018-06-16-06h27m52s-HeideUltraTrail.jpg.jpg?ssl=1\"><img data-recalc-dims=\"1\" loading=\"lazy\" decoding=\"async\" style=\"background-image: none; float: left; padding-top: 0px; padding-left: 0px; margin: 0px 10px 0px 0px; display: inline; padding-right: 0px; border: 0px;\" title=\"2018-06-16-06h27m52s - HeideUltraTrail.jpg\" src=\"https:\/\/i0.wp.com\/suedkreislaeufer.de\/wp-content\/uploads\/2018\/06\/2018-06-16-06h27m52s-HeideUltraTrail.jpg_thumb.jpg?resize=184%2C244&#038;ssl=1\" alt=\"2018-06-16-06h27m52s - HeideUltraTrail.jpg\" width=\"184\" height=\"244\" align=\"left\" border=\"0\" \/><\/a>bis zur Begr\u00fc\u00dfung\u2026 nicht das er noch schl\u00e4ft <img data-recalc-dims=\"1\" decoding=\"async\" class=\"wlEmoticon wlEmoticon-smile\" style=\"border-style: none;\" src=\"https:\/\/i0.wp.com\/suedkreislaeufer.de\/wp-content\/uploads\/2018\/06\/wlEmoticon-smile.png?w=640&#038;ssl=1\" alt=\"Smiley\" \/> Ich treffe einige bekannte Gesichter und mache mich schonmal h\u00fcbsch f\u00fcr die Heidi \u00e4hh., die Heide meine ich.<\/p>\n<p align=\"justify\">Punkt 07 Uhr schickt uns Klaus Meyer dann endlich auf die Strecke. Wir, das sind 9 L\u00e4ufer, die Veranstaltung vertr\u00e4gt wesentlich mehr Teilnehmer und es ist schade das wir doch nur so ein kleiner Kreis sind. Die 50er, Start um 08 Uhr, sind da schon ein wenig besser aufgestellt. Aber eigentlich ist es ja auch genau das was diese kleinen L\u00e4ufe ausmacht: Familie.<\/p>\n<p align=\"justify\">Die ersten km bleiben wir alle zusammen, aber pl\u00f6tzlich bildeten sich dann doch zwei Gruppen heraus. Die etwas langsameren lie\u00dfen sich zur\u00fcck fallen und vier andere (also wir) \u00fcbernahmen die Spitze <img data-recalc-dims=\"1\" decoding=\"async\" class=\"wlEmoticon wlEmoticon-winkingsmile\" style=\"border-style: none;\" src=\"https:\/\/i0.wp.com\/suedkreislaeufer.de\/wp-content\/uploads\/2018\/06\/wlEmoticon-winkingsmile.png?w=640&#038;ssl=1\" alt=\"Zwinkerndes Smiley\" \/> Nach abermals einigen km setzte sich aber einer unsere 4er Combo ab und wetzte davon (ich hab jetzt leider keinen Namen). Er hatten einen starken Schritt und war alsbald aus unseren Blickfeld verschwunden. So liefen wir dann zu dritt, J\u00f6rg, Daniel und ich alleine weiter und lernten uns ein wenig dabei kennen (also J\u00f6rg kannte ich ja schon).<\/p>\n<p align=\"justify\">Nach fluffigen 15 km erreichten wir den ersten VP in Niederhaverbeck der von Klaus seiner lieben Frau betreut wurde. Lange durften wir uns aber nicht aufhalten, J\u00f6rg dr\u00e4ngte uns das wir wieder weiter laufen m\u00fcssen. So f\u00fcllten wir nur unsere Flaschen auf, naschten uns ein wenig durchs Buffet und weiter ging es &#8230;..<\/p>\n<div class=\"tiled-gallery type-rectangular tiled-gallery-unresized\" data-original-width=\"640\" data-carousel-extra='{&quot;blog_id&quot;:1,&quot;permalink&quot;:&quot;https:\\\/\\\/suedkreislaeufer.de\\\/?p=15508&quot;,&quot;likes_blog_id&quot;:31057968}' itemscope itemtype=\"http:\/\/schema.org\/ImageGallery\" > <div class=\"gallery-row\" style=\"width: 640px; height: 364px;\" data-original-width=\"640\" data-original-height=\"364\" > <div class=\"gallery-group images-1\" style=\"width: 364px; height: 364px;\" data-original-width=\"364\" data-original-height=\"364\" > <div class=\"tiled-gallery-item tiled-gallery-item-large\" itemprop=\"associatedMedia\" itemscope itemtype=\"http:\/\/schema.org\/ImageObject\"> <a href=\"https:\/\/suedkreislaeufer.de\/?attachment_id=15510\" border=\"0\" itemprop=\"url\"> <meta itemprop=\"width\" content=\"360\"> <meta itemprop=\"height\" content=\"360\"> <img decoding=\"async\" class=\"\" data-attachment-id=\"15510\" data-orig-file=\"https:\/\/suedkreislaeufer.de\/wp-content\/uploads\/2018\/06\/2018-06-16-07h15m19s-HeideUltraTrail.jpg.jpeg\" data-orig-size=\"1000,1000\" data-comments-opened=\"1\" data-image-meta=\"{&quot;aperture&quot;:&quot;2&quot;,&quot;credit&quot;:&quot;&quot;,&quot;camera&quot;:&quot;G8441&quot;,&quot;caption&quot;:&quot;&quot;,&quot;created_timestamp&quot;:&quot;1529133319&quot;,&quot;copyright&quot;:&quot;&quot;,&quot;focal_length&quot;:&quot;4.4&quot;,&quot;iso&quot;:&quot;40&quot;,&quot;shutter_speed&quot;:&quot;0.000625&quot;,&quot;title&quot;:&quot;&quot;,&quot;orientation&quot;:&quot;1&quot;}\" data-image-title=\"2018-06-16-07h15m19s &amp;#8211; HeideUltraTrail.jpg\" data-image-description=\"\" data-medium-file=\"https:\/\/i0.wp.com\/suedkreislaeufer.de\/wp-content\/uploads\/2018\/06\/2018-06-16-07h15m19s-HeideUltraTrail.jpg.jpeg?fit=300%2C300&#038;ssl=1\" data-large-file=\"https:\/\/i0.wp.com\/suedkreislaeufer.de\/wp-content\/uploads\/2018\/06\/2018-06-16-07h15m19s-HeideUltraTrail.jpg.jpeg?fit=640%2C640&#038;ssl=1\" src=\"https:\/\/i0.wp.com\/suedkreislaeufer.de\/wp-content\/uploads\/2018\/06\/2018-06-16-07h15m19s-HeideUltraTrail.jpg.jpeg?w=360&#038;h=360&#038;crop=1&#038;ssl=1\" srcset=\"https:\/\/i0.wp.com\/suedkreislaeufer.de\/wp-content\/uploads\/2018\/06\/2018-06-16-07h15m19s-HeideUltraTrail.jpg.jpeg?w=1000&amp;ssl=1 1000w, https:\/\/i0.wp.com\/suedkreislaeufer.de\/wp-content\/uploads\/2018\/06\/2018-06-16-07h15m19s-HeideUltraTrail.jpg.jpeg?resize=150%2C150&amp;ssl=1 150w, https:\/\/i0.wp.com\/suedkreislaeufer.de\/wp-content\/uploads\/2018\/06\/2018-06-16-07h15m19s-HeideUltraTrail.jpg.jpeg?resize=300%2C300&amp;ssl=1 300w, https:\/\/i0.wp.com\/suedkreislaeufer.de\/wp-content\/uploads\/2018\/06\/2018-06-16-07h15m19s-HeideUltraTrail.jpg.jpeg?resize=768%2C768&amp;ssl=1 768w\" width=\"360\" height=\"360\" loading=\"lazy\" data-original-width=\"360\" data-original-height=\"360\" itemprop=\"http:\/\/schema.org\/image\" title=\"2018-06-16-07h15m19s - HeideUltraTrail.jpg\" alt=\"2018-06-16-07h15m19s - HeideUltraTrail.jpg\" style=\"width: 360px; height: 360px;\" \/> <\/a> <\/div> <\/div> <!-- close group --> <div class=\"gallery-group images-2\" style=\"width: 276px; height: 364px;\" data-original-width=\"276\" data-original-height=\"364\" > <div class=\"tiled-gallery-item tiled-gallery-item-large\" itemprop=\"associatedMedia\" itemscope itemtype=\"http:\/\/schema.org\/ImageObject\"> <a href=\"https:\/\/suedkreislaeufer.de\/?attachment_id=15511\" border=\"0\" itemprop=\"url\"> <meta itemprop=\"width\" content=\"272\"> <meta itemprop=\"height\" content=\"153\"> <img decoding=\"async\" class=\"\" data-attachment-id=\"15511\" data-orig-file=\"https:\/\/suedkreislaeufer.de\/wp-content\/uploads\/2018\/06\/2018-06-16-08h13m54s-HeideUltraTrail.jpg.jpeg\" data-orig-size=\"1000,563\" data-comments-opened=\"1\" data-image-meta=\"{&quot;aperture&quot;:&quot;2&quot;,&quot;credit&quot;:&quot;&quot;,&quot;camera&quot;:&quot;G8441&quot;,&quot;caption&quot;:&quot;&quot;,&quot;created_timestamp&quot;:&quot;1529136834&quot;,&quot;copyright&quot;:&quot;&quot;,&quot;focal_length&quot;:&quot;4.4&quot;,&quot;iso&quot;:&quot;40&quot;,&quot;shutter_speed&quot;:&quot;0.000307&quot;,&quot;title&quot;:&quot;&quot;,&quot;orientation&quot;:&quot;1&quot;}\" data-image-title=\"2018-06-16-08h13m54s &amp;#8211; HeideUltraTrail.jpg\" data-image-description=\"\" data-medium-file=\"https:\/\/i0.wp.com\/suedkreislaeufer.de\/wp-content\/uploads\/2018\/06\/2018-06-16-08h13m54s-HeideUltraTrail.jpg.jpeg?fit=300%2C169&#038;ssl=1\" data-large-file=\"https:\/\/i0.wp.com\/suedkreislaeufer.de\/wp-content\/uploads\/2018\/06\/2018-06-16-08h13m54s-HeideUltraTrail.jpg.jpeg?fit=640%2C360&#038;ssl=1\" src=\"https:\/\/i0.wp.com\/suedkreislaeufer.de\/wp-content\/uploads\/2018\/06\/2018-06-16-08h13m54s-HeideUltraTrail.jpg.jpeg?w=272&#038;h=153&#038;ssl=1\" srcset=\"https:\/\/i0.wp.com\/suedkreislaeufer.de\/wp-content\/uploads\/2018\/06\/2018-06-16-08h13m54s-HeideUltraTrail.jpg.jpeg?w=1000&amp;ssl=1 1000w, https:\/\/i0.wp.com\/suedkreislaeufer.de\/wp-content\/uploads\/2018\/06\/2018-06-16-08h13m54s-HeideUltraTrail.jpg.jpeg?resize=300%2C169&amp;ssl=1 300w, https:\/\/i0.wp.com\/suedkreislaeufer.de\/wp-content\/uploads\/2018\/06\/2018-06-16-08h13m54s-HeideUltraTrail.jpg.jpeg?resize=768%2C432&amp;ssl=1 768w\" width=\"272\" height=\"153\" loading=\"lazy\" data-original-width=\"272\" data-original-height=\"153\" itemprop=\"http:\/\/schema.org\/image\" title=\"2018-06-16-08h13m54s - HeideUltraTrail.jpg\" alt=\"2018-06-16-08h13m54s - HeideUltraTrail.jpg\" style=\"width: 272px; height: 153px;\" \/> <\/a> <\/div> <div class=\"tiled-gallery-item tiled-gallery-item-large\" itemprop=\"associatedMedia\" itemscope itemtype=\"http:\/\/schema.org\/ImageObject\"> <a href=\"https:\/\/suedkreislaeufer.de\/?attachment_id=15512\" border=\"0\" itemprop=\"url\"> <meta itemprop=\"width\" content=\"272\"> <meta itemprop=\"height\" content=\"203\"> <img decoding=\"async\" class=\"\" data-attachment-id=\"15512\" data-orig-file=\"https:\/\/suedkreislaeufer.de\/wp-content\/uploads\/2018\/06\/2018-06-16-08h14m42s-HeideUltraTrail.jpg.jpeg\" data-orig-size=\"1000,750\" data-comments-opened=\"1\" data-image-meta=\"{&quot;aperture&quot;:&quot;2&quot;,&quot;credit&quot;:&quot;&quot;,&quot;camera&quot;:&quot;G8441&quot;,&quot;caption&quot;:&quot;&quot;,&quot;created_timestamp&quot;:&quot;1529136882&quot;,&quot;copyright&quot;:&quot;&quot;,&quot;focal_length&quot;:&quot;4.4&quot;,&quot;iso&quot;:&quot;40&quot;,&quot;shutter_speed&quot;:&quot;0.000208&quot;,&quot;title&quot;:&quot;&quot;,&quot;orientation&quot;:&quot;1&quot;}\" data-image-title=\"2018-06-16-08h14m42s &amp;#8211; HeideUltraTrail.jpg\" data-image-description=\"\" data-medium-file=\"https:\/\/i0.wp.com\/suedkreislaeufer.de\/wp-content\/uploads\/2018\/06\/2018-06-16-08h14m42s-HeideUltraTrail.jpg.jpeg?fit=300%2C225&#038;ssl=1\" data-large-file=\"https:\/\/i0.wp.com\/suedkreislaeufer.de\/wp-content\/uploads\/2018\/06\/2018-06-16-08h14m42s-HeideUltraTrail.jpg.jpeg?fit=640%2C480&#038;ssl=1\" src=\"https:\/\/i0.wp.com\/suedkreislaeufer.de\/wp-content\/uploads\/2018\/06\/2018-06-16-08h14m42s-HeideUltraTrail.jpg.jpeg?w=272&#038;h=203&#038;ssl=1\" srcset=\"https:\/\/i0.wp.com\/suedkreislaeufer.de\/wp-content\/uploads\/2018\/06\/2018-06-16-08h14m42s-HeideUltraTrail.jpg.jpeg?w=1000&amp;ssl=1 1000w, https:\/\/i0.wp.com\/suedkreislaeufer.de\/wp-content\/uploads\/2018\/06\/2018-06-16-08h14m42s-HeideUltraTrail.jpg.jpeg?resize=300%2C225&amp;ssl=1 300w, https:\/\/i0.wp.com\/suedkreislaeufer.de\/wp-content\/uploads\/2018\/06\/2018-06-16-08h14m42s-HeideUltraTrail.jpg.jpeg?resize=768%2C576&amp;ssl=1 768w\" width=\"272\" height=\"203\" loading=\"lazy\" data-original-width=\"272\" data-original-height=\"203\" itemprop=\"http:\/\/schema.org\/image\" title=\"2018-06-16-08h14m42s - HeideUltraTrail.jpg\" alt=\"2018-06-16-08h14m42s - HeideUltraTrail.jpg\" style=\"width: 272px; height: 203px;\" \/> <\/a> <\/div> <\/div> <!-- close group --> <\/div> <!-- close row --> <div class=\"gallery-row\" style=\"width: 640px; height: 519px;\" data-original-width=\"640\" data-original-height=\"519\" > <div class=\"gallery-group images-3\" style=\"width: 250px; height: 519px;\" data-original-width=\"250\" data-original-height=\"519\" > <div class=\"tiled-gallery-item tiled-gallery-item-small\" itemprop=\"associatedMedia\" itemscope itemtype=\"http:\/\/schema.org\/ImageObject\"> <a href=\"https:\/\/suedkreislaeufer.de\/?attachment_id=15513\" border=\"0\" itemprop=\"url\"> <meta itemprop=\"width\" content=\"246\"> <meta itemprop=\"height\" content=\"184\"> <img decoding=\"async\" class=\"\" data-attachment-id=\"15513\" data-orig-file=\"https:\/\/suedkreislaeufer.de\/wp-content\/uploads\/2018\/06\/2018-06-16-08h18m18s-HeideUltraTrail.jpg.jpeg\" data-orig-size=\"1000,750\" data-comments-opened=\"1\" data-image-meta=\"{&quot;aperture&quot;:&quot;2&quot;,&quot;credit&quot;:&quot;&quot;,&quot;camera&quot;:&quot;G8441&quot;,&quot;caption&quot;:&quot;&quot;,&quot;created_timestamp&quot;:&quot;1529137098&quot;,&quot;copyright&quot;:&quot;&quot;,&quot;focal_length&quot;:&quot;4.4&quot;,&quot;iso&quot;:&quot;40&quot;,&quot;shutter_speed&quot;:&quot;0.00032&quot;,&quot;title&quot;:&quot;&quot;,&quot;orientation&quot;:&quot;1&quot;}\" data-image-title=\"2018-06-16-08h18m18s &amp;#8211; HeideUltraTrail.jpg\" data-image-description=\"\" data-medium-file=\"https:\/\/i0.wp.com\/suedkreislaeufer.de\/wp-content\/uploads\/2018\/06\/2018-06-16-08h18m18s-HeideUltraTrail.jpg.jpeg?fit=300%2C225&#038;ssl=1\" data-large-file=\"https:\/\/i0.wp.com\/suedkreislaeufer.de\/wp-content\/uploads\/2018\/06\/2018-06-16-08h18m18s-HeideUltraTrail.jpg.jpeg?fit=640%2C480&#038;ssl=1\" src=\"https:\/\/i0.wp.com\/suedkreislaeufer.de\/wp-content\/uploads\/2018\/06\/2018-06-16-08h18m18s-HeideUltraTrail.jpg.jpeg?w=246&#038;h=184&#038;ssl=1\" srcset=\"https:\/\/i0.wp.com\/suedkreislaeufer.de\/wp-content\/uploads\/2018\/06\/2018-06-16-08h18m18s-HeideUltraTrail.jpg.jpeg?w=1000&amp;ssl=1 1000w, https:\/\/i0.wp.com\/suedkreislaeufer.de\/wp-content\/uploads\/2018\/06\/2018-06-16-08h18m18s-HeideUltraTrail.jpg.jpeg?resize=300%2C225&amp;ssl=1 300w, https:\/\/i0.wp.com\/suedkreislaeufer.de\/wp-content\/uploads\/2018\/06\/2018-06-16-08h18m18s-HeideUltraTrail.jpg.jpeg?resize=768%2C576&amp;ssl=1 768w\" width=\"246\" height=\"184\" loading=\"lazy\" data-original-width=\"246\" data-original-height=\"184\" itemprop=\"http:\/\/schema.org\/image\" title=\"2018-06-16-08h18m18s - HeideUltraTrail.jpg\" alt=\"2018-06-16-08h18m18s - HeideUltraTrail.jpg\" style=\"width: 246px; height: 184px;\" \/> <\/a> <\/div> <div class=\"tiled-gallery-item tiled-gallery-item-small\" itemprop=\"associatedMedia\" itemscope itemtype=\"http:\/\/schema.org\/ImageObject\"> <a href=\"https:\/\/suedkreislaeufer.de\/?attachment_id=15514\" border=\"0\" itemprop=\"url\"> <meta itemprop=\"width\" content=\"246\"> <meta itemprop=\"height\" content=\"139\"> <img decoding=\"async\" class=\"\" data-attachment-id=\"15514\" data-orig-file=\"https:\/\/suedkreislaeufer.de\/wp-content\/uploads\/2018\/06\/2018-06-16-08h19m35s-HeideUltraTrail.jpg.jpeg\" data-orig-size=\"1000,563\" data-comments-opened=\"1\" data-image-meta=\"{&quot;aperture&quot;:&quot;2&quot;,&quot;credit&quot;:&quot;&quot;,&quot;camera&quot;:&quot;G8441&quot;,&quot;caption&quot;:&quot;&quot;,&quot;created_timestamp&quot;:&quot;1529137175&quot;,&quot;copyright&quot;:&quot;&quot;,&quot;focal_length&quot;:&quot;4.4&quot;,&quot;iso&quot;:&quot;40&quot;,&quot;shutter_speed&quot;:&quot;0.001832&quot;,&quot;title&quot;:&quot;&quot;,&quot;orientation&quot;:&quot;1&quot;}\" data-image-title=\"2018-06-16-08h19m35s &amp;#8211; HeideUltraTrail.jpg\" data-image-description=\"\" data-medium-file=\"https:\/\/i0.wp.com\/suedkreislaeufer.de\/wp-content\/uploads\/2018\/06\/2018-06-16-08h19m35s-HeideUltraTrail.jpg.jpeg?fit=300%2C169&#038;ssl=1\" data-large-file=\"https:\/\/i0.wp.com\/suedkreislaeufer.de\/wp-content\/uploads\/2018\/06\/2018-06-16-08h19m35s-HeideUltraTrail.jpg.jpeg?fit=640%2C360&#038;ssl=1\" src=\"https:\/\/i0.wp.com\/suedkreislaeufer.de\/wp-content\/uploads\/2018\/06\/2018-06-16-08h19m35s-HeideUltraTrail.jpg.jpeg?w=246&#038;h=139&#038;ssl=1\" srcset=\"https:\/\/i0.wp.com\/suedkreislaeufer.de\/wp-content\/uploads\/2018\/06\/2018-06-16-08h19m35s-HeideUltraTrail.jpg.jpeg?w=1000&amp;ssl=1 1000w, https:\/\/i0.wp.com\/suedkreislaeufer.de\/wp-content\/uploads\/2018\/06\/2018-06-16-08h19m35s-HeideUltraTrail.jpg.jpeg?resize=300%2C169&amp;ssl=1 300w, https:\/\/i0.wp.com\/suedkreislaeufer.de\/wp-content\/uploads\/2018\/06\/2018-06-16-08h19m35s-HeideUltraTrail.jpg.jpeg?resize=768%2C432&amp;ssl=1 768w\" width=\"246\" height=\"139\" loading=\"lazy\" data-original-width=\"246\" data-original-height=\"139\" itemprop=\"http:\/\/schema.org\/image\" title=\"2018-06-16-08h19m35s - HeideUltraTrail.jpg\" alt=\"2018-06-16-08h19m35s - HeideUltraTrail.jpg\" style=\"width: 246px; height: 139px;\" \/> <\/a> <\/div> <div class=\"tiled-gallery-item tiled-gallery-item-small\" itemprop=\"associatedMedia\" itemscope itemtype=\"http:\/\/schema.org\/ImageObject\"> <a href=\"https:\/\/suedkreislaeufer.de\/?attachment_id=15515\" border=\"0\" itemprop=\"url\"> <meta itemprop=\"width\" content=\"246\"> <meta itemprop=\"height\" content=\"184\"> <img decoding=\"async\" class=\"\" data-attachment-id=\"15515\" data-orig-file=\"https:\/\/suedkreislaeufer.de\/wp-content\/uploads\/2018\/06\/2018-06-16-08h22m26s-HeideUltraTrail.jpg.jpeg\" data-orig-size=\"1000,750\" data-comments-opened=\"1\" data-image-meta=\"{&quot;aperture&quot;:&quot;2&quot;,&quot;credit&quot;:&quot;&quot;,&quot;camera&quot;:&quot;G8441&quot;,&quot;caption&quot;:&quot;&quot;,&quot;created_timestamp&quot;:&quot;1529137346&quot;,&quot;copyright&quot;:&quot;&quot;,&quot;focal_length&quot;:&quot;4.4&quot;,&quot;iso&quot;:&quot;40&quot;,&quot;shutter_speed&quot;:&quot;0.000311&quot;,&quot;title&quot;:&quot;&quot;,&quot;orientation&quot;:&quot;1&quot;}\" data-image-title=\"2018-06-16-08h22m26s &amp;#8211; HeideUltraTrail.jpg\" data-image-description=\"\" data-medium-file=\"https:\/\/i0.wp.com\/suedkreislaeufer.de\/wp-content\/uploads\/2018\/06\/2018-06-16-08h22m26s-HeideUltraTrail.jpg.jpeg?fit=300%2C225&#038;ssl=1\" data-large-file=\"https:\/\/i0.wp.com\/suedkreislaeufer.de\/wp-content\/uploads\/2018\/06\/2018-06-16-08h22m26s-HeideUltraTrail.jpg.jpeg?fit=640%2C480&#038;ssl=1\" src=\"https:\/\/i0.wp.com\/suedkreislaeufer.de\/wp-content\/uploads\/2018\/06\/2018-06-16-08h22m26s-HeideUltraTrail.jpg.jpeg?w=246&#038;h=184&#038;ssl=1\" srcset=\"https:\/\/i0.wp.com\/suedkreislaeufer.de\/wp-content\/uploads\/2018\/06\/2018-06-16-08h22m26s-HeideUltraTrail.jpg.jpeg?w=1000&amp;ssl=1 1000w, https:\/\/i0.wp.com\/suedkreislaeufer.de\/wp-content\/uploads\/2018\/06\/2018-06-16-08h22m26s-HeideUltraTrail.jpg.jpeg?resize=300%2C225&amp;ssl=1 300w, https:\/\/i0.wp.com\/suedkreislaeufer.de\/wp-content\/uploads\/2018\/06\/2018-06-16-08h22m26s-HeideUltraTrail.jpg.jpeg?resize=768%2C576&amp;ssl=1 768w\" width=\"246\" height=\"184\" loading=\"lazy\" data-original-width=\"246\" data-original-height=\"184\" itemprop=\"http:\/\/schema.org\/image\" title=\"2018-06-16-08h22m26s - HeideUltraTrail.jpg\" alt=\"2018-06-16-08h22m26s - HeideUltraTrail.jpg\" style=\"width: 246px; height: 184px;\" \/> <\/a> <\/div> <\/div> <!-- close group --> <div class=\"gallery-group images-1\" style=\"width: 390px; height: 519px;\" data-original-width=\"390\" data-original-height=\"519\" > <div class=\"tiled-gallery-item tiled-gallery-item-large\" itemprop=\"associatedMedia\" itemscope itemtype=\"http:\/\/schema.org\/ImageObject\"> <a href=\"https:\/\/suedkreislaeufer.de\/?attachment_id=15516\" border=\"0\" itemprop=\"url\"> <meta itemprop=\"width\" content=\"386\"> <meta itemprop=\"height\" content=\"515\"> <img decoding=\"async\" class=\"\" data-attachment-id=\"15516\" data-orig-file=\"https:\/\/suedkreislaeufer.de\/wp-content\/uploads\/2018\/06\/2018-06-16-08h26m04s-HeideUltraTrail.jpg.jpeg\" data-orig-size=\"750,1000\" data-comments-opened=\"1\" data-image-meta=\"{&quot;aperture&quot;:&quot;2&quot;,&quot;credit&quot;:&quot;&quot;,&quot;camera&quot;:&quot;G8441&quot;,&quot;caption&quot;:&quot;&quot;,&quot;created_timestamp&quot;:&quot;1529137564&quot;,&quot;copyright&quot;:&quot;&quot;,&quot;focal_length&quot;:&quot;4.4&quot;,&quot;iso&quot;:&quot;40&quot;,&quot;shutter_speed&quot;:&quot;0.000122&quot;,&quot;title&quot;:&quot;&quot;,&quot;orientation&quot;:&quot;1&quot;}\" data-image-title=\"2018-06-16-08h26m04s &amp;#8211; HeideUltraTrail.jpg\" data-image-description=\"\" data-medium-file=\"https:\/\/i0.wp.com\/suedkreislaeufer.de\/wp-content\/uploads\/2018\/06\/2018-06-16-08h26m04s-HeideUltraTrail.jpg.jpeg?fit=225%2C300&#038;ssl=1\" data-large-file=\"https:\/\/i0.wp.com\/suedkreislaeufer.de\/wp-content\/uploads\/2018\/06\/2018-06-16-08h26m04s-HeideUltraTrail.jpg.jpeg?fit=640%2C853&#038;ssl=1\" src=\"https:\/\/i0.wp.com\/suedkreislaeufer.de\/wp-content\/uploads\/2018\/06\/2018-06-16-08h26m04s-HeideUltraTrail.jpg.jpeg?w=386&#038;h=515&#038;ssl=1\" srcset=\"https:\/\/i0.wp.com\/suedkreislaeufer.de\/wp-content\/uploads\/2018\/06\/2018-06-16-08h26m04s-HeideUltraTrail.jpg.jpeg?w=750&amp;ssl=1 750w, https:\/\/i0.wp.com\/suedkreislaeufer.de\/wp-content\/uploads\/2018\/06\/2018-06-16-08h26m04s-HeideUltraTrail.jpg.jpeg?resize=225%2C300&amp;ssl=1 225w\" width=\"386\" height=\"515\" loading=\"lazy\" data-original-width=\"386\" data-original-height=\"515\" itemprop=\"http:\/\/schema.org\/image\" title=\"2018-06-16-08h26m04s - HeideUltraTrail.jpg\" alt=\"2018-06-16-08h26m04s - HeideUltraTrail.jpg\" style=\"width: 386px; height: 515px;\" \/> <\/a> <\/div> <\/div> <!-- close group --> <\/div> <!-- close row --> <div class=\"gallery-row\" style=\"width: 640px; height: 481px;\" data-original-width=\"640\" data-original-height=\"481\" > <div class=\"gallery-group images-1\" style=\"width: 640px; height: 481px;\" data-original-width=\"640\" data-original-height=\"481\" > <div class=\"tiled-gallery-item tiled-gallery-item-large\" itemprop=\"associatedMedia\" itemscope itemtype=\"http:\/\/schema.org\/ImageObject\"> <a href=\"https:\/\/suedkreislaeufer.de\/?attachment_id=15517\" border=\"0\" itemprop=\"url\"> <meta itemprop=\"width\" content=\"636\"> <meta itemprop=\"height\" content=\"477\"> <img decoding=\"async\" class=\"\" data-attachment-id=\"15517\" data-orig-file=\"https:\/\/suedkreislaeufer.de\/wp-content\/uploads\/2018\/06\/2018-06-16-08h28m00s-HeideUltraTrail.jpg.jpeg\" data-orig-size=\"1000,750\" data-comments-opened=\"1\" data-image-meta=\"{&quot;aperture&quot;:&quot;2&quot;,&quot;credit&quot;:&quot;&quot;,&quot;camera&quot;:&quot;G8441&quot;,&quot;caption&quot;:&quot;&quot;,&quot;created_timestamp&quot;:&quot;1529137680&quot;,&quot;copyright&quot;:&quot;&quot;,&quot;focal_length&quot;:&quot;4.4&quot;,&quot;iso&quot;:&quot;40&quot;,&quot;shutter_speed&quot;:&quot;0.00421&quot;,&quot;title&quot;:&quot;&quot;,&quot;orientation&quot;:&quot;1&quot;}\" data-image-title=\"2018-06-16-08h28m00s &amp;#8211; HeideUltraTrail.jpg\" data-image-description=\"\" data-medium-file=\"https:\/\/i0.wp.com\/suedkreislaeufer.de\/wp-content\/uploads\/2018\/06\/2018-06-16-08h28m00s-HeideUltraTrail.jpg.jpeg?fit=300%2C225&#038;ssl=1\" data-large-file=\"https:\/\/i0.wp.com\/suedkreislaeufer.de\/wp-content\/uploads\/2018\/06\/2018-06-16-08h28m00s-HeideUltraTrail.jpg.jpeg?fit=640%2C480&#038;ssl=1\" src=\"https:\/\/i0.wp.com\/suedkreislaeufer.de\/wp-content\/uploads\/2018\/06\/2018-06-16-08h28m00s-HeideUltraTrail.jpg.jpeg?w=636&#038;h=477&#038;ssl=1\" srcset=\"https:\/\/i0.wp.com\/suedkreislaeufer.de\/wp-content\/uploads\/2018\/06\/2018-06-16-08h28m00s-HeideUltraTrail.jpg.jpeg?w=1000&amp;ssl=1 1000w, https:\/\/i0.wp.com\/suedkreislaeufer.de\/wp-content\/uploads\/2018\/06\/2018-06-16-08h28m00s-HeideUltraTrail.jpg.jpeg?resize=300%2C225&amp;ssl=1 300w, https:\/\/i0.wp.com\/suedkreislaeufer.de\/wp-content\/uploads\/2018\/06\/2018-06-16-08h28m00s-HeideUltraTrail.jpg.jpeg?resize=768%2C576&amp;ssl=1 768w\" width=\"636\" height=\"477\" loading=\"lazy\" data-original-width=\"636\" data-original-height=\"477\" itemprop=\"http:\/\/schema.org\/image\" title=\"2018-06-16-08h28m00s - HeideUltraTrail.jpg\" alt=\"2018-06-16-08h28m00s - HeideUltraTrail.jpg\" style=\"width: 636px; height: 477px;\" \/> <\/a> <\/div> <\/div> <!-- close group --> <\/div> <!-- close row --> <\/div>\n<p align=\"justify\">Es wurde im Laufe des Vormittages immer w\u00e4rmer, ja sogar hei\u00dfer. Um kurz nach 09 Uhr erreichen wir den <a href=\"https:\/\/de.wikipedia.org\/wiki\/Totengrund_(Wilseder_Berg)\" target=\"_blank\" rel=\"noopener\">Totengrund<\/a>, definitiv ein Highlight der Strecke. Ich mu\u00dfte mehrere Fotos machen was mich mal wieder ein wenig zur\u00fcckfallen lies, Daniel meinte ob ich die Bilder male oder warum das so lange dauerte <img data-recalc-dims=\"1\" decoding=\"async\" class=\"wlEmoticon wlEmoticon-smile\" style=\"border-style: none;\" src=\"https:\/\/i0.wp.com\/suedkreislaeufer.de\/wp-content\/uploads\/2018\/06\/wlEmoticon-smile.png?w=640&#038;ssl=1\" alt=\"Smiley\" \/> Das war auch ein kleines Problem, ich mu\u00dfte st\u00e4ndig f\u00fcr kleiner L\u00e4ufer anhalten und anschlie\u00dfend wieder meine beiden Kollegen einholen die langsam weiter liefen. So war es ein st\u00e4ndiges hin und her, Foto, aufholen, B\u00fcsche, aufholen.<\/p>\n<div class=\"tiled-gallery type-rectangular tiled-gallery-unresized\" data-original-width=\"640\" data-carousel-extra='{&quot;blog_id&quot;:1,&quot;permalink&quot;:&quot;https:\\\/\\\/suedkreislaeufer.de\\\/?p=15508&quot;,&quot;likes_blog_id&quot;:31057968}' itemscope itemtype=\"http:\/\/schema.org\/ImageGallery\" > <div class=\"gallery-row\" style=\"width: 640px; height: 536px;\" data-original-width=\"640\" data-original-height=\"536\" > <div class=\"gallery-group images-3\" style=\"width: 237px; height: 536px;\" data-original-width=\"237\" data-original-height=\"536\" > <div class=\"tiled-gallery-item tiled-gallery-item-small\" itemprop=\"associatedMedia\" itemscope itemtype=\"http:\/\/schema.org\/ImageObject\"> <a href=\"https:\/\/suedkreislaeufer.de\/?attachment_id=15518\" border=\"0\" itemprop=\"url\"> <meta itemprop=\"width\" content=\"233\"> <meta itemprop=\"height\" content=\"175\"> <img decoding=\"async\" class=\"\" data-attachment-id=\"15518\" data-orig-file=\"https:\/\/suedkreislaeufer.de\/wp-content\/uploads\/2018\/06\/2018-06-16-09h00m07s-HeideUltraTrail.jpg.jpeg\" data-orig-size=\"1000,750\" data-comments-opened=\"1\" data-image-meta=\"{&quot;aperture&quot;:&quot;2&quot;,&quot;credit&quot;:&quot;&quot;,&quot;camera&quot;:&quot;G8441&quot;,&quot;caption&quot;:&quot;&quot;,&quot;created_timestamp&quot;:&quot;1529139607&quot;,&quot;copyright&quot;:&quot;&quot;,&quot;focal_length&quot;:&quot;4.4&quot;,&quot;iso&quot;:&quot;40&quot;,&quot;shutter_speed&quot;:&quot;0.000113&quot;,&quot;title&quot;:&quot;&quot;,&quot;orientation&quot;:&quot;1&quot;}\" data-image-title=\"2018-06-16-09h00m07s &amp;#8211; HeideUltraTrail.jpg\" data-image-description=\"\" data-medium-file=\"https:\/\/i0.wp.com\/suedkreislaeufer.de\/wp-content\/uploads\/2018\/06\/2018-06-16-09h00m07s-HeideUltraTrail.jpg.jpeg?fit=300%2C225&#038;ssl=1\" data-large-file=\"https:\/\/i0.wp.com\/suedkreislaeufer.de\/wp-content\/uploads\/2018\/06\/2018-06-16-09h00m07s-HeideUltraTrail.jpg.jpeg?fit=640%2C480&#038;ssl=1\" src=\"https:\/\/i0.wp.com\/suedkreislaeufer.de\/wp-content\/uploads\/2018\/06\/2018-06-16-09h00m07s-HeideUltraTrail.jpg.jpeg?w=233&#038;h=175&#038;ssl=1\" srcset=\"https:\/\/i0.wp.com\/suedkreislaeufer.de\/wp-content\/uploads\/2018\/06\/2018-06-16-09h00m07s-HeideUltraTrail.jpg.jpeg?w=1000&amp;ssl=1 1000w, https:\/\/i0.wp.com\/suedkreislaeufer.de\/wp-content\/uploads\/2018\/06\/2018-06-16-09h00m07s-HeideUltraTrail.jpg.jpeg?resize=300%2C225&amp;ssl=1 300w, https:\/\/i0.wp.com\/suedkreislaeufer.de\/wp-content\/uploads\/2018\/06\/2018-06-16-09h00m07s-HeideUltraTrail.jpg.jpeg?resize=768%2C576&amp;ssl=1 768w\" width=\"233\" height=\"175\" loading=\"lazy\" data-original-width=\"233\" data-original-height=\"175\" itemprop=\"http:\/\/schema.org\/image\" title=\"2018-06-16-09h00m07s - HeideUltraTrail.jpg\" alt=\"2018-06-16-09h00m07s - HeideUltraTrail.jpg\" style=\"width: 233px; height: 175px;\" \/> <\/a> <\/div> <div class=\"tiled-gallery-item tiled-gallery-item-small\" itemprop=\"associatedMedia\" itemscope itemtype=\"http:\/\/schema.org\/ImageObject\"> <a href=\"https:\/\/suedkreislaeufer.de\/?attachment_id=15519\" border=\"0\" itemprop=\"url\"> <meta itemprop=\"width\" content=\"233\"> <meta itemprop=\"height\" content=\"175\"> <img decoding=\"async\" class=\"\" data-attachment-id=\"15519\" data-orig-file=\"https:\/\/suedkreislaeufer.de\/wp-content\/uploads\/2018\/06\/2018-06-16-09h00m22s-HeideUltraTrail.jpg.jpeg\" data-orig-size=\"1000,750\" data-comments-opened=\"1\" data-image-meta=\"{&quot;aperture&quot;:&quot;2&quot;,&quot;credit&quot;:&quot;&quot;,&quot;camera&quot;:&quot;G8441&quot;,&quot;caption&quot;:&quot;&quot;,&quot;created_timestamp&quot;:&quot;1529139622&quot;,&quot;copyright&quot;:&quot;&quot;,&quot;focal_length&quot;:&quot;4.4&quot;,&quot;iso&quot;:&quot;40&quot;,&quot;shutter_speed&quot;:&quot;0.000488&quot;,&quot;title&quot;:&quot;&quot;,&quot;orientation&quot;:&quot;1&quot;}\" data-image-title=\"2018-06-16-09h00m22s &amp;#8211; HeideUltraTrail.jpg\" data-image-description=\"\" data-medium-file=\"https:\/\/i0.wp.com\/suedkreislaeufer.de\/wp-content\/uploads\/2018\/06\/2018-06-16-09h00m22s-HeideUltraTrail.jpg.jpeg?fit=300%2C225&#038;ssl=1\" data-large-file=\"https:\/\/i0.wp.com\/suedkreislaeufer.de\/wp-content\/uploads\/2018\/06\/2018-06-16-09h00m22s-HeideUltraTrail.jpg.jpeg?fit=640%2C480&#038;ssl=1\" src=\"https:\/\/i0.wp.com\/suedkreislaeufer.de\/wp-content\/uploads\/2018\/06\/2018-06-16-09h00m22s-HeideUltraTrail.jpg.jpeg?w=233&#038;h=175&#038;ssl=1\" srcset=\"https:\/\/i0.wp.com\/suedkreislaeufer.de\/wp-content\/uploads\/2018\/06\/2018-06-16-09h00m22s-HeideUltraTrail.jpg.jpeg?w=1000&amp;ssl=1 1000w, https:\/\/i0.wp.com\/suedkreislaeufer.de\/wp-content\/uploads\/2018\/06\/2018-06-16-09h00m22s-HeideUltraTrail.jpg.jpeg?resize=300%2C225&amp;ssl=1 300w, https:\/\/i0.wp.com\/suedkreislaeufer.de\/wp-content\/uploads\/2018\/06\/2018-06-16-09h00m22s-HeideUltraTrail.jpg.jpeg?resize=768%2C576&amp;ssl=1 768w\" width=\"233\" height=\"175\" loading=\"lazy\" data-original-width=\"233\" data-original-height=\"175\" itemprop=\"http:\/\/schema.org\/image\" title=\"2018-06-16-09h00m22s - HeideUltraTrail.jpg\" alt=\"2018-06-16-09h00m22s - HeideUltraTrail.jpg\" style=\"width: 233px; height: 175px;\" \/> <\/a> <\/div> <div class=\"tiled-gallery-item tiled-gallery-item-small\" itemprop=\"associatedMedia\" itemscope itemtype=\"http:\/\/schema.org\/ImageObject\"> <a href=\"https:\/\/suedkreislaeufer.de\/?attachment_id=15520\" border=\"0\" itemprop=\"url\"> <meta itemprop=\"width\" content=\"233\"> <meta itemprop=\"height\" content=\"174\"> <img decoding=\"async\" class=\"\" data-attachment-id=\"15520\" data-orig-file=\"https:\/\/suedkreislaeufer.de\/wp-content\/uploads\/2018\/06\/2018-06-16-09h01m21s-HeideUltraTrail.jpg.jpeg\" data-orig-size=\"1000,750\" data-comments-opened=\"1\" data-image-meta=\"{&quot;aperture&quot;:&quot;2&quot;,&quot;credit&quot;:&quot;&quot;,&quot;camera&quot;:&quot;G8441&quot;,&quot;caption&quot;:&quot;&quot;,&quot;created_timestamp&quot;:&quot;1529139681&quot;,&quot;copyright&quot;:&quot;&quot;,&quot;focal_length&quot;:&quot;4.4&quot;,&quot;iso&quot;:&quot;40&quot;,&quot;shutter_speed&quot;:&quot;0.00247&quot;,&quot;title&quot;:&quot;&quot;,&quot;orientation&quot;:&quot;1&quot;}\" data-image-title=\"2018-06-16-09h01m21s &amp;#8211; HeideUltraTrail.jpg\" data-image-description=\"\" data-medium-file=\"https:\/\/i0.wp.com\/suedkreislaeufer.de\/wp-content\/uploads\/2018\/06\/2018-06-16-09h01m21s-HeideUltraTrail.jpg.jpeg?fit=300%2C225&#038;ssl=1\" data-large-file=\"https:\/\/i0.wp.com\/suedkreislaeufer.de\/wp-content\/uploads\/2018\/06\/2018-06-16-09h01m21s-HeideUltraTrail.jpg.jpeg?fit=640%2C480&#038;ssl=1\" src=\"https:\/\/i0.wp.com\/suedkreislaeufer.de\/wp-content\/uploads\/2018\/06\/2018-06-16-09h01m21s-HeideUltraTrail.jpg.jpeg?w=233&#038;h=174&#038;ssl=1\" srcset=\"https:\/\/i0.wp.com\/suedkreislaeufer.de\/wp-content\/uploads\/2018\/06\/2018-06-16-09h01m21s-HeideUltraTrail.jpg.jpeg?w=1000&amp;ssl=1 1000w, https:\/\/i0.wp.com\/suedkreislaeufer.de\/wp-content\/uploads\/2018\/06\/2018-06-16-09h01m21s-HeideUltraTrail.jpg.jpeg?resize=300%2C225&amp;ssl=1 300w, https:\/\/i0.wp.com\/suedkreislaeufer.de\/wp-content\/uploads\/2018\/06\/2018-06-16-09h01m21s-HeideUltraTrail.jpg.jpeg?resize=768%2C576&amp;ssl=1 768w\" width=\"233\" height=\"174\" loading=\"lazy\" data-original-width=\"233\" data-original-height=\"174\" itemprop=\"http:\/\/schema.org\/image\" title=\"2018-06-16-09h01m21s - HeideUltraTrail.jpg\" alt=\"2018-06-16-09h01m21s - HeideUltraTrail.jpg\" style=\"width: 233px; height: 174px;\" \/> <\/a> <\/div> <\/div> <!-- close group --> <div class=\"gallery-group images-1\" style=\"width: 403px; height: 536px;\" data-original-width=\"403\" data-original-height=\"536\" > <div class=\"tiled-gallery-item tiled-gallery-item-large\" itemprop=\"associatedMedia\" itemscope itemtype=\"http:\/\/schema.org\/ImageObject\"> <a href=\"https:\/\/suedkreislaeufer.de\/?attachment_id=15521\" border=\"0\" itemprop=\"url\"> <meta itemprop=\"width\" content=\"399\"> <meta itemprop=\"height\" content=\"532\"> <img decoding=\"async\" class=\"\" data-attachment-id=\"15521\" data-orig-file=\"https:\/\/suedkreislaeufer.de\/wp-content\/uploads\/2018\/06\/2018-06-16-09h01m33s-HeideUltraTrail.jpg.jpeg\" data-orig-size=\"750,1000\" data-comments-opened=\"1\" data-image-meta=\"{&quot;aperture&quot;:&quot;2&quot;,&quot;credit&quot;:&quot;&quot;,&quot;camera&quot;:&quot;G8441&quot;,&quot;caption&quot;:&quot;&quot;,&quot;created_timestamp&quot;:&quot;1529139693&quot;,&quot;copyright&quot;:&quot;&quot;,&quot;focal_length&quot;:&quot;4.4&quot;,&quot;iso&quot;:&quot;40&quot;,&quot;shutter_speed&quot;:&quot;0.001668&quot;,&quot;title&quot;:&quot;&quot;,&quot;orientation&quot;:&quot;1&quot;}\" data-image-title=\"2018-06-16-09h01m33s &amp;#8211; HeideUltraTrail.jpg\" data-image-description=\"\" data-medium-file=\"https:\/\/i0.wp.com\/suedkreislaeufer.de\/wp-content\/uploads\/2018\/06\/2018-06-16-09h01m33s-HeideUltraTrail.jpg.jpeg?fit=225%2C300&#038;ssl=1\" data-large-file=\"https:\/\/i0.wp.com\/suedkreislaeufer.de\/wp-content\/uploads\/2018\/06\/2018-06-16-09h01m33s-HeideUltraTrail.jpg.jpeg?fit=640%2C853&#038;ssl=1\" src=\"https:\/\/i0.wp.com\/suedkreislaeufer.de\/wp-content\/uploads\/2018\/06\/2018-06-16-09h01m33s-HeideUltraTrail.jpg.jpeg?w=399&#038;h=532&#038;ssl=1\" srcset=\"https:\/\/i0.wp.com\/suedkreislaeufer.de\/wp-content\/uploads\/2018\/06\/2018-06-16-09h01m33s-HeideUltraTrail.jpg.jpeg?w=750&amp;ssl=1 750w, https:\/\/i0.wp.com\/suedkreislaeufer.de\/wp-content\/uploads\/2018\/06\/2018-06-16-09h01m33s-HeideUltraTrail.jpg.jpeg?resize=225%2C300&amp;ssl=1 225w\" width=\"399\" height=\"532\" loading=\"lazy\" data-original-width=\"399\" data-original-height=\"532\" itemprop=\"http:\/\/schema.org\/image\" title=\"2018-06-16-09h01m33s - HeideUltraTrail.jpg\" alt=\"2018-06-16-09h01m33s - HeideUltraTrail.jpg\" style=\"width: 399px; height: 532px;\" \/> <\/a> <\/div> <\/div> <!-- close group --> <\/div> <!-- close row --> <div class=\"gallery-row\" style=\"width: 640px; height: 321px;\" data-original-width=\"640\" data-original-height=\"321\" > <div class=\"gallery-group images-1\" style=\"width: 427px; height: 321px;\" data-original-width=\"427\" data-original-height=\"321\" > <div class=\"tiled-gallery-item tiled-gallery-item-large\" itemprop=\"associatedMedia\" itemscope itemtype=\"http:\/\/schema.org\/ImageObject\"> <a href=\"https:\/\/suedkreislaeufer.de\/?attachment_id=15522\" border=\"0\" itemprop=\"url\"> <meta itemprop=\"width\" content=\"423\"> <meta itemprop=\"height\" content=\"317\"> <img decoding=\"async\" class=\"\" data-attachment-id=\"15522\" data-orig-file=\"https:\/\/suedkreislaeufer.de\/wp-content\/uploads\/2018\/06\/2018-06-16-09h02m56s-HeideUltraTrail.jpg.jpeg\" data-orig-size=\"1000,750\" data-comments-opened=\"1\" data-image-meta=\"{&quot;aperture&quot;:&quot;2&quot;,&quot;credit&quot;:&quot;&quot;,&quot;camera&quot;:&quot;G8441&quot;,&quot;caption&quot;:&quot;&quot;,&quot;created_timestamp&quot;:&quot;1529139776&quot;,&quot;copyright&quot;:&quot;&quot;,&quot;focal_length&quot;:&quot;4.4&quot;,&quot;iso&quot;:&quot;40&quot;,&quot;shutter_speed&quot;:&quot;0.00026&quot;,&quot;title&quot;:&quot;&quot;,&quot;orientation&quot;:&quot;1&quot;}\" data-image-title=\"2018-06-16-09h02m56s &amp;#8211; HeideUltraTrail.jpg\" data-image-description=\"\" data-medium-file=\"https:\/\/i0.wp.com\/suedkreislaeufer.de\/wp-content\/uploads\/2018\/06\/2018-06-16-09h02m56s-HeideUltraTrail.jpg.jpeg?fit=300%2C225&#038;ssl=1\" data-large-file=\"https:\/\/i0.wp.com\/suedkreislaeufer.de\/wp-content\/uploads\/2018\/06\/2018-06-16-09h02m56s-HeideUltraTrail.jpg.jpeg?fit=640%2C480&#038;ssl=1\" src=\"https:\/\/i0.wp.com\/suedkreislaeufer.de\/wp-content\/uploads\/2018\/06\/2018-06-16-09h02m56s-HeideUltraTrail.jpg.jpeg?w=423&#038;h=317&#038;ssl=1\" srcset=\"https:\/\/i0.wp.com\/suedkreislaeufer.de\/wp-content\/uploads\/2018\/06\/2018-06-16-09h02m56s-HeideUltraTrail.jpg.jpeg?w=1000&amp;ssl=1 1000w, https:\/\/i0.wp.com\/suedkreislaeufer.de\/wp-content\/uploads\/2018\/06\/2018-06-16-09h02m56s-HeideUltraTrail.jpg.jpeg?resize=300%2C225&amp;ssl=1 300w, https:\/\/i0.wp.com\/suedkreislaeufer.de\/wp-content\/uploads\/2018\/06\/2018-06-16-09h02m56s-HeideUltraTrail.jpg.jpeg?resize=768%2C576&amp;ssl=1 768w\" width=\"423\" height=\"317\" loading=\"lazy\" data-original-width=\"423\" data-original-height=\"317\" itemprop=\"http:\/\/schema.org\/image\" title=\"2018-06-16-09h02m56s - HeideUltraTrail.jpg\" alt=\"2018-06-16-09h02m56s - HeideUltraTrail.jpg\" style=\"width: 423px; height: 317px;\" \/> <\/a> <\/div> <\/div> <!-- close group --> <div class=\"gallery-group images-2\" style=\"width: 213px; height: 321px;\" data-original-width=\"213\" data-original-height=\"321\" > <div class=\"tiled-gallery-item tiled-gallery-item-small\" itemprop=\"associatedMedia\" itemscope itemtype=\"http:\/\/schema.org\/ImageObject\"> <a href=\"https:\/\/suedkreislaeufer.de\/?attachment_id=15523\" border=\"0\" itemprop=\"url\"> <meta itemprop=\"width\" content=\"209\"> <meta itemprop=\"height\" content=\"157\"> <img decoding=\"async\" class=\"\" data-attachment-id=\"15523\" data-orig-file=\"https:\/\/suedkreislaeufer.de\/wp-content\/uploads\/2018\/06\/2018-06-16-09h11m28s-HeideUltraTrail.jpg.jpeg\" data-orig-size=\"1000,750\" data-comments-opened=\"1\" data-image-meta=\"{&quot;aperture&quot;:&quot;2&quot;,&quot;credit&quot;:&quot;&quot;,&quot;camera&quot;:&quot;G8441&quot;,&quot;caption&quot;:&quot;&quot;,&quot;created_timestamp&quot;:&quot;1529140288&quot;,&quot;copyright&quot;:&quot;&quot;,&quot;focal_length&quot;:&quot;4.4&quot;,&quot;iso&quot;:&quot;40&quot;,&quot;shutter_speed&quot;:&quot;0.000514&quot;,&quot;title&quot;:&quot;&quot;,&quot;orientation&quot;:&quot;1&quot;}\" data-image-title=\"2018-06-16-09h11m28s &amp;#8211; HeideUltraTrail.jpg\" data-image-description=\"\" data-medium-file=\"https:\/\/i0.wp.com\/suedkreislaeufer.de\/wp-content\/uploads\/2018\/06\/2018-06-16-09h11m28s-HeideUltraTrail.jpg.jpeg?fit=300%2C225&#038;ssl=1\" data-large-file=\"https:\/\/i0.wp.com\/suedkreislaeufer.de\/wp-content\/uploads\/2018\/06\/2018-06-16-09h11m28s-HeideUltraTrail.jpg.jpeg?fit=640%2C480&#038;ssl=1\" src=\"https:\/\/i0.wp.com\/suedkreislaeufer.de\/wp-content\/uploads\/2018\/06\/2018-06-16-09h11m28s-HeideUltraTrail.jpg.jpeg?w=209&#038;h=157&#038;ssl=1\" srcset=\"https:\/\/i0.wp.com\/suedkreislaeufer.de\/wp-content\/uploads\/2018\/06\/2018-06-16-09h11m28s-HeideUltraTrail.jpg.jpeg?w=1000&amp;ssl=1 1000w, https:\/\/i0.wp.com\/suedkreislaeufer.de\/wp-content\/uploads\/2018\/06\/2018-06-16-09h11m28s-HeideUltraTrail.jpg.jpeg?resize=300%2C225&amp;ssl=1 300w, https:\/\/i0.wp.com\/suedkreislaeufer.de\/wp-content\/uploads\/2018\/06\/2018-06-16-09h11m28s-HeideUltraTrail.jpg.jpeg?resize=768%2C576&amp;ssl=1 768w\" width=\"209\" height=\"157\" loading=\"lazy\" data-original-width=\"209\" data-original-height=\"157\" itemprop=\"http:\/\/schema.org\/image\" title=\"2018-06-16-09h11m28s - HeideUltraTrail.jpg\" alt=\"2018-06-16-09h11m28s - HeideUltraTrail.jpg\" style=\"width: 209px; height: 157px;\" \/> <\/a> <\/div> <div class=\"tiled-gallery-item tiled-gallery-item-small\" itemprop=\"associatedMedia\" itemscope itemtype=\"http:\/\/schema.org\/ImageObject\"> <a href=\"https:\/\/suedkreislaeufer.de\/?attachment_id=15524\" border=\"0\" itemprop=\"url\"> <meta itemprop=\"width\" content=\"209\"> <meta itemprop=\"height\" content=\"156\"> <img decoding=\"async\" class=\"\" data-attachment-id=\"15524\" data-orig-file=\"https:\/\/suedkreislaeufer.de\/wp-content\/uploads\/2018\/06\/2018-06-16-09h17m21s-HeideUltraTrail.jpg.jpeg\" data-orig-size=\"1000,750\" data-comments-opened=\"1\" data-image-meta=\"{&quot;aperture&quot;:&quot;2&quot;,&quot;credit&quot;:&quot;&quot;,&quot;camera&quot;:&quot;G8441&quot;,&quot;caption&quot;:&quot;&quot;,&quot;created_timestamp&quot;:&quot;1529140641&quot;,&quot;copyright&quot;:&quot;&quot;,&quot;focal_length&quot;:&quot;4.4&quot;,&quot;iso&quot;:&quot;40&quot;,&quot;shutter_speed&quot;:&quot;0.000273&quot;,&quot;title&quot;:&quot;&quot;,&quot;orientation&quot;:&quot;1&quot;}\" data-image-title=\"2018-06-16-09h17m21s &amp;#8211; HeideUltraTrail.jpg\" data-image-description=\"\" data-medium-file=\"https:\/\/i0.wp.com\/suedkreislaeufer.de\/wp-content\/uploads\/2018\/06\/2018-06-16-09h17m21s-HeideUltraTrail.jpg.jpeg?fit=300%2C225&#038;ssl=1\" data-large-file=\"https:\/\/i0.wp.com\/suedkreislaeufer.de\/wp-content\/uploads\/2018\/06\/2018-06-16-09h17m21s-HeideUltraTrail.jpg.jpeg?fit=640%2C480&#038;ssl=1\" src=\"https:\/\/i0.wp.com\/suedkreislaeufer.de\/wp-content\/uploads\/2018\/06\/2018-06-16-09h17m21s-HeideUltraTrail.jpg.jpeg?w=209&#038;h=156&#038;ssl=1\" srcset=\"https:\/\/i0.wp.com\/suedkreislaeufer.de\/wp-content\/uploads\/2018\/06\/2018-06-16-09h17m21s-HeideUltraTrail.jpg.jpeg?w=1000&amp;ssl=1 1000w, https:\/\/i0.wp.com\/suedkreislaeufer.de\/wp-content\/uploads\/2018\/06\/2018-06-16-09h17m21s-HeideUltraTrail.jpg.jpeg?resize=300%2C225&amp;ssl=1 300w, https:\/\/i0.wp.com\/suedkreislaeufer.de\/wp-content\/uploads\/2018\/06\/2018-06-16-09h17m21s-HeideUltraTrail.jpg.jpeg?resize=768%2C576&amp;ssl=1 768w\" width=\"209\" height=\"156\" loading=\"lazy\" data-original-width=\"209\" data-original-height=\"156\" itemprop=\"http:\/\/schema.org\/image\" title=\"2018-06-16-09h17m21s - HeideUltraTrail.jpg\" alt=\"2018-06-16-09h17m21s - HeideUltraTrail.jpg\" style=\"width: 209px; height: 156px;\" \/> <\/a> <\/div> <\/div> <!-- close group --> <\/div> <!-- close row --> <div class=\"gallery-row\" style=\"width: 640px; height: 481px;\" data-original-width=\"640\" data-original-height=\"481\" > <div class=\"gallery-group images-1\" style=\"width: 640px; height: 481px;\" data-original-width=\"640\" data-original-height=\"481\" > <div class=\"tiled-gallery-item tiled-gallery-item-large\" itemprop=\"associatedMedia\" itemscope itemtype=\"http:\/\/schema.org\/ImageObject\"> <a href=\"https:\/\/suedkreislaeufer.de\/?attachment_id=15525\" border=\"0\" itemprop=\"url\"> <meta itemprop=\"width\" content=\"636\"> <meta itemprop=\"height\" content=\"477\"> <img decoding=\"async\" class=\"\" data-attachment-id=\"15525\" data-orig-file=\"https:\/\/suedkreislaeufer.de\/wp-content\/uploads\/2018\/06\/2018-06-16-09h17m32s-HeideUltraTrail.jpg.jpeg\" data-orig-size=\"1000,750\" data-comments-opened=\"1\" data-image-meta=\"{&quot;aperture&quot;:&quot;2.4&quot;,&quot;credit&quot;:&quot;&quot;,&quot;camera&quot;:&quot;G8441&quot;,&quot;caption&quot;:&quot;&quot;,&quot;created_timestamp&quot;:&quot;1529140652&quot;,&quot;copyright&quot;:&quot;&quot;,&quot;focal_length&quot;:&quot;1.96&quot;,&quot;iso&quot;:&quot;40&quot;,&quot;shutter_speed&quot;:&quot;0.001461&quot;,&quot;title&quot;:&quot;&quot;,&quot;orientation&quot;:&quot;1&quot;}\" data-image-title=\"2018-06-16-09h17m32s &amp;#8211; HeideUltraTrail.jpg\" data-image-description=\"\" data-medium-file=\"https:\/\/i0.wp.com\/suedkreislaeufer.de\/wp-content\/uploads\/2018\/06\/2018-06-16-09h17m32s-HeideUltraTrail.jpg.jpeg?fit=300%2C225&#038;ssl=1\" data-large-file=\"https:\/\/i0.wp.com\/suedkreislaeufer.de\/wp-content\/uploads\/2018\/06\/2018-06-16-09h17m32s-HeideUltraTrail.jpg.jpeg?fit=640%2C480&#038;ssl=1\" src=\"https:\/\/i0.wp.com\/suedkreislaeufer.de\/wp-content\/uploads\/2018\/06\/2018-06-16-09h17m32s-HeideUltraTrail.jpg.jpeg?w=636&#038;h=477&#038;ssl=1\" srcset=\"https:\/\/i0.wp.com\/suedkreislaeufer.de\/wp-content\/uploads\/2018\/06\/2018-06-16-09h17m32s-HeideUltraTrail.jpg.jpeg?w=1000&amp;ssl=1 1000w, https:\/\/i0.wp.com\/suedkreislaeufer.de\/wp-content\/uploads\/2018\/06\/2018-06-16-09h17m32s-HeideUltraTrail.jpg.jpeg?resize=300%2C225&amp;ssl=1 300w, https:\/\/i0.wp.com\/suedkreislaeufer.de\/wp-content\/uploads\/2018\/06\/2018-06-16-09h17m32s-HeideUltraTrail.jpg.jpeg?resize=768%2C576&amp;ssl=1 768w\" width=\"636\" height=\"477\" loading=\"lazy\" data-original-width=\"636\" data-original-height=\"477\" itemprop=\"http:\/\/schema.org\/image\" title=\"2018-06-16-09h17m32s - HeideUltraTrail.jpg\" alt=\"2018-06-16-09h17m32s - HeideUltraTrail.jpg\" style=\"width: 636px; height: 477px;\" \/> <\/a> <\/div> <\/div> <!-- close group --> <\/div> <!-- close row --> <\/div>\n<p align=\"justify\">Irgendwo zwischendrin, mitten in der Heide, kommt eine \u00e4ltere Dame uns entgegen und fragt ob wir braune K\u00fche gesehen haben !? Wir stutzen, vermuten das dies geheime Codew\u00f6rter seien zwecks treffen gleicher Interessen in der Heide oder \u00e4hnliches. Der Vorfall besch\u00e4ftigt unsere erhitztes Gem\u00fcter immer mal wieder \u2026.<\/p>\n<p align=\"justify\">Wir k\u00e4mpfen uns km f\u00fcr km vor. Wir durchlaufen schattige W\u00e4lder, staubige Heidepisten und hin und wieder holprigen Stra\u00dfenabschnitte wie zum Beispiel in <a href=\"https:\/\/de.wikipedia.org\/wiki\/Wilsede\" target=\"_blank\" rel=\"noopener\">Wilsede<\/a>, welches wir zweimal passieren (einmal um halb 11 und dann wieder um viertel vor 1). Nach 37 km sehen wir pl\u00f6tzlich einen L\u00e4ufer vor uns. Es stellt sich heraus das es der f\u00fchrende unseres Laufes ist. Er ist angeschlagen, geht. Er erz\u00e4hlt das er umgeknickt sei. Sp\u00e4ter erfahren wir das er am VP in Suderm\u00fchlen ausgestiegen ist (KM 42). Wir \u00fcbernehmen also sozusagen die F\u00fchrung und laufen ganz entspannt weiter. Es war zwar nie ein Thema das wir an erster Stelle sein wollten aber so war es auch ganz nett.<\/p>\n<p align=\"justify\">In Sunderm\u00fchlen warteten die Eltern von Klaus auf uns. Ganz locker, im Freizeitmodus sa\u00dfen Sie dort vor Ihren Wohnmobil um die abgek\u00e4mpften L\u00e4ufer zu verpflegen. Papa Meyer schaut kurz von seiner Zeitung auf, Mama Meyer \u00fcbernahm die Dokumentation der Ank\u00f6mmlinge. Alles sehr entspannt \u2026 Wir g\u00f6nnten uns eine etwas l\u00e4ngere Pause (so 8-10 Minuten), tranken was das Zeug hielt und machten uns wieder auf die Reise.<\/p>\n<p align=\"justify\">Nach 6 Stunden erreichten wir den h\u00f6chsten Punkt der Tour, den <a href=\"https:\/\/de.wikipedia.org\/wiki\/Wilseder_Berg\" target=\"_blank\" rel=\"noopener\">Wilseder Berg<\/a>. Kurz vorher \u00fcberraschte uns noch ein kleiner Regenschauer. Als wir endlich unsere Jacken an hatten h\u00f6rt es auch schon wieder auf. Gutes Timing.<\/p>\n<div class=\"tiled-gallery type-rectangular tiled-gallery-unresized\" data-original-width=\"640\" data-carousel-extra='{&quot;blog_id&quot;:1,&quot;permalink&quot;:&quot;https:\\\/\\\/suedkreislaeufer.de\\\/?p=15508&quot;,&quot;likes_blog_id&quot;:31057968}' itemscope itemtype=\"http:\/\/schema.org\/ImageGallery\" > <div class=\"gallery-row\" style=\"width: 640px; height: 500px;\" data-original-width=\"640\" data-original-height=\"500\" > <div class=\"gallery-group images-3\" style=\"width: 264px; height: 500px;\" data-original-width=\"264\" data-original-height=\"500\" > <div class=\"tiled-gallery-item tiled-gallery-item-large\" itemprop=\"associatedMedia\" itemscope itemtype=\"http:\/\/schema.org\/ImageObject\"> <a href=\"https:\/\/suedkreislaeufer.de\/?attachment_id=15526\" border=\"0\" itemprop=\"url\"> <meta itemprop=\"width\" content=\"260\"> <meta itemprop=\"height\" content=\"147\"> <img decoding=\"async\" class=\"\" data-attachment-id=\"15526\" data-orig-file=\"https:\/\/suedkreislaeufer.de\/wp-content\/uploads\/2018\/06\/2018-06-16-09h46m15s-HeideUltraTrail.jpg.jpeg\" data-orig-size=\"1000,563\" data-comments-opened=\"1\" data-image-meta=\"{&quot;aperture&quot;:&quot;2&quot;,&quot;credit&quot;:&quot;&quot;,&quot;camera&quot;:&quot;G8441&quot;,&quot;caption&quot;:&quot;&quot;,&quot;created_timestamp&quot;:&quot;1529142375&quot;,&quot;copyright&quot;:&quot;&quot;,&quot;focal_length&quot;:&quot;4.4&quot;,&quot;iso&quot;:&quot;40&quot;,&quot;shutter_speed&quot;:&quot;0.000449&quot;,&quot;title&quot;:&quot;&quot;,&quot;orientation&quot;:&quot;1&quot;}\" data-image-title=\"2018-06-16-09h46m15s &amp;#8211; HeideUltraTrail.jpg\" data-image-description=\"\" data-medium-file=\"https:\/\/i0.wp.com\/suedkreislaeufer.de\/wp-content\/uploads\/2018\/06\/2018-06-16-09h46m15s-HeideUltraTrail.jpg.jpeg?fit=300%2C169&#038;ssl=1\" data-large-file=\"https:\/\/i0.wp.com\/suedkreislaeufer.de\/wp-content\/uploads\/2018\/06\/2018-06-16-09h46m15s-HeideUltraTrail.jpg.jpeg?fit=640%2C360&#038;ssl=1\" src=\"https:\/\/i0.wp.com\/suedkreislaeufer.de\/wp-content\/uploads\/2018\/06\/2018-06-16-09h46m15s-HeideUltraTrail.jpg.jpeg?w=260&#038;h=147&#038;ssl=1\" srcset=\"https:\/\/i0.wp.com\/suedkreislaeufer.de\/wp-content\/uploads\/2018\/06\/2018-06-16-09h46m15s-HeideUltraTrail.jpg.jpeg?w=1000&amp;ssl=1 1000w, https:\/\/i0.wp.com\/suedkreislaeufer.de\/wp-content\/uploads\/2018\/06\/2018-06-16-09h46m15s-HeideUltraTrail.jpg.jpeg?resize=300%2C169&amp;ssl=1 300w, https:\/\/i0.wp.com\/suedkreislaeufer.de\/wp-content\/uploads\/2018\/06\/2018-06-16-09h46m15s-HeideUltraTrail.jpg.jpeg?resize=768%2C432&amp;ssl=1 768w\" width=\"260\" height=\"147\" loading=\"lazy\" data-original-width=\"260\" data-original-height=\"147\" itemprop=\"http:\/\/schema.org\/image\" title=\"2018-06-16-09h46m15s - HeideUltraTrail.jpg\" alt=\"2018-06-16-09h46m15s - HeideUltraTrail.jpg\" style=\"width: 260px; height: 147px;\" \/> <\/a> <\/div> <div class=\"tiled-gallery-item tiled-gallery-item-large\" itemprop=\"associatedMedia\" itemscope itemtype=\"http:\/\/schema.org\/ImageObject\"> <a href=\"https:\/\/suedkreislaeufer.de\/?attachment_id=15527\" border=\"0\" itemprop=\"url\"> <meta itemprop=\"width\" content=\"260\"> <meta itemprop=\"height\" content=\"195\"> <img decoding=\"async\" class=\"\" data-attachment-id=\"15527\" data-orig-file=\"https:\/\/suedkreislaeufer.de\/wp-content\/uploads\/2018\/06\/2018-06-16-13h00m31s-HeideUltraTrail.jpg.jpeg\" data-orig-size=\"1000,750\" data-comments-opened=\"1\" data-image-meta=\"{&quot;aperture&quot;:&quot;2.4&quot;,&quot;credit&quot;:&quot;&quot;,&quot;camera&quot;:&quot;G8441&quot;,&quot;caption&quot;:&quot;&quot;,&quot;created_timestamp&quot;:&quot;1529154031&quot;,&quot;copyright&quot;:&quot;&quot;,&quot;focal_length&quot;:&quot;1.96&quot;,&quot;iso&quot;:&quot;40&quot;,&quot;shutter_speed&quot;:&quot;0.007158&quot;,&quot;title&quot;:&quot;&quot;,&quot;orientation&quot;:&quot;1&quot;}\" data-image-title=\"2018-06-16-13h00m31s &amp;#8211; HeideUltraTrail.jpg\" data-image-description=\"\" data-medium-file=\"https:\/\/i0.wp.com\/suedkreislaeufer.de\/wp-content\/uploads\/2018\/06\/2018-06-16-13h00m31s-HeideUltraTrail.jpg.jpeg?fit=300%2C225&#038;ssl=1\" data-large-file=\"https:\/\/i0.wp.com\/suedkreislaeufer.de\/wp-content\/uploads\/2018\/06\/2018-06-16-13h00m31s-HeideUltraTrail.jpg.jpeg?fit=640%2C480&#038;ssl=1\" src=\"https:\/\/i0.wp.com\/suedkreislaeufer.de\/wp-content\/uploads\/2018\/06\/2018-06-16-13h00m31s-HeideUltraTrail.jpg.jpeg?w=260&#038;h=195&#038;ssl=1\" srcset=\"https:\/\/i0.wp.com\/suedkreislaeufer.de\/wp-content\/uploads\/2018\/06\/2018-06-16-13h00m31s-HeideUltraTrail.jpg.jpeg?w=1000&amp;ssl=1 1000w, https:\/\/i0.wp.com\/suedkreislaeufer.de\/wp-content\/uploads\/2018\/06\/2018-06-16-13h00m31s-HeideUltraTrail.jpg.jpeg?resize=300%2C225&amp;ssl=1 300w, https:\/\/i0.wp.com\/suedkreislaeufer.de\/wp-content\/uploads\/2018\/06\/2018-06-16-13h00m31s-HeideUltraTrail.jpg.jpeg?resize=768%2C576&amp;ssl=1 768w\" width=\"260\" height=\"195\" loading=\"lazy\" data-original-width=\"260\" data-original-height=\"195\" itemprop=\"http:\/\/schema.org\/image\" title=\"2018-06-16-13h00m31s - HeideUltraTrail.jpg\" alt=\"2018-06-16-13h00m31s - HeideUltraTrail.jpg\" style=\"width: 260px; height: 195px;\" \/> <\/a> <\/div> <div class=\"tiled-gallery-item tiled-gallery-item-large\" itemprop=\"associatedMedia\" itemscope itemtype=\"http:\/\/schema.org\/ImageObject\"> <a href=\"https:\/\/suedkreislaeufer.de\/?attachment_id=15528\" border=\"0\" itemprop=\"url\"> <meta itemprop=\"width\" content=\"260\"> <meta itemprop=\"height\" content=\"146\"> <img decoding=\"async\" class=\"\" data-attachment-id=\"15528\" data-orig-file=\"https:\/\/suedkreislaeufer.de\/wp-content\/uploads\/2018\/06\/2018-06-16-13h00m45s-HeideUltraTrail.jpg.jpeg\" data-orig-size=\"1000,563\" data-comments-opened=\"1\" data-image-meta=\"{&quot;aperture&quot;:&quot;2&quot;,&quot;credit&quot;:&quot;&quot;,&quot;camera&quot;:&quot;G8441&quot;,&quot;caption&quot;:&quot;&quot;,&quot;created_timestamp&quot;:&quot;1529154045&quot;,&quot;copyright&quot;:&quot;&quot;,&quot;focal_length&quot;:&quot;4.4&quot;,&quot;iso&quot;:&quot;40&quot;,&quot;shutter_speed&quot;:&quot;0.000273&quot;,&quot;title&quot;:&quot;&quot;,&quot;orientation&quot;:&quot;1&quot;}\" data-image-title=\"2018-06-16-13h00m45s &amp;#8211; HeideUltraTrail.jpg\" data-image-description=\"\" data-medium-file=\"https:\/\/i0.wp.com\/suedkreislaeufer.de\/wp-content\/uploads\/2018\/06\/2018-06-16-13h00m45s-HeideUltraTrail.jpg.jpeg?fit=300%2C169&#038;ssl=1\" data-large-file=\"https:\/\/i0.wp.com\/suedkreislaeufer.de\/wp-content\/uploads\/2018\/06\/2018-06-16-13h00m45s-HeideUltraTrail.jpg.jpeg?fit=640%2C360&#038;ssl=1\" src=\"https:\/\/i0.wp.com\/suedkreislaeufer.de\/wp-content\/uploads\/2018\/06\/2018-06-16-13h00m45s-HeideUltraTrail.jpg.jpeg?w=260&#038;h=146&#038;ssl=1\" srcset=\"https:\/\/i0.wp.com\/suedkreislaeufer.de\/wp-content\/uploads\/2018\/06\/2018-06-16-13h00m45s-HeideUltraTrail.jpg.jpeg?w=1000&amp;ssl=1 1000w, https:\/\/i0.wp.com\/suedkreislaeufer.de\/wp-content\/uploads\/2018\/06\/2018-06-16-13h00m45s-HeideUltraTrail.jpg.jpeg?resize=300%2C169&amp;ssl=1 300w, https:\/\/i0.wp.com\/suedkreislaeufer.de\/wp-content\/uploads\/2018\/06\/2018-06-16-13h00m45s-HeideUltraTrail.jpg.jpeg?resize=768%2C432&amp;ssl=1 768w\" width=\"260\" height=\"146\" loading=\"lazy\" data-original-width=\"260\" data-original-height=\"146\" itemprop=\"http:\/\/schema.org\/image\" title=\"2018-06-16-13h00m45s - HeideUltraTrail.jpg\" alt=\"2018-06-16-13h00m45s - HeideUltraTrail.jpg\" style=\"width: 260px; height: 146px;\" \/> <\/a> <\/div> <\/div> <!-- close group --> <div class=\"gallery-group images-1\" style=\"width: 376px; height: 500px;\" data-original-width=\"376\" data-original-height=\"500\" > <div class=\"tiled-gallery-item tiled-gallery-item-large\" itemprop=\"associatedMedia\" itemscope itemtype=\"http:\/\/schema.org\/ImageObject\"> <a href=\"https:\/\/suedkreislaeufer.de\/?attachment_id=15529\" border=\"0\" itemprop=\"url\"> <meta itemprop=\"width\" content=\"372\"> <meta itemprop=\"height\" content=\"496\"> <img decoding=\"async\" class=\"\" data-attachment-id=\"15529\" data-orig-file=\"https:\/\/suedkreislaeufer.de\/wp-content\/uploads\/2018\/06\/2018-06-16-13h29m33s-HeideUltraTrail.jpg.jpeg\" data-orig-size=\"750,1000\" data-comments-opened=\"1\" data-image-meta=\"{&quot;aperture&quot;:&quot;2&quot;,&quot;credit&quot;:&quot;&quot;,&quot;camera&quot;:&quot;G8441&quot;,&quot;caption&quot;:&quot;&quot;,&quot;created_timestamp&quot;:&quot;1529155773&quot;,&quot;copyright&quot;:&quot;&quot;,&quot;focal_length&quot;:&quot;4.4&quot;,&quot;iso&quot;:&quot;40&quot;,&quot;shutter_speed&quot;:&quot;0.000169&quot;,&quot;title&quot;:&quot;&quot;,&quot;orientation&quot;:&quot;1&quot;}\" data-image-title=\"2018-06-16-13h29m33s &amp;#8211; HeideUltraTrail.jpg\" data-image-description=\"\" data-medium-file=\"https:\/\/i0.wp.com\/suedkreislaeufer.de\/wp-content\/uploads\/2018\/06\/2018-06-16-13h29m33s-HeideUltraTrail.jpg.jpeg?fit=225%2C300&#038;ssl=1\" data-large-file=\"https:\/\/i0.wp.com\/suedkreislaeufer.de\/wp-content\/uploads\/2018\/06\/2018-06-16-13h29m33s-HeideUltraTrail.jpg.jpeg?fit=640%2C853&#038;ssl=1\" src=\"https:\/\/i0.wp.com\/suedkreislaeufer.de\/wp-content\/uploads\/2018\/06\/2018-06-16-13h29m33s-HeideUltraTrail.jpg.jpeg?w=372&#038;h=496&#038;ssl=1\" srcset=\"https:\/\/i0.wp.com\/suedkreislaeufer.de\/wp-content\/uploads\/2018\/06\/2018-06-16-13h29m33s-HeideUltraTrail.jpg.jpeg?w=750&amp;ssl=1 750w, https:\/\/i0.wp.com\/suedkreislaeufer.de\/wp-content\/uploads\/2018\/06\/2018-06-16-13h29m33s-HeideUltraTrail.jpg.jpeg?resize=225%2C300&amp;ssl=1 225w\" width=\"372\" height=\"496\" loading=\"lazy\" data-original-width=\"372\" data-original-height=\"496\" itemprop=\"http:\/\/schema.org\/image\" title=\"2018-06-16-13h29m33s - HeideUltraTrail.jpg\" alt=\"2018-06-16-13h29m33s - HeideUltraTrail.jpg\" style=\"width: 372px; height: 496px;\" \/> <\/a> <\/div> <\/div> <!-- close group --> <\/div> <!-- close row --> <div class=\"gallery-row\" style=\"width: 640px; height: 481px;\" data-original-width=\"640\" data-original-height=\"481\" > <div class=\"gallery-group images-1\" style=\"width: 640px; height: 481px;\" data-original-width=\"640\" data-original-height=\"481\" > <div class=\"tiled-gallery-item tiled-gallery-item-large\" itemprop=\"associatedMedia\" itemscope itemtype=\"http:\/\/schema.org\/ImageObject\"> <a href=\"https:\/\/suedkreislaeufer.de\/?attachment_id=15530\" border=\"0\" itemprop=\"url\"> <meta itemprop=\"width\" content=\"636\"> <meta itemprop=\"height\" content=\"477\"> <img decoding=\"async\" class=\"\" data-attachment-id=\"15530\" data-orig-file=\"https:\/\/suedkreislaeufer.de\/wp-content\/uploads\/2018\/06\/2018-06-16-13h29m52s-HeideUltraTrail.jpg.jpeg\" data-orig-size=\"1000,750\" data-comments-opened=\"1\" data-image-meta=\"{&quot;aperture&quot;:&quot;2&quot;,&quot;credit&quot;:&quot;&quot;,&quot;camera&quot;:&quot;G8441&quot;,&quot;caption&quot;:&quot;&quot;,&quot;created_timestamp&quot;:&quot;1529155792&quot;,&quot;copyright&quot;:&quot;&quot;,&quot;focal_length&quot;:&quot;4.4&quot;,&quot;iso&quot;:&quot;40&quot;,&quot;shutter_speed&quot;:&quot;0.000243&quot;,&quot;title&quot;:&quot;&quot;,&quot;orientation&quot;:&quot;1&quot;}\" data-image-title=\"2018-06-16-13h29m52s &amp;#8211; HeideUltraTrail.jpg\" data-image-description=\"\" data-medium-file=\"https:\/\/i0.wp.com\/suedkreislaeufer.de\/wp-content\/uploads\/2018\/06\/2018-06-16-13h29m52s-HeideUltraTrail.jpg.jpeg?fit=300%2C225&#038;ssl=1\" data-large-file=\"https:\/\/i0.wp.com\/suedkreislaeufer.de\/wp-content\/uploads\/2018\/06\/2018-06-16-13h29m52s-HeideUltraTrail.jpg.jpeg?fit=640%2C480&#038;ssl=1\" src=\"https:\/\/i0.wp.com\/suedkreislaeufer.de\/wp-content\/uploads\/2018\/06\/2018-06-16-13h29m52s-HeideUltraTrail.jpg.jpeg?w=636&#038;h=477&#038;ssl=1\" srcset=\"https:\/\/i0.wp.com\/suedkreislaeufer.de\/wp-content\/uploads\/2018\/06\/2018-06-16-13h29m52s-HeideUltraTrail.jpg.jpeg?w=1000&amp;ssl=1 1000w, https:\/\/i0.wp.com\/suedkreislaeufer.de\/wp-content\/uploads\/2018\/06\/2018-06-16-13h29m52s-HeideUltraTrail.jpg.jpeg?resize=300%2C225&amp;ssl=1 300w, https:\/\/i0.wp.com\/suedkreislaeufer.de\/wp-content\/uploads\/2018\/06\/2018-06-16-13h29m52s-HeideUltraTrail.jpg.jpeg?resize=768%2C576&amp;ssl=1 768w\" width=\"636\" height=\"477\" loading=\"lazy\" data-original-width=\"636\" data-original-height=\"477\" itemprop=\"http:\/\/schema.org\/image\" title=\"2018-06-16-13h29m52s - HeideUltraTrail.jpg\" alt=\"2018-06-16-13h29m52s - HeideUltraTrail.jpg\" style=\"width: 636px; height: 477px;\" \/> <\/a> <\/div> <\/div> <!-- close group --> <\/div> <!-- close row --> <\/div>\n<p align=\"justify\">Nach knapp 60 km in 06:45 Std erreichen wir dann endlich wieder den VP in <a href=\"https:\/\/de.wikipedia.org\/wiki\/Haverbeck_(Bispingen)\" target=\"_blank\" rel=\"noopener\">Niederhaverbeck<\/a>, ab hier eigentlich nur noch 20 km, kein Problem sollte man meinen. Aber es sollte nochmal richtig anstrengend werden. Die Sonne prallte auf unsere K\u00f6pfe und wir wurden immer stiller. Hin und wieder eine kleine Geh Pause, so arbeiteten wir uns voran, step by step. Wir sehnten uns nach einer Abk\u00fchlung , die fanden wir dann zum Gl\u00fcck 9 km vor dem Ziel. Wir erfrischten uns auf einer \u00f6ffentlichen Toilette und machten uns bereit f\u00fcr die letzte Etappe die sich nochmal zog wie Kaugummi. Unter normalen Umst\u00e4nden w\u00e4re das ein richtig nettes Teilst\u00fcck gewesen aber mit 70 km in den Beinen hat man manchmal nicht mehr viel Sinn f\u00fcr die Sch\u00f6nheiten um einen herum, zumindest ich war froh als wir endlich am Ziel waren.<\/p>\n<p align=\"justify\">Nach 09:15 Stunden erreichten wir \u00fcbergl\u00fccklich das Ziel in Schneverdingen. J\u00f6rg, Daniel und ich teilen uns somit den 1. Platz. Sicherlich keine Superzeit f\u00fcr diese flache Strecke aber Aufgrund der Rahmenbedingungen durchaus akzeptabel \ud83d\ude42<\/p>\n<p align=\"justify\">So ging wieder einmal ein aufregender, langer Tag zu Ende. Wir durchlebten viele H\u00f6hen und Tiefen. So im nachhinein kann ich aber sagen das es ja genau das ist was das Ultralaufen ausmacht. Die Bew\u00e4ltigung dieser Schwankungen, die Kameradschaft unter den L\u00e4ufern, all dies ist hier einmalig zu finden.<\/p>\n<p align=\"justify\">Um 17 Uhr befand ich mich dann auch schon wieder auf der Heimreise. Auf der Rastst\u00e4tte Allertal mu\u00dfte ich einen kleinen Zwischenstop einlegen. Ich wollte nicht \u00fcberm\u00fcdet in die Baustelle fahren und legte einen 15 Minuten Powernap ein. Dieser wirkte Wunder. So erreichte ich Wehrstedt um 19 Uhr, sprang unter die Dusche und machte mich gemeinsam mit meiner lieben Frau auf zum tanzen nach Hildesheim <img data-recalc-dims=\"1\" decoding=\"async\" class=\"wlEmoticon wlEmoticon-smile\" style=\"border-style: none;\" src=\"https:\/\/i0.wp.com\/suedkreislaeufer.de\/wp-content\/uploads\/2018\/06\/wlEmoticon-smile.png?w=640&#038;ssl=1\" alt=\"Smiley\" \/> Zweite Challenge an diesen Wochenende <img data-recalc-dims=\"1\" decoding=\"async\" class=\"wlEmoticon wlEmoticon-smile\" style=\"border-style: none;\" src=\"https:\/\/i0.wp.com\/suedkreislaeufer.de\/wp-content\/uploads\/2018\/06\/wlEmoticon-smile.png?w=640&#038;ssl=1\" alt=\"Smiley\" \/><\/p>\n<p align=\"justify\">Vielen lieben Dank an Klaus und seine Frau f\u00fcr diesen tollen Tag. Liebe Gr\u00fc\u00dfe auch an Mama und Papa Meyer und nat\u00fcrlich auch an die \u201cunsichtbaren\u201d Helfer im Hintergrund.<\/p>\n<p align=\"justify\">Danke das Ihr f\u00fcr uns da gewesen seit.<\/p>\n<div class=\"tiled-gallery type-rectangular tiled-gallery-unresized\" data-original-width=\"640\" data-carousel-extra='{&quot;blog_id&quot;:1,&quot;permalink&quot;:&quot;https:\\\/\\\/suedkreislaeufer.de\\\/?p=15508&quot;,&quot;likes_blog_id&quot;:31057968}' itemscope itemtype=\"http:\/\/schema.org\/ImageGallery\" > <div class=\"gallery-row\" style=\"width: 640px; height: 294px;\" data-original-width=\"640\" data-original-height=\"294\" > <div class=\"gallery-group images-2\" style=\"width: 249px; height: 294px;\" data-original-width=\"249\" data-original-height=\"294\" > <div class=\"tiled-gallery-item tiled-gallery-item-small\" itemprop=\"associatedMedia\" itemscope itemtype=\"http:\/\/schema.org\/ImageObject\"> <a href=\"https:\/\/suedkreislaeufer.de\/?attachment_id=15531\" border=\"0\" itemprop=\"url\"> <meta itemprop=\"width\" content=\"245\"> <meta itemprop=\"height\" content=\"138\"> <img decoding=\"async\" class=\"\" data-attachment-id=\"15531\" data-orig-file=\"https:\/\/suedkreislaeufer.de\/wp-content\/uploads\/2018\/06\/2018-06-16-19h16m29s-HeideUltraTrail.jpg.jpeg\" data-orig-size=\"1000,562\" data-comments-opened=\"1\" data-image-meta=\"{&quot;aperture&quot;:&quot;2.2&quot;,&quot;credit&quot;:&quot;&quot;,&quot;camera&quot;:&quot;S41&quot;,&quot;caption&quot;:&quot;&quot;,&quot;created_timestamp&quot;:&quot;1529176589&quot;,&quot;copyright&quot;:&quot;&quot;,&quot;focal_length&quot;:&quot;3.5&quot;,&quot;iso&quot;:&quot;143&quot;,&quot;shutter_speed&quot;:&quot;0.009999&quot;,&quot;title&quot;:&quot;&quot;,&quot;orientation&quot;:&quot;1&quot;}\" data-image-title=\"2018-06-16-19h16m29s &amp;#8211; HeideUltraTrail.jpg\" data-image-description=\"\" data-medium-file=\"https:\/\/i0.wp.com\/suedkreislaeufer.de\/wp-content\/uploads\/2018\/06\/2018-06-16-19h16m29s-HeideUltraTrail.jpg.jpeg?fit=300%2C169&#038;ssl=1\" data-large-file=\"https:\/\/i0.wp.com\/suedkreislaeufer.de\/wp-content\/uploads\/2018\/06\/2018-06-16-19h16m29s-HeideUltraTrail.jpg.jpeg?fit=640%2C360&#038;ssl=1\" src=\"https:\/\/i0.wp.com\/suedkreislaeufer.de\/wp-content\/uploads\/2018\/06\/2018-06-16-19h16m29s-HeideUltraTrail.jpg.jpeg?w=245&#038;h=138&#038;ssl=1\" srcset=\"https:\/\/i0.wp.com\/suedkreislaeufer.de\/wp-content\/uploads\/2018\/06\/2018-06-16-19h16m29s-HeideUltraTrail.jpg.jpeg?w=1000&amp;ssl=1 1000w, https:\/\/i0.wp.com\/suedkreislaeufer.de\/wp-content\/uploads\/2018\/06\/2018-06-16-19h16m29s-HeideUltraTrail.jpg.jpeg?resize=300%2C169&amp;ssl=1 300w, https:\/\/i0.wp.com\/suedkreislaeufer.de\/wp-content\/uploads\/2018\/06\/2018-06-16-19h16m29s-HeideUltraTrail.jpg.jpeg?resize=768%2C432&amp;ssl=1 768w\" width=\"245\" height=\"138\" loading=\"lazy\" data-original-width=\"245\" data-original-height=\"138\" itemprop=\"http:\/\/schema.org\/image\" title=\"2018-06-16-19h16m29s - HeideUltraTrail.jpg\" alt=\"2018-06-16-19h16m29s - HeideUltraTrail.jpg\" style=\"width: 245px; height: 138px;\" \/> <\/a> <\/div> <div class=\"tiled-gallery-item tiled-gallery-item-small\" itemprop=\"associatedMedia\" itemscope itemtype=\"http:\/\/schema.org\/ImageObject\"> <a href=\"https:\/\/suedkreislaeufer.de\/?attachment_id=15532\" border=\"0\" itemprop=\"url\"> <meta itemprop=\"width\" content=\"245\"> <meta itemprop=\"height\" content=\"148\"> <img decoding=\"async\" class=\"\" data-attachment-id=\"15532\" data-orig-file=\"https:\/\/suedkreislaeufer.de\/wp-content\/uploads\/2018\/06\/2018-06-17-10h50m59s-HeideUltraTrail.jpg.jpg\" data-orig-size=\"1000,604\" data-comments-opened=\"1\" data-image-meta=\"{&quot;aperture&quot;:&quot;4.5&quot;,&quot;credit&quot;:&quot;&quot;,&quot;camera&quot;:&quot;DSC-HX400V&quot;,&quot;caption&quot;:&quot;&quot;,&quot;created_timestamp&quot;:&quot;1529232659&quot;,&quot;copyright&quot;:&quot;&quot;,&quot;focal_length&quot;:&quot;29.44&quot;,&quot;iso&quot;:&quot;640&quot;,&quot;shutter_speed&quot;:&quot;0.005&quot;,&quot;title&quot;:&quot;&quot;,&quot;orientation&quot;:&quot;1&quot;}\" data-image-title=\"2018-06-17-10h50m59s &amp;#8211; HeideUltraTrail.jpg\" data-image-description=\"\" data-medium-file=\"https:\/\/i0.wp.com\/suedkreislaeufer.de\/wp-content\/uploads\/2018\/06\/2018-06-17-10h50m59s-HeideUltraTrail.jpg.jpg?fit=300%2C181&#038;ssl=1\" data-large-file=\"https:\/\/i0.wp.com\/suedkreislaeufer.de\/wp-content\/uploads\/2018\/06\/2018-06-17-10h50m59s-HeideUltraTrail.jpg.jpg?fit=640%2C387&#038;ssl=1\" src=\"https:\/\/i0.wp.com\/suedkreislaeufer.de\/wp-content\/uploads\/2018\/06\/2018-06-17-10h50m59s-HeideUltraTrail.jpg.jpg?w=245&#038;h=148&#038;ssl=1\" srcset=\"https:\/\/i0.wp.com\/suedkreislaeufer.de\/wp-content\/uploads\/2018\/06\/2018-06-17-10h50m59s-HeideUltraTrail.jpg.jpg?w=1000&amp;ssl=1 1000w, https:\/\/i0.wp.com\/suedkreislaeufer.de\/wp-content\/uploads\/2018\/06\/2018-06-17-10h50m59s-HeideUltraTrail.jpg.jpg?resize=300%2C181&amp;ssl=1 300w, https:\/\/i0.wp.com\/suedkreislaeufer.de\/wp-content\/uploads\/2018\/06\/2018-06-17-10h50m59s-HeideUltraTrail.jpg.jpg?resize=768%2C464&amp;ssl=1 768w\" width=\"245\" height=\"148\" loading=\"lazy\" data-original-width=\"245\" data-original-height=\"148\" itemprop=\"http:\/\/schema.org\/image\" title=\"2018-06-17-10h50m59s - HeideUltraTrail.jpg\" alt=\"2018-06-17-10h50m59s - HeideUltraTrail.jpg\" style=\"width: 245px; height: 148px;\" \/> <\/a> <\/div> <\/div> <!-- close group --> <div class=\"gallery-group images-1\" style=\"width: 391px; height: 294px;\" data-original-width=\"391\" data-original-height=\"294\" > <div class=\"tiled-gallery-item tiled-gallery-item-large\" itemprop=\"associatedMedia\" itemscope itemtype=\"http:\/\/schema.org\/ImageObject\"> <a href=\"https:\/\/suedkreislaeufer.de\/?attachment_id=15533\" border=\"0\" itemprop=\"url\"> <meta itemprop=\"width\" content=\"387\"> <meta itemprop=\"height\" content=\"290\"> <img decoding=\"async\" class=\"\" data-attachment-id=\"15533\" data-orig-file=\"https:\/\/suedkreislaeufer.de\/wp-content\/uploads\/2018\/06\/2018-06-17-10h51m13s-HeideUltraTrail.jpg.jpg\" data-orig-size=\"1000,750\" data-comments-opened=\"1\" data-image-meta=\"{&quot;aperture&quot;:&quot;4.5&quot;,&quot;credit&quot;:&quot;&quot;,&quot;camera&quot;:&quot;DSC-HX400V&quot;,&quot;caption&quot;:&quot;&quot;,&quot;created_timestamp&quot;:&quot;1529232673&quot;,&quot;copyright&quot;:&quot;&quot;,&quot;focal_length&quot;:&quot;29.44&quot;,&quot;iso&quot;:&quot;160&quot;,&quot;shutter_speed&quot;:&quot;0.005&quot;,&quot;title&quot;:&quot;&quot;,&quot;orientation&quot;:&quot;1&quot;}\" data-image-title=\"2018-06-17-10h51m13s &amp;#8211; HeideUltraTrail.jpg\" data-image-description=\"\" data-medium-file=\"https:\/\/i0.wp.com\/suedkreislaeufer.de\/wp-content\/uploads\/2018\/06\/2018-06-17-10h51m13s-HeideUltraTrail.jpg.jpg?fit=300%2C225&#038;ssl=1\" data-large-file=\"https:\/\/i0.wp.com\/suedkreislaeufer.de\/wp-content\/uploads\/2018\/06\/2018-06-17-10h51m13s-HeideUltraTrail.jpg.jpg?fit=640%2C480&#038;ssl=1\" src=\"https:\/\/i0.wp.com\/suedkreislaeufer.de\/wp-content\/uploads\/2018\/06\/2018-06-17-10h51m13s-HeideUltraTrail.jpg.jpg?w=387&#038;h=290&#038;ssl=1\" srcset=\"https:\/\/i0.wp.com\/suedkreislaeufer.de\/wp-content\/uploads\/2018\/06\/2018-06-17-10h51m13s-HeideUltraTrail.jpg.jpg?w=1000&amp;ssl=1 1000w, https:\/\/i0.wp.com\/suedkreislaeufer.de\/wp-content\/uploads\/2018\/06\/2018-06-17-10h51m13s-HeideUltraTrail.jpg.jpg?resize=300%2C225&amp;ssl=1 300w, https:\/\/i0.wp.com\/suedkreislaeufer.de\/wp-content\/uploads\/2018\/06\/2018-06-17-10h51m13s-HeideUltraTrail.jpg.jpg?resize=768%2C576&amp;ssl=1 768w\" width=\"387\" height=\"290\" loading=\"lazy\" data-original-width=\"387\" data-original-height=\"290\" itemprop=\"http:\/\/schema.org\/image\" title=\"2018-06-17-10h51m13s - HeideUltraTrail.jpg\" alt=\"2018-06-17-10h51m13s - HeideUltraTrail.jpg\" style=\"width: 387px; height: 290px;\" \/> <\/a> <\/div> <\/div> <!-- close group --> <\/div> <!-- close row --> <\/div>\n","protected":false},"excerpt":{"rendered":"<p>Seit 2014, also nun in der 5. Auflage findet der Heide Ultra Trail in Schneverdingen statt. Ein kleiner, aber feiner, mit viel Liebe organisierter Lauf inmitten der wundersch\u00f6nen L\u00fcneburger Heide. F\u00fcr mich war es die zweite Teilnahme bisher. 2015 stand &hellip; <a href=\"https:\/\/suedkreislaeufer.de\/?p=15508\">Weiterlesen <span class=\"meta-nav\">&rarr;<\/span><\/a><\/p>\n","protected":false},"author":1,"featured_media":0,"comment_status":"open","ping_status":"closed","sticky":false,"template":"","format":"standard","meta":{"jetpack_post_was_ever_published":false,"_jetpack_newsletter_access":"","_jetpack_dont_email_post_to_subs":false,"_jetpack_newsletter_tier_id":0,"_jetpack_memberships_contains_paywalled_content":false,"_jetpack_memberships_contains_paid_content":false,"footnotes":"","jetpack_publicize_message":"","jetpack_publicize_feature_enabled":true,"jetpack_social_post_already_shared":true,"jetpack_social_options":{"image_generator_settings":{"template":"highway","default_image_id":0,"font":"","enabled":false},"version":2}},"categories":[5,220,9,10],"tags":[346,446,433],"class_list":["post-15508","post","type-post","status-publish","format-standard","hentry","category-laufberichte","category-laufen-mit-freunden","category-veranstaltungen","category-wettkampfe","tag-heide","tag-heideultratrail","tag-joerg"],"jetpack_publicize_connections":[],"jetpack_featured_media_url":"","jetpack_shortlink":"https:\/\/wp.me\/p26jAY-428","jetpack_sharing_enabled":true,"jetpack_likes_enabled":false,"jetpack-related-posts":[{"id":10188,"url":"https:\/\/suedkreislaeufer.de\/?p=10188","url_meta":{"origin":15508,"position":0},"title":"Heide Ultra Trail 2015","author":"Suedkreislaeufer","date":"20. Juni 2015","format":false,"excerpt":"04:00 Uhr, der Wecker ringt. Ich \u201cspringe\u201d aus dem Bett und kein 45 Minuten sp\u00e4ter sitze ich bereits im Auto auf den Weg nach Schneverdingen zum 2. Heide Ultra Trail, organisiert von Klaus Meyer.\u00a0 Auf der A7 werde ich immer wieder von kr\u00e4ftigen Regenschauern begl\u00fcckt, der Himmel sieht nicht gut\u2026","rel":"","context":"In &quot;Index&quot;","block_context":{"text":"Index","link":"https:\/\/suedkreislaeufer.de\/?cat=233"},"img":{"alt_text":"","src":"https:\/\/i0.wp.com\/suedkreislaeufer.de\/wp-content\/uploads\/2015\/06\/CIMG9430.jpg?resize=350%2C200","width":350,"height":200,"srcset":"https:\/\/i0.wp.com\/suedkreislaeufer.de\/wp-content\/uploads\/2015\/06\/CIMG9430.jpg?resize=350%2C200 1x, https:\/\/i0.wp.com\/suedkreislaeufer.de\/wp-content\/uploads\/2015\/06\/CIMG9430.jpg?resize=525%2C300 1.5x, https:\/\/i0.wp.com\/suedkreislaeufer.de\/wp-content\/uploads\/2015\/06\/CIMG9430.jpg?resize=700%2C400 2x"},"classes":[]},{"id":16203,"url":"https:\/\/suedkreislaeufer.de\/?p=16203","url_meta":{"origin":15508,"position":1},"title":"6. Heide Ultra Trail 2019","author":"Suedkreislaeufer","date":"23. Juni 2019","format":false,"excerpt":"Bereits zum sechsten Mal fand dieses Wochenende in Schneverdingen der Heide Ultra Trail statt. F\u00fcr mich war es nach 2015 und 2018 die dritte Teilnahme. Der HUT ist ein kleiner, aber feiner, mit viel Liebe organisierter Lauf inmitten der wundersch\u00f6nen L\u00fcneburger Heide. Da der Start um 07:00 Uhr ist und\u2026","rel":"","context":"In &quot;Index&quot;","block_context":{"text":"Index","link":"https:\/\/suedkreislaeufer.de\/?cat=233"},"img":{"alt_text":"","src":"https:\/\/i0.wp.com\/suedkreislaeufer.de\/wp-content\/uploads\/2019\/06\/DJI_0024.jpg?resize=350%2C200","width":350,"height":200,"srcset":"https:\/\/i0.wp.com\/suedkreislaeufer.de\/wp-content\/uploads\/2019\/06\/DJI_0024.jpg?resize=350%2C200 1x, https:\/\/i0.wp.com\/suedkreislaeufer.de\/wp-content\/uploads\/2019\/06\/DJI_0024.jpg?resize=525%2C300 1.5x, https:\/\/i0.wp.com\/suedkreislaeufer.de\/wp-content\/uploads\/2019\/06\/DJI_0024.jpg?resize=700%2C400 2x"},"classes":[]},{"id":13453,"url":"https:\/\/suedkreislaeufer.de\/?p=13453","url_meta":{"origin":15508,"position":2},"title":"Meine L\u00e4ufe","author":"Suedkreislaeufer","date":"11. Dezember 2023","format":false,"excerpt":"Pers\u00f6nliche Bestzeiten \u00a06 km - 00:25:01 - 11. Kreislauf-Meisterschaft Hildesheim 10 km - 00:41:03 - Wedekindlauf 2009 21 km - 01:28:42 - HAJ\u00a0Hannover Marathon 2016 42 km - 03:05:45 - HH Marathon 2010 50 km - 04:54:00 - Hill50 2012 80 km - 08:56:29 -\u00a0Heide Ultra Trail 2015 160 km\u2026","rel":"","context":"In &quot;Index&quot;","block_context":{"text":"Index","link":"https:\/\/suedkreislaeufer.de\/?cat=233"},"img":{"alt_text":"","src":"https:\/\/i0.wp.com\/suedkreislaeufer.de\/wp-content\/uploads\/2022\/09\/Sunrise-Rock-HAZ-vom-25102022.jpg?resize=350%2C200","width":350,"height":200,"srcset":"https:\/\/i0.wp.com\/suedkreislaeufer.de\/wp-content\/uploads\/2022\/09\/Sunrise-Rock-HAZ-vom-25102022.jpg?resize=350%2C200 1x, https:\/\/i0.wp.com\/suedkreislaeufer.de\/wp-content\/uploads\/2022\/09\/Sunrise-Rock-HAZ-vom-25102022.jpg?resize=525%2C300 1.5x, https:\/\/i0.wp.com\/suedkreislaeufer.de\/wp-content\/uploads\/2022\/09\/Sunrise-Rock-HAZ-vom-25102022.jpg?resize=700%2C400 2x, https:\/\/i0.wp.com\/suedkreislaeufer.de\/wp-content\/uploads\/2022\/09\/Sunrise-Rock-HAZ-vom-25102022.jpg?resize=1050%2C600 3x, https:\/\/i0.wp.com\/suedkreislaeufer.de\/wp-content\/uploads\/2022\/09\/Sunrise-Rock-HAZ-vom-25102022.jpg?resize=1400%2C800 4x"},"classes":[]},{"id":18155,"url":"https:\/\/suedkreislaeufer.de\/?p=18155","url_meta":{"origin":15508,"position":3},"title":"1. Flie\u00dfgew\u00e4sser Ultra &#8211; Die Schunter","author":"Suedkreislaeufer","date":"4. Juli 2023","format":false,"excerpt":"Am 01. Juli lud J\u00f6rg zum 1. Flie\u00dfgew\u00e4sser Ultra ein. Ein Flie\u00dfgew\u00e4sser ist laut Wikipedia wie folgt definiert: Flie\u00dfgew\u00e4sser\u00a0ist in der\u00a0Hydrologie\u00a0ein Sammelbegriff f\u00fcr alle oberirdisch flie\u00dfenden\u00a0Gew\u00e4sser\u00a0und bezeichnet einen\u00a0Wasserlauf\u00a0des Binnenlandes mit st\u00e4ndig oder zeitweilig flie\u00dfendem\u00a0Wasser. Flie\u00dfgew\u00e4sser sind\u00a0Oberfl\u00e4chengew\u00e4sser. Unterirdisch bewegtes (flie\u00dfendes)\u00a0Grundwasser\u00a0ist kein Flie\u00dfgew\u00e4sser. Im Untergrund verlaufende oder in\u00a0Ponoren\u00a0im Untergrund verschwindende H\u00f6hlenfl\u00fcsse (Karstgew\u00e4sser)\u2026","rel":"","context":"In &quot;Index&quot;","block_context":{"text":"Index","link":"https:\/\/suedkreislaeufer.de\/?cat=233"},"img":{"alt_text":"","src":"https:\/\/i0.wp.com\/suedkreislaeufer.de\/wp-content\/uploads\/2023\/07\/20230701_071340.jpg?resize=350%2C200","width":350,"height":200,"srcset":"https:\/\/i0.wp.com\/suedkreislaeufer.de\/wp-content\/uploads\/2023\/07\/20230701_071340.jpg?resize=350%2C200 1x, https:\/\/i0.wp.com\/suedkreislaeufer.de\/wp-content\/uploads\/2023\/07\/20230701_071340.jpg?resize=525%2C300 1.5x, https:\/\/i0.wp.com\/suedkreislaeufer.de\/wp-content\/uploads\/2023\/07\/20230701_071340.jpg?resize=700%2C400 2x"},"classes":[]},{"id":14960,"url":"https:\/\/suedkreislaeufer.de\/?p=14960","url_meta":{"origin":15508,"position":4},"title":"2. SuMeMa 2018, der matschige","author":"Matthias M\u00fcller","date":"10. Januar 2018","format":false,"excerpt":"Die folgenden Zeilen stammen aus der Feder von Matze M\u00fcller, vielen Dank f\u00fcr den tollen Bericht. I bims, der Madse bzw. wir sint es, Miael unt i - das Suedkreis Ultrateam. Ok...Spa\u00df bei Seite. Wir machen gerne alles mit. Aber nicht jeden Trend. Denn genau das ist es, woran ihr\u2026","rel":"","context":"In &quot;Index&quot;","block_context":{"text":"Index","link":"https:\/\/suedkreislaeufer.de\/?cat=233"},"img":{"alt_text":"","src":"https:\/\/i0.wp.com\/suedkreislaeufer.de\/wp-content\/uploads\/2018\/01\/SuMeMa2018-MatthiasMueller_05.jpg?resize=350%2C200","width":350,"height":200,"srcset":"https:\/\/i0.wp.com\/suedkreislaeufer.de\/wp-content\/uploads\/2018\/01\/SuMeMa2018-MatthiasMueller_05.jpg?resize=350%2C200 1x, https:\/\/i0.wp.com\/suedkreislaeufer.de\/wp-content\/uploads\/2018\/01\/SuMeMa2018-MatthiasMueller_05.jpg?resize=525%2C300 1.5x, https:\/\/i0.wp.com\/suedkreislaeufer.de\/wp-content\/uploads\/2018\/01\/SuMeMa2018-MatthiasMueller_05.jpg?resize=700%2C400 2x, https:\/\/i0.wp.com\/suedkreislaeufer.de\/wp-content\/uploads\/2018\/01\/SuMeMa2018-MatthiasMueller_05.jpg?resize=1050%2C600 3x, https:\/\/i0.wp.com\/suedkreislaeufer.de\/wp-content\/uploads\/2018\/01\/SuMeMa2018-MatthiasMueller_05.jpg?resize=1400%2C800 4x"},"classes":[]},{"id":10121,"url":"https:\/\/suedkreislaeufer.de\/?p=10121","url_meta":{"origin":15508,"position":5},"title":"H\u00f6nzer Laufparty","author":"Suedkreislaeufer","date":"13. Juni 2015","format":false,"excerpt":"Am 20. Juni 2015, also n\u00e4chsten Samstag findet die 8. H\u00f6nzer Laufparty \u00a0statt. Ich werde zwar nicht dabei sein, da ich dann gerade in der Heide einen Ultra laufen werde, aber IHR solltet Euch das nicht entgehen lassen.","rel":"","context":"In &quot;Index&quot;","block_context":{"text":"Index","link":"https:\/\/suedkreislaeufer.de\/?cat=233"},"img":{"alt_text":"H\u00f6nze1","src":"https:\/\/i0.wp.com\/suedkreislaeufer.de\/wp-content\/uploads\/2015\/06\/H%C3%B6nze1-170x300.jpg?resize=350%2C200","width":350,"height":200},"classes":[]}],"_links":{"self":[{"href":"https:\/\/suedkreislaeufer.de\/index.php?rest_route=\/wp\/v2\/posts\/15508","targetHints":{"allow":["GET"]}}],"collection":[{"href":"https:\/\/suedkreislaeufer.de\/index.php?rest_route=\/wp\/v2\/posts"}],"about":[{"href":"https:\/\/suedkreislaeufer.de\/index.php?rest_route=\/wp\/v2\/types\/post"}],"author":[{"embeddable":true,"href":"https:\/\/suedkreislaeufer.de\/index.php?rest_route=\/wp\/v2\/users\/1"}],"replies":[{"embeddable":true,"href":"https:\/\/suedkreislaeufer.de\/index.php?rest_route=%2Fwp%2Fv2%2Fcomments&post=15508"}],"version-history":[{"count":4,"href":"https:\/\/suedkreislaeufer.de\/index.php?rest_route=\/wp\/v2\/posts\/15508\/revisions"}],"predecessor-version":[{"id":15540,"href":"https:\/\/suedkreislaeufer.de\/index.php?rest_route=\/wp\/v2\/posts\/15508\/revisions\/15540"}],"wp:attachment":[{"href":"https:\/\/suedkreislaeufer.de\/index.php?rest_route=%2Fwp%2Fv2%2Fmedia&parent=15508"}],"wp:term":[{"taxonomy":"category","embeddable":true,"href":"https:\/\/suedkreislaeufer.de\/index.php?rest_route=%2Fwp%2Fv2%2Fcategories&post=15508"},{"taxonomy":"post_tag","embeddable":true,"href":"https:\/\/suedkreislaeufer.de\/index.php?rest_route=%2Fwp%2Fv2%2Ftags&post=15508"}],"curies":[{"name":"wp","href":"https:\/\/api.w.org\/{rel}","templated":true}]}}