{"id":15908,"date":"2019-01-08T10:55:28","date_gmt":"2019-01-08T10:55:28","guid":{"rendered":"http:\/\/suedkreislaeufer.de\/?p=15908"},"modified":"2019-01-08T10:58:23","modified_gmt":"2019-01-08T10:58:23","slug":"sumema-2019","status":"publish","type":"post","link":"https:\/\/suedkreislaeufer.de\/?p=15908","title":{"rendered":"SuMeMa 2019"},"content":{"rendered":"<p>Sonntag, 06. Januar, 12:29 Uhr: Die letzte Kiste ist verstaut, die Zentrale gefegt. Der 3. SuMeMa 2019 ist Geschichte. Nun noch die ganzen Daten verarbeiten und dann ist gut. Seit Monaten haben Matze und ich uns mit dem SuMeMa besch\u00e4ftigt. Es galt wieder viel zu organisieren. Sponsoren wurden gesucht und gefunden, Helfer wurde gesucht und gefunden, L\u00e4ufer wurden gesucht und gefunden.<\/p>\n<p>Dann war endlich der Tag. Samstag, 05. Januar 2019. Der 3. SuMeMa mit zun\u00e4chst 64 Teilnehmern sollte starten. Wie das aber oft so ist, am Tag der Entscheidung standen dann \u201cnur\u201d 55 an der Startlinie.<\/p>\n<p>Das Wetter, nun ja, recht windig und regnerisch. Aber es beschwert sich keiner. Wer hier l\u00e4uft ist Kummer gewohnt und muss mit allen rechnen. Mit leichter Verz\u00f6gerung starten wir um 07:05 Uhr um die 42 Meilen, und vielleicht ein wenig mehr, zu laufen. Den ganzen Tag kann man eigentlich in wenige Worte fassen und ich m\u00f6chte auch gar nicht gro\u00df drum herum rum reden, das Video sagt eigentlich alles.<\/p>\n<p>Ich denke: <strong>Nass,Hart,Sch\u00f6n<\/strong> trifft es am ehesten<\/p>\n<p>Uns hat es wieder viel Spa\u00df gemacht diesen Lauf auszurichten. Was aber das allerwichtigste ist, das sind die Helfer an den Stationen. Matze und mir ist es besonders wichtig den SuMeMa selbst zu laufen. Wir machen das nicht nur f\u00fcr die Teilnehmer und R\u00f6derhof, sondern auch f\u00fcr uns <img data-recalc-dims=\"1\" decoding=\"async\" class=\"wlEmoticon wlEmoticon-winkingsmile\" style=\"border-style: none;\" src=\"https:\/\/i0.wp.com\/suedkreislaeufer.de\/wp-content\/uploads\/2019\/01\/wlEmoticon-winkingsmile.png?w=640&#038;ssl=1\" alt=\"Zwinkerndes Smiley\"> Aber nur mit der Unterst\u00fctzung von unseren Freunden und Partnern ist das machbar.<\/p>\n<p>Unser Dank geht an:<\/p>\n<p>Martin und Tanya die uns am ersten VP versorgt haben. Martin hat sich auch sonst den ganzen Tag um die Ohren gehauen und ist von A nach B gefahren und hat sogar L\u00e4ufer aus dem Wald evakuiert. Tanya war dann zus\u00e4tzlich noch in Wehrstedt beim zweiten VP am helfen.<\/p>\n<p>Kerstin und Heidi, unsere guten Seelen am VP 2 in Wehrstedt sorgten zusammen mit Beate und Jens daf\u00fcr das es allen gut geht und jeder wieder Fit weiter laufen kann. Meine liebe Frau Kerstin mu\u00dfte mich und unsere Vorbereitungen&nbsp; zus\u00e4tzlich schon Wochen vorher ertragen (Wahrscheinlich konnte Sie irgendwann das Wort SuMeMa nicht mehr h\u00f6ren <img data-recalc-dims=\"1\" decoding=\"async\" class=\"wlEmoticon wlEmoticon-smile\" style=\"border-style: none;\" src=\"https:\/\/i0.wp.com\/suedkreislaeufer.de\/wp-content\/uploads\/2019\/01\/wlEmoticon-smile.png?w=640&#038;ssl=1\" alt=\"Smiley\">). Mein Mutter, die f\u00fcr die Suppe zust\u00e4ndig war und mit Beate eine wertvolle Unterst\u00fctzung hatte.<\/p>\n<p>Dann waren da noch die Bewohner und Helfer in R\u00f6derhof die zusammen mit Jutta und Stephan den VP bei KM 55 geschaukelt haben. Auch hier gab es wieder eine legend\u00e4re Suppe und einen herzlichen Empfang.<\/p>\n<p>Im Ziel dann Nils, unser \u00e4ltester, und meine Tante Waltraud die f\u00fcr die Zeitnahme zust\u00e4ndig waren und sp\u00e4ter noch von Kerstin unterst\u00fctzt wurden.<\/p>\n<p>Alle Helfer vom SV Wendhausen, die am Freitag bei Sturm und Regen das Zelt aufgebaut und am Samstag \u201cbegrillt\u201d und bewirtet haben. Sicherlich hatten sie auch vorher und nachher noch einiges zu tun von dem wir nix wissen. Duschen machen sich zum Beispiel auch nicht von alleine sauber.<\/p>\n<p>Euch allen, und ich hoffe ich hab jetzt keinen vergessen, gilt unser Dank. Ohne Euch k\u00f6nnten wir den Lauf nicht so ausrichten wie wir es tun.<\/p>\n<p>Und dann sind da nat\u00fcrlich noch <a href=\"http:\/\/www.sumema.de\/unterstuetzer-2019\/\" target=\"_blank\" rel=\"noopener\">all die Sponsoren<\/a> die uns so toll unterst\u00fctzen.<\/p>\n<p>Wir hoffen es hat Euch gefallen und wir sehen uns 2020 wieder.<\/p>\n<p><iframe loading=\"lazy\" src=\"https:\/\/www.youtube.com\/embed\/C0dqeBYe0hE\" width=\"560\" height=\"315\" frameborder=\"0\" allowfullscreen=\"allowfullscreen\"><\/iframe><\/p>\n","protected":false},"excerpt":{"rendered":"<p>Sonntag, 06. Januar, 12:29 Uhr: Die letzte Kiste ist verstaut, die Zentrale gefegt. Der 3. SuMeMa 2019 ist Geschichte. Nun noch die ganzen Daten verarbeiten und dann ist gut. Seit Monaten haben Matze und ich uns mit dem SuMeMa besch\u00e4ftigt. &hellip; <a href=\"https:\/\/suedkreislaeufer.de\/?p=15908\">Weiterlesen <span class=\"meta-nav\">&rarr;<\/span><\/a><\/p>\n","protected":false},"author":1,"featured_media":0,"comment_status":"open","ping_status":"closed","sticky":false,"template":"","format":"standard","meta":{"jetpack_post_was_ever_published":false,"_jetpack_newsletter_access":"","_jetpack_dont_email_post_to_subs":false,"_jetpack_newsletter_tier_id":0,"_jetpack_memberships_contains_paywalled_content":false,"_jetpack_memberships_contains_paid_content":false,"footnotes":"","jetpack_publicize_message":"","jetpack_publicize_feature_enabled":true,"jetpack_social_post_already_shared":true,"jetpack_social_options":{"image_generator_settings":{"template":"highway","default_image_id":0,"font":"","enabled":false},"version":2}},"categories":[233,220,9,10],"tags":[416],"class_list":["post-15908","post","type-post","status-publish","format-standard","hentry","category-index","category-laufen-mit-freunden","category-veranstaltungen","category-wettkampfe","tag-sumema"],"jetpack_publicize_connections":[],"jetpack_featured_media_url":"","jetpack_shortlink":"https:\/\/wp.me\/p26jAY-48A","jetpack_sharing_enabled":true,"jetpack_likes_enabled":false,"jetpack-related-posts":[{"id":14960,"url":"https:\/\/suedkreislaeufer.de\/?p=14960","url_meta":{"origin":15908,"position":0},"title":"2. SuMeMa 2018, der matschige","author":"Matthias M\u00fcller","date":"10. Januar 2018","format":false,"excerpt":"Die folgenden Zeilen stammen aus der Feder von Matze M\u00fcller, vielen Dank f\u00fcr den tollen Bericht. I bims, der Madse bzw. wir sint es, Miael unt i - das Suedkreis Ultrateam. Ok...Spa\u00df bei Seite. Wir machen gerne alles mit. Aber nicht jeden Trend. Denn genau das ist es, woran ihr\u2026","rel":"","context":"In &quot;Index&quot;","block_context":{"text":"Index","link":"https:\/\/suedkreislaeufer.de\/?cat=233"},"img":{"alt_text":"","src":"https:\/\/i0.wp.com\/suedkreislaeufer.de\/wp-content\/uploads\/2018\/01\/SuMeMa2018-MatthiasMueller_05.jpg?resize=350%2C200","width":350,"height":200,"srcset":"https:\/\/i0.wp.com\/suedkreislaeufer.de\/wp-content\/uploads\/2018\/01\/SuMeMa2018-MatthiasMueller_05.jpg?resize=350%2C200 1x, https:\/\/i0.wp.com\/suedkreislaeufer.de\/wp-content\/uploads\/2018\/01\/SuMeMa2018-MatthiasMueller_05.jpg?resize=525%2C300 1.5x, https:\/\/i0.wp.com\/suedkreislaeufer.de\/wp-content\/uploads\/2018\/01\/SuMeMa2018-MatthiasMueller_05.jpg?resize=700%2C400 2x, https:\/\/i0.wp.com\/suedkreislaeufer.de\/wp-content\/uploads\/2018\/01\/SuMeMa2018-MatthiasMueller_05.jpg?resize=1050%2C600 3x, https:\/\/i0.wp.com\/suedkreislaeufer.de\/wp-content\/uploads\/2018\/01\/SuMeMa2018-MatthiasMueller_05.jpg?resize=1400%2C800 4x"},"classes":[]},{"id":15400,"url":"https:\/\/suedkreislaeufer.de\/?p=15400","url_meta":{"origin":15908,"position":1},"title":"28. HAJ Hannover Marathon","author":"Suedkreislaeufer","date":"8. April 2018","format":false,"excerpt":"Keine Ahnung wie die das immer hinbekommen, aber wenn Hannover Marathon ist, ist geniales Wetter. Letztes Jahr hab ich zwar bei Start gezittert, aber auch damals wurde es richtig mopsig. Aber dieses Jahr: My lovely Mr. Singingclub, das war schon was \u2026 Dieses Jahr (und ich hoffe auch noch l\u00e4nger)\u2026","rel":"","context":"In &quot;Index&quot;","block_context":{"text":"Index","link":"https:\/\/suedkreislaeufer.de\/?cat=233"},"img":{"alt_text":"","src":"https:\/\/i0.wp.com\/suedkreislaeufer.de\/wp-content\/uploads\/2018\/04\/2018-04-08-08h59m28s-Hannover-Marathon.jpg.jpg?resize=350%2C200","width":350,"height":200,"srcset":"https:\/\/i0.wp.com\/suedkreislaeufer.de\/wp-content\/uploads\/2018\/04\/2018-04-08-08h59m28s-Hannover-Marathon.jpg.jpg?resize=350%2C200 1x, https:\/\/i0.wp.com\/suedkreislaeufer.de\/wp-content\/uploads\/2018\/04\/2018-04-08-08h59m28s-Hannover-Marathon.jpg.jpg?resize=525%2C300 1.5x, https:\/\/i0.wp.com\/suedkreislaeufer.de\/wp-content\/uploads\/2018\/04\/2018-04-08-08h59m28s-Hannover-Marathon.jpg.jpg?resize=700%2C400 2x"},"classes":[]},{"id":13723,"url":"https:\/\/suedkreislaeufer.de\/?p=13723","url_meta":{"origin":15908,"position":2},"title":"SuMeMa 2017","author":"Suedkreislaeufer","date":"29. Dezember 2016","format":false,"excerpt":"Das Suedkreis Ultrateam l\u00e4dt ein zum SuMeMa 2017. Der SuMeMa ist ein Meilen Marathon, das bedeutet wir laufen 42,195 Meilen durch den Suedkreis des Landkreises Hildesheim mit ca. 1400 hm. Es wird drei\u00a0VP\u00b4s\u00a0(km 16, 35 und 57) Jeder ist f\u00fcr die Navigation selbst verantwortlich, ein Track wird vorher verschickt. Der\u2026","rel":"","context":"In &quot;Index&quot;","block_context":{"text":"Index","link":"https:\/\/suedkreislaeufer.de\/?cat=233"},"img":{"alt_text":"SuMeMa","src":"https:\/\/i0.wp.com\/suedkreislaeufer.de\/wp-content\/uploads\/2016\/11\/SuMeMa_thumb.jpg?resize=350%2C200","width":350,"height":200},"classes":[]},{"id":14697,"url":"https:\/\/suedkreislaeufer.de\/?p=14697","url_meta":{"origin":15908,"position":3},"title":"9. R&ouml;derhof-Benefiz-Lauf","author":"Suedkreislaeufer","date":"23. September 2017","format":false,"excerpt":"Der einzige 10 km Wettkampf in 2017 stand heute an. Zum zweiten mal steh ich mit Matthias hier an der Startlinie. Auch Jens war dabei und sollte f\u00fcr mich heute noch wichtig werden. Da R\u00f6derhof n\u00e4chstes Jahr wieder der Spendenempf\u00e4nger des SuMeMa sein wird war es uns nat\u00fcrlich wichtig hier\u2026","rel":"","context":"In &quot;Index&quot;","block_context":{"text":"Index","link":"https:\/\/suedkreislaeufer.de\/?cat=233"},"img":{"alt_text":"","src":"https:\/\/i0.wp.com\/suedkreislaeufer.de\/wp-content\/uploads\/2017\/09\/IMG_20170923_103318_0.jpg?resize=350%2C200","width":350,"height":200,"srcset":"https:\/\/i0.wp.com\/suedkreislaeufer.de\/wp-content\/uploads\/2017\/09\/IMG_20170923_103318_0.jpg?resize=350%2C200 1x, https:\/\/i0.wp.com\/suedkreislaeufer.de\/wp-content\/uploads\/2017\/09\/IMG_20170923_103318_0.jpg?resize=525%2C300 1.5x, https:\/\/i0.wp.com\/suedkreislaeufer.de\/wp-content\/uploads\/2017\/09\/IMG_20170923_103318_0.jpg?resize=700%2C400 2x"},"classes":[]},{"id":13745,"url":"https:\/\/suedkreislaeufer.de\/?p=13745","url_meta":{"origin":15908,"position":4},"title":"Dog-Tag f&uuml;r den SuMeMa 2017","author":"Suedkreislaeufer","date":"23. November 2016","format":false,"excerpt":"Auf der Suche nach einer geeigneten \u201cMedaille\u201d f\u00fcr den Suedkreis Meilen Marathon (SuMeMa) am 07. Januar 2017 bin ich auf die M\u00f6glichkeit gesto\u00dfen ein Dog-Tag zu verwenden. Dog-Tags, also \u201cHundemarken\u201d werden oft verwendet um pers\u00f6nliche Daten darauf zu gravieren bzw. zu pr\u00e4gen. So kann man zum Beispiel medizinische Info\u00b4s (Blutgruppe,\u2026","rel":"","context":"In &quot;Index&quot;","block_context":{"text":"Index","link":"https:\/\/suedkreislaeufer.de\/?cat=233"},"img":{"alt_text":"","src":"https:\/\/i0.wp.com\/suedkreislaeufer.de\/wp-content\/uploads\/2016\/11\/DSC02930-k.jpg?resize=350%2C200","width":350,"height":200,"srcset":"https:\/\/i0.wp.com\/suedkreislaeufer.de\/wp-content\/uploads\/2016\/11\/DSC02930-k.jpg?resize=350%2C200 1x, https:\/\/i0.wp.com\/suedkreislaeufer.de\/wp-content\/uploads\/2016\/11\/DSC02930-k.jpg?resize=525%2C300 1.5x, https:\/\/i0.wp.com\/suedkreislaeufer.de\/wp-content\/uploads\/2016\/11\/DSC02930-k.jpg?resize=700%2C400 2x"},"classes":[]},{"id":13941,"url":"https:\/\/suedkreislaeufer.de\/?p=13941","url_meta":{"origin":15908,"position":5},"title":"SuMeMa 2017&ndash;Ergebnissliste","author":"Suedkreislaeufer","date":"8. Januar 2017","format":false,"excerpt":"Ergebnise Startnr. Name 01 Matthias M\u00fcller 09:41 Std. 6 02 Michael Hartmann 08:34 Std. 4 03 Frank Jungclaus 10:19 Std. 7 04 Mario Bartkowski DNS 05 Andreas Schulze aka Aschu 08:59 Std. 5 06 Andreas Jackisch DNS 07 J\u00f6rg Rieling 09:41 Std. 6 08 Christoph Wurm mit Moya 08:12 Std.\u2026","rel":"","context":"In &quot;Index&quot;","block_context":{"text":"Index","link":"https:\/\/suedkreislaeufer.de\/?cat=233"},"img":{"alt_text":"","src":"","width":0,"height":0},"classes":[]}],"_links":{"self":[{"href":"https:\/\/suedkreislaeufer.de\/index.php?rest_route=\/wp\/v2\/posts\/15908","targetHints":{"allow":["GET"]}}],"collection":[{"href":"https:\/\/suedkreislaeufer.de\/index.php?rest_route=\/wp\/v2\/posts"}],"about":[{"href":"https:\/\/suedkreislaeufer.de\/index.php?rest_route=\/wp\/v2\/types\/post"}],"author":[{"embeddable":true,"href":"https:\/\/suedkreislaeufer.de\/index.php?rest_route=\/wp\/v2\/users\/1"}],"replies":[{"embeddable":true,"href":"https:\/\/suedkreislaeufer.de\/index.php?rest_route=%2Fwp%2Fv2%2Fcomments&post=15908"}],"version-history":[{"count":4,"href":"https:\/\/suedkreislaeufer.de\/index.php?rest_route=\/wp\/v2\/posts\/15908\/revisions"}],"predecessor-version":[{"id":15917,"href":"https:\/\/suedkreislaeufer.de\/index.php?rest_route=\/wp\/v2\/posts\/15908\/revisions\/15917"}],"wp:attachment":[{"href":"https:\/\/suedkreislaeufer.de\/index.php?rest_route=%2Fwp%2Fv2%2Fmedia&parent=15908"}],"wp:term":[{"taxonomy":"category","embeddable":true,"href":"https:\/\/suedkreislaeufer.de\/index.php?rest_route=%2Fwp%2Fv2%2Fcategories&post=15908"},{"taxonomy":"post_tag","embeddable":true,"href":"https:\/\/suedkreislaeufer.de\/index.php?rest_route=%2Fwp%2Fv2%2Ftags&post=15908"}],"curies":[{"name":"wp","href":"https:\/\/api.w.org\/{rel}","templated":true}]}}