{"id":15935,"date":"2019-02-10T19:06:46","date_gmt":"2019-02-10T19:06:46","guid":{"rendered":"http:\/\/suedkreislaeufer.de\/?p=15935"},"modified":"2019-02-10T21:19:01","modified_gmt":"2019-02-10T21:19:01","slug":"xvi-brocken-challenge-2019","status":"publish","type":"post","link":"https:\/\/suedkreislaeufer.de\/?p=15935","title":{"rendered":"XVI. Brocken Challenge 2019"},"content":{"rendered":"<p>Der zweite Ultra f\u00fcr mich in 2019, die Brocken Challenge. Was war das f\u00fcr ein Tag. Bei der Fahrt nach G\u00f6ttingen am Samstag in der Fr\u00fche werden wir auf der Autobahn noch von Regen begl\u00fcckt, der sich aber zum Gl\u00fcck dann den ganzen Tag zur\u00fcck hielt. Start war wie immer um 06 Uhr in G\u00f6ttingen am \u201cAlten Tanzsaal\u201d. Ein zweites kurzes Fr\u00fchst\u00fcck, viel zu viel Kaffee der auf den darauf folgenden Kilometern auch wieder raus wollte (ab Kilometer 30 wurde es besser).<\/p>\n<p>Im Tanzsaal, ein reges treiben. Alles schnattert und fachsimpelt durcheinander. Jeder kennt irgendwie jeden. Im laufe der Jahre (nun schon die 6. BC f\u00fcr mich) trifft man viele alte und neue Bekannte, ein kleines Familientreffen bevor es in die Dunkelheit geht. Wobei, so richtig dunkel ist es ja nicht. \u00dcber 180 Stirnlampen und unz\u00e4hlige Fackeln erhellen den G\u00f6ttinger Stadtwald und sorgen f\u00fcr ein tolles Feeling. Man ist Teil einer doch recht verr\u00fcckten Truppe, das wird einem auf der letzten Etappe von Oderbr\u00fcck zum Brocken bewusst wenn die vielen Tagestouristen einen ungl\u00e4ubige Blicke schenken aber auch jede Menge Anerkennung zollen f\u00fcr das geleistete.<\/p>\n<p>Mr. BC schickt uns auf die Strecke und die Meute setzt sich johlend in Bewegung. Die ersten Kilometer vergehen wie im Flug. Nach Mackenrode erreichen wir Landolfhausen wo wir dieses Jahr mit besonders viel Trubel erwarten werden. Einfach nur sch\u00f6n.<\/p>\n<p>Die ersten Kilometer laufe ich meist alleine, und das ist auch gut so. Zu oft muss ich in die B\u00fcsche um den Kaffee durchlaufen zu lassen. Irgendwo bei Kilometer 27 oder 28 treffe ich dann auf Christoph, Moya, Kathi und Daniel. In dieser Konstellation ging es nun fortan weiter. Wir hatten viel zu schnacken und so kam auch keine Langeweile auf. Eh wir uns versahen erreichten wir Barbis bei KM 42. Hier am Harzrand wurde es dann auch gleich ein wenig winterlicher.<\/p>\n<div class=\"tiled-gallery type-rectangular tiled-gallery-unresized\" data-original-width=\"640\" data-carousel-extra='{&quot;blog_id&quot;:1,&quot;permalink&quot;:&quot;https:\\\/\\\/suedkreislaeufer.de\\\/?p=15935&quot;,&quot;likes_blog_id&quot;:31057968}' itemscope itemtype=\"http:\/\/schema.org\/ImageGallery\" > <div class=\"gallery-row\" style=\"width: 640px; height: 134px;\" data-original-width=\"640\" data-original-height=\"134\" > <div class=\"gallery-group images-1\" style=\"width: 235px; height: 134px;\" data-original-width=\"235\" data-original-height=\"134\" > <div class=\"tiled-gallery-item tiled-gallery-item-small\" itemprop=\"associatedMedia\" itemscope itemtype=\"http:\/\/schema.org\/ImageObject\"> <a href=\"https:\/\/suedkreislaeufer.de\/?attachment_id=15942\" border=\"0\" itemprop=\"url\"> <meta itemprop=\"width\" content=\"231\"> <meta itemprop=\"height\" content=\"130\"> <img decoding=\"async\" class=\"\" data-attachment-id=\"15942\" data-orig-file=\"https:\/\/suedkreislaeufer.de\/wp-content\/uploads\/2019\/02\/2019-02-09-Brocken-Challenge-02.jpeg\" data-orig-size=\"1000,563\" data-comments-opened=\"1\" data-image-meta=\"{&quot;aperture&quot;:&quot;2&quot;,&quot;credit&quot;:&quot;&quot;,&quot;camera&quot;:&quot;OT110&quot;,&quot;caption&quot;:&quot;DCIM100MEDIADJI_0355.JPG&quot;,&quot;created_timestamp&quot;:&quot;1549699538&quot;,&quot;copyright&quot;:&quot;&quot;,&quot;focal_length&quot;:&quot;4.6&quot;,&quot;iso&quot;:&quot;100&quot;,&quot;shutter_speed&quot;:&quot;0.002&quot;,&quot;title&quot;:&quot;DCIM100MEDIADJI_0355.JPG&quot;,&quot;orientation&quot;:&quot;1&quot;}\" data-image-title=\"DCIM100MEDIADJI_0355.JPG\" data-image-description=\"\" data-medium-file=\"https:\/\/i0.wp.com\/suedkreislaeufer.de\/wp-content\/uploads\/2019\/02\/2019-02-09-Brocken-Challenge-02.jpeg?fit=300%2C169&#038;ssl=1\" data-large-file=\"https:\/\/i0.wp.com\/suedkreislaeufer.de\/wp-content\/uploads\/2019\/02\/2019-02-09-Brocken-Challenge-02.jpeg?fit=640%2C360&#038;ssl=1\" src=\"https:\/\/i0.wp.com\/suedkreislaeufer.de\/wp-content\/uploads\/2019\/02\/2019-02-09-Brocken-Challenge-02.jpeg?w=231&#038;h=130&#038;ssl=1\" srcset=\"https:\/\/i0.wp.com\/suedkreislaeufer.de\/wp-content\/uploads\/2019\/02\/2019-02-09-Brocken-Challenge-02.jpeg?w=1000&amp;ssl=1 1000w, https:\/\/i0.wp.com\/suedkreislaeufer.de\/wp-content\/uploads\/2019\/02\/2019-02-09-Brocken-Challenge-02.jpeg?resize=300%2C169&amp;ssl=1 300w, https:\/\/i0.wp.com\/suedkreislaeufer.de\/wp-content\/uploads\/2019\/02\/2019-02-09-Brocken-Challenge-02.jpeg?resize=768%2C432&amp;ssl=1 768w\" width=\"231\" height=\"130\" loading=\"lazy\" data-original-width=\"231\" data-original-height=\"130\" itemprop=\"http:\/\/schema.org\/image\" title=\"DCIM100MEDIADJI_0355.JPG\" alt=\"DCIM100MEDIADJI_0355.JPG\" style=\"width: 231px; height: 130px;\" \/> <\/a> <\/div> <\/div> <!-- close group --> <div class=\"gallery-group images-1\" style=\"width: 171px; height: 134px;\" data-original-width=\"171\" data-original-height=\"134\" > <div class=\"tiled-gallery-item tiled-gallery-item-small\" itemprop=\"associatedMedia\" itemscope itemtype=\"http:\/\/schema.org\/ImageObject\"> <a href=\"https:\/\/suedkreislaeufer.de\/?attachment_id=15948\" border=\"0\" itemprop=\"url\"> <meta itemprop=\"width\" content=\"167\"> <meta itemprop=\"height\" content=\"130\"> <img decoding=\"async\" class=\"\" data-attachment-id=\"15948\" data-orig-file=\"https:\/\/suedkreislaeufer.de\/wp-content\/uploads\/2019\/02\/51648781_2335720676461253_8326526073097420800_o.jpg\" data-orig-size=\"1000,776\" data-comments-opened=\"1\" data-image-meta=\"{&quot;aperture&quot;:&quot;0&quot;,&quot;credit&quot;:&quot;&quot;,&quot;camera&quot;:&quot;&quot;,&quot;caption&quot;:&quot;&quot;,&quot;created_timestamp&quot;:&quot;0&quot;,&quot;copyright&quot;:&quot;&quot;,&quot;focal_length&quot;:&quot;0&quot;,&quot;iso&quot;:&quot;0&quot;,&quot;shutter_speed&quot;:&quot;0&quot;,&quot;title&quot;:&quot;&quot;,&quot;orientation&quot;:&quot;0&quot;}\" data-image-title=\"51648781_2335720676461253_8326526073097420800_o\" data-image-description=\"\" data-medium-file=\"https:\/\/i0.wp.com\/suedkreislaeufer.de\/wp-content\/uploads\/2019\/02\/51648781_2335720676461253_8326526073097420800_o.jpg?fit=300%2C233&#038;ssl=1\" data-large-file=\"https:\/\/i0.wp.com\/suedkreislaeufer.de\/wp-content\/uploads\/2019\/02\/51648781_2335720676461253_8326526073097420800_o.jpg?fit=640%2C497&#038;ssl=1\" src=\"https:\/\/i0.wp.com\/suedkreislaeufer.de\/wp-content\/uploads\/2019\/02\/51648781_2335720676461253_8326526073097420800_o.jpg?w=167&#038;h=130&#038;ssl=1\" srcset=\"https:\/\/i0.wp.com\/suedkreislaeufer.de\/wp-content\/uploads\/2019\/02\/51648781_2335720676461253_8326526073097420800_o.jpg?w=1000&amp;ssl=1 1000w, https:\/\/i0.wp.com\/suedkreislaeufer.de\/wp-content\/uploads\/2019\/02\/51648781_2335720676461253_8326526073097420800_o.jpg?resize=300%2C233&amp;ssl=1 300w, https:\/\/i0.wp.com\/suedkreislaeufer.de\/wp-content\/uploads\/2019\/02\/51648781_2335720676461253_8326526073097420800_o.jpg?resize=768%2C596&amp;ssl=1 768w\" width=\"167\" height=\"130\" loading=\"lazy\" data-original-width=\"167\" data-original-height=\"130\" itemprop=\"http:\/\/schema.org\/image\" title=\"51648781_2335720676461253_8326526073097420800_o\" alt=\"51648781_2335720676461253_8326526073097420800_o\" style=\"width: 167px; height: 130px;\" \/> <\/a> <\/div> <\/div> <!-- close group --> <div class=\"gallery-group images-1\" style=\"width: 234px; height: 134px;\" data-original-width=\"234\" data-original-height=\"134\" > <div class=\"tiled-gallery-item tiled-gallery-item-small\" itemprop=\"associatedMedia\" itemscope itemtype=\"http:\/\/schema.org\/ImageObject\"> <a href=\"https:\/\/suedkreislaeufer.de\/?attachment_id=15943\" border=\"0\" itemprop=\"url\"> <meta itemprop=\"width\" content=\"230\"> <meta itemprop=\"height\" content=\"130\"> <img decoding=\"async\" class=\"\" data-attachment-id=\"15943\" data-orig-file=\"https:\/\/suedkreislaeufer.de\/wp-content\/uploads\/2019\/02\/2019-02-09-Brocken-Challenge-03.jpeg\" data-orig-size=\"1000,563\" data-comments-opened=\"1\" data-image-meta=\"{&quot;aperture&quot;:&quot;2&quot;,&quot;credit&quot;:&quot;&quot;,&quot;camera&quot;:&quot;OT110&quot;,&quot;caption&quot;:&quot;DCIM100MEDIADJI_0357.JPG&quot;,&quot;created_timestamp&quot;:&quot;1549730428&quot;,&quot;copyright&quot;:&quot;&quot;,&quot;focal_length&quot;:&quot;4.6&quot;,&quot;iso&quot;:&quot;100&quot;,&quot;shutter_speed&quot;:&quot;0.00625&quot;,&quot;title&quot;:&quot;DCIM100MEDIADJI_0357.JPG&quot;,&quot;orientation&quot;:&quot;1&quot;}\" data-image-title=\"DCIM100MEDIADJI_0357.JPG\" data-image-description=\"\" data-medium-file=\"https:\/\/i0.wp.com\/suedkreislaeufer.de\/wp-content\/uploads\/2019\/02\/2019-02-09-Brocken-Challenge-03.jpeg?fit=300%2C169&#038;ssl=1\" data-large-file=\"https:\/\/i0.wp.com\/suedkreislaeufer.de\/wp-content\/uploads\/2019\/02\/2019-02-09-Brocken-Challenge-03.jpeg?fit=640%2C360&#038;ssl=1\" src=\"https:\/\/i0.wp.com\/suedkreislaeufer.de\/wp-content\/uploads\/2019\/02\/2019-02-09-Brocken-Challenge-03.jpeg?w=230&#038;h=130&#038;ssl=1\" srcset=\"https:\/\/i0.wp.com\/suedkreislaeufer.de\/wp-content\/uploads\/2019\/02\/2019-02-09-Brocken-Challenge-03.jpeg?w=1000&amp;ssl=1 1000w, https:\/\/i0.wp.com\/suedkreislaeufer.de\/wp-content\/uploads\/2019\/02\/2019-02-09-Brocken-Challenge-03.jpeg?resize=300%2C169&amp;ssl=1 300w, https:\/\/i0.wp.com\/suedkreislaeufer.de\/wp-content\/uploads\/2019\/02\/2019-02-09-Brocken-Challenge-03.jpeg?resize=768%2C432&amp;ssl=1 768w\" width=\"230\" height=\"130\" loading=\"lazy\" data-original-width=\"230\" data-original-height=\"130\" itemprop=\"http:\/\/schema.org\/image\" title=\"DCIM100MEDIADJI_0357.JPG\" alt=\"DCIM100MEDIADJI_0357.JPG\" style=\"width: 230px; height: 130px;\" \/> <\/a> <\/div> <\/div> <!-- close group --> <\/div> <!-- close row --> <div class=\"gallery-row\" style=\"width: 640px; height: 207px;\" data-original-width=\"640\" data-original-height=\"207\" > <div class=\"gallery-group images-1\" style=\"width: 365px; height: 207px;\" data-original-width=\"365\" data-original-height=\"207\" > <div class=\"tiled-gallery-item tiled-gallery-item-large\" itemprop=\"associatedMedia\" itemscope itemtype=\"http:\/\/schema.org\/ImageObject\"> <a href=\"https:\/\/suedkreislaeufer.de\/?attachment_id=15944\" border=\"0\" itemprop=\"url\"> <meta itemprop=\"width\" content=\"361\"> <meta itemprop=\"height\" content=\"203\"> <img decoding=\"async\" class=\"\" data-attachment-id=\"15944\" data-orig-file=\"https:\/\/suedkreislaeufer.de\/wp-content\/uploads\/2019\/02\/2019-02-09-Brocken-Challenge-04.jpeg\" data-orig-size=\"1000,563\" data-comments-opened=\"1\" data-image-meta=\"{&quot;aperture&quot;:&quot;2&quot;,&quot;credit&quot;:&quot;&quot;,&quot;camera&quot;:&quot;OT110&quot;,&quot;caption&quot;:&quot;DCIM100MEDIADJI_0360.JPG&quot;,&quot;created_timestamp&quot;:&quot;1549730979&quot;,&quot;copyright&quot;:&quot;&quot;,&quot;focal_length&quot;:&quot;4.6&quot;,&quot;iso&quot;:&quot;100&quot;,&quot;shutter_speed&quot;:&quot;0.0041666666666667&quot;,&quot;title&quot;:&quot;DCIM100MEDIADJI_0360.JPG&quot;,&quot;orientation&quot;:&quot;1&quot;}\" data-image-title=\"DCIM100MEDIADJI_0360.JPG\" data-image-description=\"\" data-medium-file=\"https:\/\/i0.wp.com\/suedkreislaeufer.de\/wp-content\/uploads\/2019\/02\/2019-02-09-Brocken-Challenge-04.jpeg?fit=300%2C169&#038;ssl=1\" data-large-file=\"https:\/\/i0.wp.com\/suedkreislaeufer.de\/wp-content\/uploads\/2019\/02\/2019-02-09-Brocken-Challenge-04.jpeg?fit=640%2C360&#038;ssl=1\" src=\"https:\/\/i0.wp.com\/suedkreislaeufer.de\/wp-content\/uploads\/2019\/02\/2019-02-09-Brocken-Challenge-04.jpeg?w=361&#038;h=203&#038;ssl=1\" srcset=\"https:\/\/i0.wp.com\/suedkreislaeufer.de\/wp-content\/uploads\/2019\/02\/2019-02-09-Brocken-Challenge-04.jpeg?w=1000&amp;ssl=1 1000w, https:\/\/i0.wp.com\/suedkreislaeufer.de\/wp-content\/uploads\/2019\/02\/2019-02-09-Brocken-Challenge-04.jpeg?resize=300%2C169&amp;ssl=1 300w, https:\/\/i0.wp.com\/suedkreislaeufer.de\/wp-content\/uploads\/2019\/02\/2019-02-09-Brocken-Challenge-04.jpeg?resize=768%2C432&amp;ssl=1 768w\" width=\"361\" height=\"203\" loading=\"lazy\" data-original-width=\"361\" data-original-height=\"203\" itemprop=\"http:\/\/schema.org\/image\" title=\"DCIM100MEDIADJI_0360.JPG\" alt=\"DCIM100MEDIADJI_0360.JPG\" style=\"width: 361px; height: 203px;\" \/> <\/a> <\/div> <\/div> <!-- close group --> <div class=\"gallery-group images-1\" style=\"width: 275px; height: 207px;\" data-original-width=\"275\" data-original-height=\"207\" > <div class=\"tiled-gallery-item tiled-gallery-item-large\" itemprop=\"associatedMedia\" itemscope itemtype=\"http:\/\/schema.org\/ImageObject\"> <a href=\"https:\/\/suedkreislaeufer.de\/?attachment_id=15941\" border=\"0\" itemprop=\"url\"> <meta itemprop=\"width\" content=\"271\"> <meta itemprop=\"height\" content=\"203\"> <img decoding=\"async\" class=\"\" data-attachment-id=\"15941\" data-orig-file=\"https:\/\/suedkreislaeufer.de\/wp-content\/uploads\/2019\/02\/2019-02-09-Brocken-Challenge-01.jpg\" data-orig-size=\"1000,750\" data-comments-opened=\"1\" data-image-meta=\"{&quot;aperture&quot;:&quot;0&quot;,&quot;credit&quot;:&quot;&quot;,&quot;camera&quot;:&quot;&quot;,&quot;caption&quot;:&quot;&quot;,&quot;created_timestamp&quot;:&quot;0&quot;,&quot;copyright&quot;:&quot;&quot;,&quot;focal_length&quot;:&quot;0&quot;,&quot;iso&quot;:&quot;0&quot;,&quot;shutter_speed&quot;:&quot;0&quot;,&quot;title&quot;:&quot;&quot;,&quot;orientation&quot;:&quot;1&quot;}\" data-image-title=\"2019-02-09 &amp;#8211; Brocken Challenge 01\" data-image-description=\"\" data-medium-file=\"https:\/\/i0.wp.com\/suedkreislaeufer.de\/wp-content\/uploads\/2019\/02\/2019-02-09-Brocken-Challenge-01.jpg?fit=300%2C225&#038;ssl=1\" data-large-file=\"https:\/\/i0.wp.com\/suedkreislaeufer.de\/wp-content\/uploads\/2019\/02\/2019-02-09-Brocken-Challenge-01.jpg?fit=640%2C480&#038;ssl=1\" src=\"https:\/\/i0.wp.com\/suedkreislaeufer.de\/wp-content\/uploads\/2019\/02\/2019-02-09-Brocken-Challenge-01.jpg?w=271&#038;h=203&#038;ssl=1\" srcset=\"https:\/\/i0.wp.com\/suedkreislaeufer.de\/wp-content\/uploads\/2019\/02\/2019-02-09-Brocken-Challenge-01.jpg?w=1000&amp;ssl=1 1000w, https:\/\/i0.wp.com\/suedkreislaeufer.de\/wp-content\/uploads\/2019\/02\/2019-02-09-Brocken-Challenge-01.jpg?resize=300%2C225&amp;ssl=1 300w, https:\/\/i0.wp.com\/suedkreislaeufer.de\/wp-content\/uploads\/2019\/02\/2019-02-09-Brocken-Challenge-01.jpg?resize=768%2C576&amp;ssl=1 768w\" width=\"271\" height=\"203\" loading=\"lazy\" data-original-width=\"271\" data-original-height=\"203\" itemprop=\"http:\/\/schema.org\/image\" title=\"2019-02-09 - Brocken Challenge 01\" alt=\"2019-02-09 - Brocken Challenge 01\" style=\"width: 271px; height: 203px;\" \/> <\/a> <\/div> <\/div> <!-- close group --> <\/div> <!-- close row --> <div class=\"gallery-row\" style=\"width: 640px; height: 182px;\" data-original-width=\"640\" data-original-height=\"182\" > <div class=\"gallery-group images-1\" style=\"width: 321px; height: 182px;\" data-original-width=\"321\" data-original-height=\"182\" > <div class=\"tiled-gallery-item tiled-gallery-item-large\" itemprop=\"associatedMedia\" itemscope itemtype=\"http:\/\/schema.org\/ImageObject\"> <a href=\"https:\/\/suedkreislaeufer.de\/?attachment_id=15946\" border=\"0\" itemprop=\"url\"> <meta itemprop=\"width\" content=\"317\"> <meta itemprop=\"height\" content=\"178\"> <img decoding=\"async\" class=\"\" data-attachment-id=\"15946\" data-orig-file=\"https:\/\/suedkreislaeufer.de\/wp-content\/uploads\/2019\/02\/2019-02-09-Brocken-Challenge-06.jpeg\" data-orig-size=\"1000,561\" data-comments-opened=\"1\" data-image-meta=\"{&quot;aperture&quot;:&quot;2&quot;,&quot;credit&quot;:&quot;&quot;,&quot;camera&quot;:&quot;OT110&quot;,&quot;caption&quot;:&quot;DCIM100MEDIADJI_0365.JPG&quot;,&quot;created_timestamp&quot;:&quot;1549732792&quot;,&quot;copyright&quot;:&quot;&quot;,&quot;focal_length&quot;:&quot;4.6&quot;,&quot;iso&quot;:&quot;100&quot;,&quot;shutter_speed&quot;:&quot;0.04&quot;,&quot;title&quot;:&quot;DCIM100MEDIADJI_0365.JPG&quot;,&quot;orientation&quot;:&quot;1&quot;}\" data-image-title=\"DCIM100MEDIADJI_0365.JPG\" data-image-description=\"\" data-medium-file=\"https:\/\/i0.wp.com\/suedkreislaeufer.de\/wp-content\/uploads\/2019\/02\/2019-02-09-Brocken-Challenge-06.jpeg?fit=300%2C168&#038;ssl=1\" data-large-file=\"https:\/\/i0.wp.com\/suedkreislaeufer.de\/wp-content\/uploads\/2019\/02\/2019-02-09-Brocken-Challenge-06.jpeg?fit=640%2C359&#038;ssl=1\" src=\"https:\/\/i0.wp.com\/suedkreislaeufer.de\/wp-content\/uploads\/2019\/02\/2019-02-09-Brocken-Challenge-06.jpeg?w=317&#038;h=178&#038;ssl=1\" srcset=\"https:\/\/i0.wp.com\/suedkreislaeufer.de\/wp-content\/uploads\/2019\/02\/2019-02-09-Brocken-Challenge-06.jpeg?w=1000&amp;ssl=1 1000w, https:\/\/i0.wp.com\/suedkreislaeufer.de\/wp-content\/uploads\/2019\/02\/2019-02-09-Brocken-Challenge-06.jpeg?resize=300%2C168&amp;ssl=1 300w, https:\/\/i0.wp.com\/suedkreislaeufer.de\/wp-content\/uploads\/2019\/02\/2019-02-09-Brocken-Challenge-06.jpeg?resize=768%2C431&amp;ssl=1 768w\" width=\"317\" height=\"178\" loading=\"lazy\" data-original-width=\"317\" data-original-height=\"178\" itemprop=\"http:\/\/schema.org\/image\" title=\"DCIM100MEDIADJI_0365.JPG\" alt=\"DCIM100MEDIADJI_0365.JPG\" style=\"width: 317px; height: 178px;\" \/> <\/a> <\/div> <\/div> <!-- close group --> <div class=\"gallery-group images-1\" style=\"width: 319px; height: 182px;\" data-original-width=\"319\" data-original-height=\"182\" > <div class=\"tiled-gallery-item tiled-gallery-item-large\" itemprop=\"associatedMedia\" itemscope itemtype=\"http:\/\/schema.org\/ImageObject\"> <a href=\"https:\/\/suedkreislaeufer.de\/?attachment_id=15947\" border=\"0\" itemprop=\"url\"> <meta itemprop=\"width\" content=\"315\"> <meta itemprop=\"height\" content=\"178\"> <img decoding=\"async\" class=\"\" data-attachment-id=\"15947\" data-orig-file=\"https:\/\/suedkreislaeufer.de\/wp-content\/uploads\/2019\/02\/2019-02-09-Brocken-Challenge-07.jpeg\" data-orig-size=\"1000,563\" data-comments-opened=\"1\" data-image-meta=\"{&quot;aperture&quot;:&quot;2&quot;,&quot;credit&quot;:&quot;&quot;,&quot;camera&quot;:&quot;OT110&quot;,&quot;caption&quot;:&quot;DCIM100MEDIADJI_0366.JPG&quot;,&quot;created_timestamp&quot;:&quot;1549732856&quot;,&quot;copyright&quot;:&quot;&quot;,&quot;focal_length&quot;:&quot;4.6&quot;,&quot;iso&quot;:&quot;100&quot;,&quot;shutter_speed&quot;:&quot;0.05&quot;,&quot;title&quot;:&quot;DCIM100MEDIADJI_0366.JPG&quot;,&quot;orientation&quot;:&quot;1&quot;}\" data-image-title=\"DCIM100MEDIADJI_0366.JPG\" data-image-description=\"\" data-medium-file=\"https:\/\/i0.wp.com\/suedkreislaeufer.de\/wp-content\/uploads\/2019\/02\/2019-02-09-Brocken-Challenge-07.jpeg?fit=300%2C169&#038;ssl=1\" data-large-file=\"https:\/\/i0.wp.com\/suedkreislaeufer.de\/wp-content\/uploads\/2019\/02\/2019-02-09-Brocken-Challenge-07.jpeg?fit=640%2C360&#038;ssl=1\" src=\"https:\/\/i0.wp.com\/suedkreislaeufer.de\/wp-content\/uploads\/2019\/02\/2019-02-09-Brocken-Challenge-07.jpeg?w=315&#038;h=178&#038;ssl=1\" srcset=\"https:\/\/i0.wp.com\/suedkreislaeufer.de\/wp-content\/uploads\/2019\/02\/2019-02-09-Brocken-Challenge-07.jpeg?w=1000&amp;ssl=1 1000w, https:\/\/i0.wp.com\/suedkreislaeufer.de\/wp-content\/uploads\/2019\/02\/2019-02-09-Brocken-Challenge-07.jpeg?resize=300%2C169&amp;ssl=1 300w, https:\/\/i0.wp.com\/suedkreislaeufer.de\/wp-content\/uploads\/2019\/02\/2019-02-09-Brocken-Challenge-07.jpeg?resize=768%2C432&amp;ssl=1 768w\" width=\"315\" height=\"178\" loading=\"lazy\" data-original-width=\"315\" data-original-height=\"178\" itemprop=\"http:\/\/schema.org\/image\" title=\"DCIM100MEDIADJI_0366.JPG\" alt=\"DCIM100MEDIADJI_0366.JPG\" style=\"width: 315px; height: 178px;\" \/> <\/a> <\/div> <\/div> <!-- close group --> <\/div> <!-- close row --> <div class=\"gallery-row\" style=\"width: 640px; height: 361px;\" data-original-width=\"640\" data-original-height=\"361\" > <div class=\"gallery-group images-1\" style=\"width: 640px; height: 361px;\" data-original-width=\"640\" data-original-height=\"361\" > <div class=\"tiled-gallery-item tiled-gallery-item-large\" itemprop=\"associatedMedia\" itemscope itemtype=\"http:\/\/schema.org\/ImageObject\"> <a href=\"https:\/\/suedkreislaeufer.de\/?attachment_id=15945\" border=\"0\" itemprop=\"url\"> <meta itemprop=\"width\" content=\"636\"> <meta itemprop=\"height\" content=\"357\"> <img decoding=\"async\" class=\"\" data-attachment-id=\"15945\" data-orig-file=\"https:\/\/suedkreislaeufer.de\/wp-content\/uploads\/2019\/02\/2019-02-09-Brocken-Challenge-05.jpeg\" data-orig-size=\"1000,561\" data-comments-opened=\"1\" data-image-meta=\"{&quot;aperture&quot;:&quot;2&quot;,&quot;credit&quot;:&quot;&quot;,&quot;camera&quot;:&quot;OT110&quot;,&quot;caption&quot;:&quot;DCIM100MEDIADJI_0364.JPG&quot;,&quot;created_timestamp&quot;:&quot;1549732773&quot;,&quot;copyright&quot;:&quot;&quot;,&quot;focal_length&quot;:&quot;4.6&quot;,&quot;iso&quot;:&quot;100&quot;,&quot;shutter_speed&quot;:&quot;0.016666666666667&quot;,&quot;title&quot;:&quot;DCIM100MEDIADJI_0364.JPG&quot;,&quot;orientation&quot;:&quot;1&quot;}\" data-image-title=\"DCIM100MEDIADJI_0364.JPG\" data-image-description=\"\" data-medium-file=\"https:\/\/i0.wp.com\/suedkreislaeufer.de\/wp-content\/uploads\/2019\/02\/2019-02-09-Brocken-Challenge-05.jpeg?fit=300%2C168&#038;ssl=1\" data-large-file=\"https:\/\/i0.wp.com\/suedkreislaeufer.de\/wp-content\/uploads\/2019\/02\/2019-02-09-Brocken-Challenge-05.jpeg?fit=640%2C359&#038;ssl=1\" src=\"https:\/\/i0.wp.com\/suedkreislaeufer.de\/wp-content\/uploads\/2019\/02\/2019-02-09-Brocken-Challenge-05.jpeg?w=636&#038;h=357&#038;ssl=1\" srcset=\"https:\/\/i0.wp.com\/suedkreislaeufer.de\/wp-content\/uploads\/2019\/02\/2019-02-09-Brocken-Challenge-05.jpeg?w=1000&amp;ssl=1 1000w, https:\/\/i0.wp.com\/suedkreislaeufer.de\/wp-content\/uploads\/2019\/02\/2019-02-09-Brocken-Challenge-05.jpeg?resize=300%2C168&amp;ssl=1 300w, https:\/\/i0.wp.com\/suedkreislaeufer.de\/wp-content\/uploads\/2019\/02\/2019-02-09-Brocken-Challenge-05.jpeg?resize=768%2C431&amp;ssl=1 768w\" width=\"636\" height=\"357\" loading=\"lazy\" data-original-width=\"636\" data-original-height=\"357\" itemprop=\"http:\/\/schema.org\/image\" title=\"DCIM100MEDIADJI_0364.JPG\" alt=\"DCIM100MEDIADJI_0364.JPG\" style=\"width: 636px; height: 357px;\" \/> <\/a> <\/div> <\/div> <!-- close group --> <\/div> <!-- close row --> <\/div>\n<p>Dummerweise hatte ich meine YakTrax im Dropbag f\u00fcr den Brocken verstaut. Ich wollte sie nach dem Briefing am Freitag noch umpacken, aber da war mein Rucksack schon im Anh\u00e4nger f\u00fcr den Gipfel verschwunden. Egal, werde ich schon nicht brauchen\u2026\u2026<\/p>\n<p>Denkste Puppe. W\u00e4hrend die Kameraden sich Ihre Winterbereifung aufzogen, konnte ich nur zuschauen und mich an meine St\u00f6cken klammern. Der Untergrund war \u00fcber viele Kilometer hin sehr rutschig und kaum laufbar. Was mit Yaktrax super funktioniert ist mit St\u00f6cken eine echte Herausforderung. Aber es hat am Ende doch geklappt, auch wenn ich mich unterwegs \u00fcber meine Dummheit ge\u00e4rgert habe, ich mein, ich mach das ja nicht erst seit gestern, da d\u00fcrfte so etwas nicht passieren.<\/p>\n<p>Ein zweites Malheur, meine Trinkblase hat mich nicht f\u00fcttern wollen. Was war passiert, ich hatte mein Malto Getr\u00e4nk mit Erbeerpulver gepimpt, kleine St\u00fccken des Pulvers haben sich immer wieder am Ablauf der Blase gesetzt. Von den 1,5 l hab ich vielleicht 50 ml getrunken !!!! Aber was soll\u00b4s, an den VPs wurden wir ja von super netten Personal versorgt. Trotzdem, sehr \u00e4rgerlich.<\/p>\n<p>Nach 11 Stunden und 16 Minuten erreichten wir dann endlich das Brockenplateau. Was f\u00fcr ein st\u00fcrmischer Empfang, diesmal allerdings nicht vom Empfangskomitee sondern in Form vom Orkanb\u00f6en mit 140 km\/h. Man stelle sich einen L\u00e4ufer vor der \u00fcber 80 km in den Beinen hat, KEINE Yaktrax an den Maucken, eisigen Untergrund. Nun will dieser Typ zum Brockenstein, bewaffnet nur mit seinen Teleskopst\u00f6cken\u2026. das war bestimmt ein Schauspiel. Ich geh mal davon aus das es keiner gesehen hat, den jeder mit ein bisschen Verstand verzog sich so schnell als m\u00f6glich ins sch\u00fctzende Geb\u00e4ude.<\/p>\n<p>Hier im Goethesaal wurde dann noch ein wenig bei Pasta und Bier gefeiert bevor ich mich auf die Tour zur\u00fcck nach Torfhaus machte wo mich ein Kumpel abholen wollte.<\/p>\n<p>F\u00fcr mich war dies wie gesagt die 6 Brocken Challenge und auch mit eine der schwierigsten, dies aber nur wegen der fehlenden Yaktrax, Ich m\u00f6chte mich bei all den tollen Helfern an den VPs f\u00fcr die Unterst\u00fctzung bedanken. Wer stellt sich schon sonst gerne Stundenlang in den Schnee, bei Wind um ein paar verr\u00fcckte durch zu f\u00fcttern. Aber auch die Helfer im Hintergrund, wo auch immer\u2026 vielen Dank f\u00fcr alles.<\/p>\n<p>Ein gro\u00dfes Dankesch\u00f6n auch an Lars der mich wie jedes Jahr morgens um kurz vor 4 abholt um mich nach G\u00f6ttingen zu kutschern und Florian der mich dann Abends am Torfhaus evakuiert hat. DANKE, ohne Euch w\u00e4re es wesentlich schwieriger f\u00fcr mich an der BC teilzunehmen.<\/p>\n<p><iframe loading=\"lazy\" src=\"https:\/\/www.youtube.com\/embed\/Ff-hkiFKxUk\" width=\"560\" height=\"315\" frameborder=\"0\" allowfullscreen=\"allowfullscreen\"><\/iframe><\/p>\n<p><span style=\"font-size: small;\">PS: wer Rechtschreibfehler findet, darf sie behalten \u2026. da will ich mal nicht so sein <img data-recalc-dims=\"1\" decoding=\"async\" class=\"wlEmoticon wlEmoticon-smile\" style=\"border-style: none;\" src=\"https:\/\/i0.wp.com\/suedkreislaeufer.de\/wp-content\/uploads\/2019\/02\/wlEmoticon-smile.png?w=640&#038;ssl=1\" alt=\"Smiley\" \/><\/span><\/p>\n","protected":false},"excerpt":{"rendered":"<p>Der zweite Ultra f\u00fcr mich in 2019, die Brocken Challenge. Was war das f\u00fcr ein Tag. Bei der Fahrt nach G\u00f6ttingen am Samstag in der Fr\u00fche werden wir auf der Autobahn noch von Regen begl\u00fcckt, der sich aber zum Gl\u00fcck &hellip; <a href=\"https:\/\/suedkreislaeufer.de\/?p=15935\">Weiterlesen <span class=\"meta-nav\">&rarr;<\/span><\/a><\/p>\n","protected":false},"author":1,"featured_media":0,"comment_status":"open","ping_status":"closed","sticky":false,"template":"","format":"standard","meta":{"jetpack_post_was_ever_published":false,"_jetpack_newsletter_access":"","_jetpack_dont_email_post_to_subs":false,"_jetpack_newsletter_tier_id":0,"_jetpack_memberships_contains_paywalled_content":false,"_jetpack_memberships_contains_paid_content":false,"footnotes":"","jetpack_publicize_message":"","jetpack_publicize_feature_enabled":true,"jetpack_social_post_already_shared":true,"jetpack_social_options":{"image_generator_settings":{"template":"highway","default_image_id":0,"font":"","enabled":false},"version":2}},"categories":[233,5,220,9,10],"tags":[16,185,34],"class_list":["post-15935","post","type-post","status-publish","format-standard","hentry","category-index","category-laufberichte","category-laufen-mit-freunden","category-veranstaltungen","category-wettkampfe","tag-brocken","tag-brocken-challenge","tag-harz"],"jetpack_publicize_connections":[],"jetpack_featured_media_url":"","jetpack_shortlink":"https:\/\/wp.me\/p26jAY-491","jetpack_sharing_enabled":true,"jetpack_likes_enabled":false,"jetpack-related-posts":[{"id":16431,"url":"https:\/\/suedkreislaeufer.de\/?p=16431","url_meta":{"origin":15935,"position":0},"title":"Brocken Challenge 2020","author":"Suedkreislaeufer","date":"9. Februar 2020","format":false,"excerpt":"Es ist Donnerstagfr\u00fch, zwei Tage bis zur BC und ich hab Zahnschmerzen .... Na toll. Der Gang zum Zahnarzt brachte die Erkenntniss das es eventl. nur ein massive Zahnfleischentz\u00fcndung ist, das wird schon gehen. Freitagfr\u00fch, es ist ein wenig besser geworden und ich bin zuversichtlich das ich zur BC kann.\u2026","rel":"","context":"In &quot;Index&quot;","block_context":{"text":"Index","link":"https:\/\/suedkreislaeufer.de\/?cat=233"},"img":{"alt_text":"","src":"https:\/\/i0.wp.com\/suedkreislaeufer.de\/wp-content\/uploads\/2020\/02\/DJI_0568.jpg?resize=350%2C200","width":350,"height":200,"srcset":"https:\/\/i0.wp.com\/suedkreislaeufer.de\/wp-content\/uploads\/2020\/02\/DJI_0568.jpg?resize=350%2C200 1x, https:\/\/i0.wp.com\/suedkreislaeufer.de\/wp-content\/uploads\/2020\/02\/DJI_0568.jpg?resize=525%2C300 1.5x, https:\/\/i0.wp.com\/suedkreislaeufer.de\/wp-content\/uploads\/2020\/02\/DJI_0568.jpg?resize=700%2C400 2x"},"classes":[]},{"id":6965,"url":"https:\/\/suedkreislaeufer.de\/?p=6965","url_meta":{"origin":15935,"position":1},"title":"Brocken Challenge 2014","author":"Suedkreislaeufer","date":"10. Februar 2014","format":false,"excerpt":"Brocken Challenge 2014 von suedkreislaeufer auf Vimeo. \"\u2026 und wenn heute mein Geburtstag w\u00e4re h\u00e4tte ich einen Wunsch: das wir alle gut da oben ankommen\" Mit diesen Worten schickt uns Markus Ohlef auch dieses Jahr wieder auf die 80 km lange Reise von G\u00f6ttingen zum Brocken. 1900 hm m\u00fcssen wir\u2026","rel":"","context":"In &quot;Index&quot;","block_context":{"text":"Index","link":"https:\/\/suedkreislaeufer.de\/?cat=233"},"img":{"alt_text":"","src":"https:\/\/i0.wp.com\/suedkreislaeufer.de\/wp-content\/uploads\/2014\/02\/altAn-x2ADiDa_ZUHru2lzjZ6xUHSRNR8Dm88q5KssSPkob.jpg?fit=800%2C600&ssl=1&resize=350%2C200","width":350,"height":200,"srcset":"https:\/\/i0.wp.com\/suedkreislaeufer.de\/wp-content\/uploads\/2014\/02\/altAn-x2ADiDa_ZUHru2lzjZ6xUHSRNR8Dm88q5KssSPkob.jpg?fit=800%2C600&ssl=1&resize=350%2C200 1x, https:\/\/i0.wp.com\/suedkreislaeufer.de\/wp-content\/uploads\/2014\/02\/altAn-x2ADiDa_ZUHru2lzjZ6xUHSRNR8Dm88q5KssSPkob.jpg?fit=800%2C600&ssl=1&resize=525%2C300 1.5x, https:\/\/i0.wp.com\/suedkreislaeufer.de\/wp-content\/uploads\/2014\/02\/altAn-x2ADiDa_ZUHru2lzjZ6xUHSRNR8Dm88q5KssSPkob.jpg?fit=800%2C600&ssl=1&resize=700%2C400 2x"},"classes":[]},{"id":18745,"url":"https:\/\/suedkreislaeufer.de\/?p=18745","url_meta":{"origin":15935,"position":2},"title":"21. Brocken Challenge 2025","author":"Suedkreislaeufer","date":"23. Februar 2025","format":false,"excerpt":"Kinder wie die Zeit vergeht, ach, sie werden ja so schnell gro\u00df. Vor 12 Jahren, am 09.02.2013 lief ich meine erste Brocken Challenge. 80 km von G\u00f6ttingen zum Brocken, ein Spendenlauf mit Kultfaktor. Nun, am 15.02. hie\u00df es f\u00fcr mich zum 10. mal \"kalt, hart, sch\u00f6n\". Wer rechnen kann merkt\u2026","rel":"","context":"In &quot;Index&quot;","block_context":{"text":"Index","link":"https:\/\/suedkreislaeufer.de\/?cat=233"},"img":{"alt_text":"","src":"https:\/\/i0.wp.com\/suedkreislaeufer.de\/wp-content\/uploads\/2025\/02\/BC-2025-10-.jpg?resize=350%2C200","width":350,"height":200,"srcset":"https:\/\/i0.wp.com\/suedkreislaeufer.de\/wp-content\/uploads\/2025\/02\/BC-2025-10-.jpg?resize=350%2C200 1x, https:\/\/i0.wp.com\/suedkreislaeufer.de\/wp-content\/uploads\/2025\/02\/BC-2025-10-.jpg?resize=525%2C300 1.5x, https:\/\/i0.wp.com\/suedkreislaeufer.de\/wp-content\/uploads\/2025\/02\/BC-2025-10-.jpg?resize=700%2C400 2x, https:\/\/i0.wp.com\/suedkreislaeufer.de\/wp-content\/uploads\/2025\/02\/BC-2025-10-.jpg?resize=1050%2C600 3x"},"classes":[]},{"id":9157,"url":"https:\/\/suedkreislaeufer.de\/?p=9157","url_meta":{"origin":15935,"position":3},"title":"12. Brocken Challenge&ndash;meine dritte","author":"Suedkreislaeufer","date":"15. Februar 2015","format":false,"excerpt":"Dezember 2014, ich bekomme die Best\u00e4tigung das ich auch in 2015 bei der Brocken Challenge dabei sein werde. Das freut mich sehr, ist es doch damit bereits die dritte Teilnahme an einen Lauf der einmalig ist. Zitat von der Webseite: \"das h\u00e4rteste Rennen des Nordens\" (NDR) \"die l\u00e4ngste Bio-Messe der\u2026","rel":"","context":"In &quot;Index&quot;","block_context":{"text":"Index","link":"https:\/\/suedkreislaeufer.de\/?cat=233"},"img":{"alt_text":"","src":"https:\/\/i0.wp.com\/suedkreislaeufer.de\/wp-content\/uploads\/2015\/02\/GOPR6737.jpg?resize=350%2C200","width":350,"height":200,"srcset":"https:\/\/i0.wp.com\/suedkreislaeufer.de\/wp-content\/uploads\/2015\/02\/GOPR6737.jpg?resize=350%2C200 1x, https:\/\/i0.wp.com\/suedkreislaeufer.de\/wp-content\/uploads\/2015\/02\/GOPR6737.jpg?resize=525%2C300 1.5x, https:\/\/i0.wp.com\/suedkreislaeufer.de\/wp-content\/uploads\/2015\/02\/GOPR6737.jpg?resize=700%2C400 2x"},"classes":[]},{"id":3827,"url":"https:\/\/suedkreislaeufer.de\/?p=3827","url_meta":{"origin":15935,"position":4},"title":"kalt-hart-sch&ouml;n BC 2013","author":"Suedkreislaeufer","date":"10. Februar 2013","format":false,"excerpt":"29. Januar 2013: Pling, \u201cSie haben Post\u201d, mein Handy meldet sich zu Wort. Gerade bin ich im Hildesheimer Wald auf den Weg nach Elze (nat\u00fcrlich laufend), als mich eine Mail aus der BC Basis erreicht. Da steht (sinngem\u00e4\u00df) \u201cDu bist nachgerutscht und kannst bei der BC mit laufen\u201d. Huch, wie\u2026","rel":"","context":"In &quot;Index&quot;","block_context":{"text":"Index","link":"https:\/\/suedkreislaeufer.de\/?cat=233"},"img":{"alt_text":"BC2013-01a","src":"https:\/\/i0.wp.com\/www.suedkreislaeufer.de\/bilder_upload\/Brocken-Challenge-2013_CD8F\/BC2013-01a_thumb_3.jpg?resize=350%2C200","width":350,"height":200},"classes":[]},{"id":3802,"url":"https:\/\/suedkreislaeufer.de\/?p=3802","url_meta":{"origin":15935,"position":5},"title":"Brocken Challenge 2013","author":"Suedkreislaeufer","date":"31. Januar 2013","format":false,"excerpt":"\u201cDu bist nachgerutscht und kannst mit laufen\u201d, die Nachricht erreichte mich die Tage wie ein Paukenschlag. Endlich schaffe ich es an der Brocken Challenge teilzunehmen. Bisher hat es terminlich nie gepasst. Die Anmeldung f\u00fcr den Lauf war bereits im Dezember 2012 und bereits nach wenigen Minuten ausgebucht. Der Veranstalter hatte\u2026","rel":"","context":"In &quot;Index&quot;","block_context":{"text":"Index","link":"https:\/\/suedkreislaeufer.de\/?cat=233"},"img":{"alt_text":"","src":"https:\/\/i0.wp.com\/www.suedkreislaeufer.de\/bilder_upload\/3d2f636a1228_FB7C\/IMG_2354_Snapseed_thumb.jpg?resize=350%2C200","width":350,"height":200},"classes":[]}],"_links":{"self":[{"href":"https:\/\/suedkreislaeufer.de\/index.php?rest_route=\/wp\/v2\/posts\/15935","targetHints":{"allow":["GET"]}}],"collection":[{"href":"https:\/\/suedkreislaeufer.de\/index.php?rest_route=\/wp\/v2\/posts"}],"about":[{"href":"https:\/\/suedkreislaeufer.de\/index.php?rest_route=\/wp\/v2\/types\/post"}],"author":[{"embeddable":true,"href":"https:\/\/suedkreislaeufer.de\/index.php?rest_route=\/wp\/v2\/users\/1"}],"replies":[{"embeddable":true,"href":"https:\/\/suedkreislaeufer.de\/index.php?rest_route=%2Fwp%2Fv2%2Fcomments&post=15935"}],"version-history":[{"count":4,"href":"https:\/\/suedkreislaeufer.de\/index.php?rest_route=\/wp\/v2\/posts\/15935\/revisions"}],"predecessor-version":[{"id":15960,"href":"https:\/\/suedkreislaeufer.de\/index.php?rest_route=\/wp\/v2\/posts\/15935\/revisions\/15960"}],"wp:attachment":[{"href":"https:\/\/suedkreislaeufer.de\/index.php?rest_route=%2Fwp%2Fv2%2Fmedia&parent=15935"}],"wp:term":[{"taxonomy":"category","embeddable":true,"href":"https:\/\/suedkreislaeufer.de\/index.php?rest_route=%2Fwp%2Fv2%2Fcategories&post=15935"},{"taxonomy":"post_tag","embeddable":true,"href":"https:\/\/suedkreislaeufer.de\/index.php?rest_route=%2Fwp%2Fv2%2Ftags&post=15935"}],"curies":[{"name":"wp","href":"https:\/\/api.w.org\/{rel}","templated":true}]}}