{"id":223,"date":"2011-02-25T20:05:34","date_gmt":"2011-02-25T20:05:34","guid":{"rendered":"http:\/\/suedkreislaeufer.wordpress.com\/?p=223"},"modified":"2013-11-12T16:57:55","modified_gmt":"2013-11-12T16:57:55","slug":"kill50-01-das-grose-warten","status":"publish","type":"post","link":"https:\/\/suedkreislaeufer.de\/?p=223","title":{"rendered":"Run2Kill-01-Das gro&szlig;e Warten"},"content":{"rendered":"<p><a href=\"https:\/\/i0.wp.com\/suedkreislaeufer.de\/wp-content\/uploads\/2011\/11\/foto-11.jpg?ssl=1\"><img data-recalc-dims=\"1\" loading=\"lazy\" decoding=\"async\" style=\"background-image: none; border-bottom: 0px; border-left: 0px; margin: 0px; padding-left: 0px; padding-right: 0px; display: inline; border-top: 0px; border-right: 0px; padding-top: 0px\" title=\"foto-11\" border=\"0\" alt=\"foto-11\" src=\"https:\/\/i0.wp.com\/suedkreislaeufer.de\/wp-content\/uploads\/2011\/11\/foto-11_thumb.jpg?resize=184%2C244&#038;ssl=1\" width=\"184\" height=\"244\"><\/a><a href=\"https:\/\/i0.wp.com\/suedkreislaeufer.de\/wp-content\/uploads\/2011\/11\/foto-21.jpg?ssl=1\"><img data-recalc-dims=\"1\" loading=\"lazy\" decoding=\"async\" style=\"background-image: none; border-bottom: 0px; border-left: 0px; margin: 0px; padding-left: 0px; padding-right: 0px; display: inline; border-top: 0px; border-right: 0px; padding-top: 0px\" title=\"foto-21\" border=\"0\" alt=\"foto-21\" src=\"https:\/\/i0.wp.com\/suedkreislaeufer.de\/wp-content\/uploads\/2011\/11\/foto-21_thumb.jpg?resize=244%2C184&#038;ssl=1\" width=\"244\" height=\"184\"><\/a><a href=\"https:\/\/i0.wp.com\/suedkreislaeufer.de\/wp-content\/uploads\/2011\/11\/foto-31.jpg?ssl=1\"><img data-recalc-dims=\"1\" loading=\"lazy\" decoding=\"async\" style=\"background-image: none; border-bottom: 0px; border-left: 0px; padding-left: 0px; padding-right: 0px; display: inline; border-top: 0px; border-right: 0px; padding-top: 0px\" title=\"foto-31\" border=\"0\" alt=\"foto-31\" src=\"https:\/\/i0.wp.com\/suedkreislaeufer.de\/wp-content\/uploads\/2011\/11\/foto-31_thumb.jpg?resize=184%2C244&#038;ssl=1\" width=\"184\" height=\"244\"><\/a><\/p>\n","protected":false},"excerpt":{"rendered":"","protected":false},"author":1,"featured_media":0,"comment_status":"open","ping_status":"open","sticky":false,"template":"","format":"standard","meta":{"jetpack_post_was_ever_published":false,"_jetpack_newsletter_access":"","_jetpack_dont_email_post_to_subs":false,"_jetpack_newsletter_tier_id":0,"_jetpack_memberships_contains_paywalled_content":false,"_jetpack_memberships_contains_paid_content":false,"footnotes":"","jetpack_publicize_message":"","jetpack_publicize_feature_enabled":true,"jetpack_social_post_already_shared":false,"jetpack_social_options":{"image_generator_settings":{"template":"highway","default_image_id":0,"font":"","enabled":false},"version":2}},"categories":[233,5],"tags":[23,54],"class_list":["post-223","post","type-post","status-publish","format-standard","hentry","category-index","category-laufberichte","tag-fotos","tag-run2kill"],"jetpack_publicize_connections":[],"jetpack_featured_media_url":"","jetpack_shortlink":"https:\/\/wp.me\/p26jAY-3B","jetpack_sharing_enabled":true,"jetpack_likes_enabled":false,"jetpack-related-posts":[{"id":236,"url":"https:\/\/suedkreislaeufer.de\/?p=236","url_meta":{"origin":223,"position":0},"title":"Run2Kill-04-Die &quot;letzten&quot; sind auch durch","author":"Suedkreislaeufer","date":"25. Februar 2011","format":false,"excerpt":"Gegen 22:30 wurde es richtig voll im kleinen Raum der Verpflegungsstation. Alle L\u00e4ufer sind nun durch und wieder auf der Strecke. Gegen halb Eins werden die ersten L\u00e4ufer wieder hier erwartet. Sie haben dann die ersten 50 km der insgesamt 160 km geschaft. Ich melde mich nun an dieser Stelle\u2026","rel":"","context":"In &quot;Index&quot;","block_context":{"text":"Index","link":"https:\/\/suedkreislaeufer.de\/?cat=233"},"img":{"alt_text":"foto-5","src":"https:\/\/i0.wp.com\/suedkreislaeufer.de\/wp-content\/uploads\/2011\/11\/foto-5_thumb.jpg?resize=350%2C200","width":350,"height":200},"classes":[]},{"id":599,"url":"https:\/\/suedkreislaeufer.de\/?p=599","url_meta":{"origin":223,"position":1},"title":"Run2Kill-05-Zwischenergebnis Sibbesse","author":"Suedkreislaeufer","date":"25. Februar 2011","format":false,"excerpt":"","rel":"","context":"In &quot;Index&quot;","block_context":{"text":"Index","link":"https:\/\/suedkreislaeufer.de\/?cat=233"},"img":{"alt_text":"foto1","src":"https:\/\/i0.wp.com\/suedkreislaeufer.de\/wp-content\/uploads\/2011\/11\/foto1_thumb.jpg?resize=350%2C200","width":350,"height":200,"srcset":"https:\/\/i0.wp.com\/suedkreislaeufer.de\/wp-content\/uploads\/2011\/11\/foto1_thumb.jpg?resize=350%2C200 1x, https:\/\/i0.wp.com\/suedkreislaeufer.de\/wp-content\/uploads\/2011\/11\/foto1_thumb.jpg?resize=525%2C300 1.5x"},"classes":[]},{"id":598,"url":"https:\/\/suedkreislaeufer.de\/?p=598","url_meta":{"origin":223,"position":2},"title":"Run2Kill-02- Die ersten L&auml;ufer","author":"Suedkreislaeufer","date":"25. Februar 2011","format":false,"excerpt":"Achim Heise l\u00e4uft ein um 21:31, gefolgt von Mario Reichelt, Michael Frentz und Matthias Schramm","rel":"","context":"In &quot;Index&quot;","block_context":{"text":"Index","link":"https:\/\/suedkreislaeufer.de\/?cat=233"},"img":{"alt_text":"foto-4","src":"https:\/\/i0.wp.com\/suedkreislaeufer.de\/wp-content\/uploads\/2011\/11\/foto-4_thumb.jpg?resize=350%2C200","width":350,"height":200},"classes":[]},{"id":232,"url":"https:\/\/suedkreislaeufer.de\/?p=232","url_meta":{"origin":223,"position":3},"title":"Run2Kill-03-Neue Eing&auml;nge","author":"Suedkreislaeufer","date":"25. Februar 2011","format":false,"excerpt":"Kurz vor 10, Eric Tuerling, Bernd Rohrmann, Georg Kunzfeld und Thomas EHmke laufen ein und machen kurze Rast. 22 Uhr und es ist wieder Still im Camp","rel":"","context":"In &quot;Index&quot;","block_context":{"text":"Index","link":"https:\/\/suedkreislaeufer.de\/?cat=233"},"img":{"alt_text":"foto-13","src":"https:\/\/i0.wp.com\/suedkreislaeufer.de\/wp-content\/uploads\/2011\/11\/foto-13_thumb.jpg?resize=350%2C200","width":350,"height":200},"classes":[]},{"id":450,"url":"https:\/\/suedkreislaeufer.de\/?p=450","url_meta":{"origin":223,"position":4},"title":"Die &ldquo;Waldreise&rdquo;","author":"Suedkreislaeufer","date":"22. Mai 2011","format":false,"excerpt":"Meine heutige Tour f\u00fchrte mich auf 37,70 km durch unsere Heimat. Um 0650 ging es los um der gro\u00dfen Hitze zu entgehen. Allerdings war es bereits um 7 Uhr schon w\u00e4rmer wie erwartet- egal. Ausger\u00fcstet mit meinen Vibram FF und Trinkrucksack ging es auf die Piste. Meine Route f\u00fchrte mich\u2026","rel":"","context":"In &quot;Index&quot;","block_context":{"text":"Index","link":"https:\/\/suedkreislaeufer.de\/?cat=233"},"img":{"alt_text":"sam_0354-8x6","src":"https:\/\/i0.wp.com\/suedkreislaeufer.de\/wp-content\/uploads\/2011\/11\/sam_0354-8x6_thumb.jpg?resize=350%2C200","width":350,"height":200},"classes":[]},{"id":9387,"url":"https:\/\/suedkreislaeufer.de\/?p=9387","url_meta":{"origin":223,"position":5},"title":"Orkantief Niklas Lauf","author":"Suedkreislaeufer","date":"31. M\u00e4rz 2015","format":false,"excerpt":"\u201cOstw\u00e4rts\u201d hie\u00df es heute zun\u00e4chst f\u00fcr mich. Warum ? Na, weil Niklas\u00a0von\u00a0 Westen her\u00a0durch das Land fegte. Ich versuchte so wenig wie m\u00f6glich durch die W\u00e4lder zu laufen, aber vermeiden konnte ich es nicht. In freier Pl\u00e4ne mu\u00dfte man sich auch voll gegen den Wind stemmen um nicht umgeblasen zu\u2026","rel":"","context":"In &quot;Index&quot;","block_context":{"text":"Index","link":"https:\/\/suedkreislaeufer.de\/?cat=233"},"img":{"alt_text":"","src":"https:\/\/i0.wp.com\/suedkreislaeufer.de\/wp-content\/uploads\/2015\/03\/IMG_4803.jpg?resize=350%2C200","width":350,"height":200,"srcset":"https:\/\/i0.wp.com\/suedkreislaeufer.de\/wp-content\/uploads\/2015\/03\/IMG_4803.jpg?resize=350%2C200 1x, https:\/\/i0.wp.com\/suedkreislaeufer.de\/wp-content\/uploads\/2015\/03\/IMG_4803.jpg?resize=525%2C300 1.5x, https:\/\/i0.wp.com\/suedkreislaeufer.de\/wp-content\/uploads\/2015\/03\/IMG_4803.jpg?resize=700%2C400 2x"},"classes":[]}],"_links":{"self":[{"href":"https:\/\/suedkreislaeufer.de\/index.php?rest_route=\/wp\/v2\/posts\/223","targetHints":{"allow":["GET"]}}],"collection":[{"href":"https:\/\/suedkreislaeufer.de\/index.php?rest_route=\/wp\/v2\/posts"}],"about":[{"href":"https:\/\/suedkreislaeufer.de\/index.php?rest_route=\/wp\/v2\/types\/post"}],"author":[{"embeddable":true,"href":"https:\/\/suedkreislaeufer.de\/index.php?rest_route=\/wp\/v2\/users\/1"}],"replies":[{"embeddable":true,"href":"https:\/\/suedkreislaeufer.de\/index.php?rest_route=%2Fwp%2Fv2%2Fcomments&post=223"}],"version-history":[{"count":2,"href":"https:\/\/suedkreislaeufer.de\/index.php?rest_route=\/wp\/v2\/posts\/223\/revisions"}],"predecessor-version":[{"id":6460,"href":"https:\/\/suedkreislaeufer.de\/index.php?rest_route=\/wp\/v2\/posts\/223\/revisions\/6460"}],"wp:attachment":[{"href":"https:\/\/suedkreislaeufer.de\/index.php?rest_route=%2Fwp%2Fv2%2Fmedia&parent=223"}],"wp:term":[{"taxonomy":"category","embeddable":true,"href":"https:\/\/suedkreislaeufer.de\/index.php?rest_route=%2Fwp%2Fv2%2Fcategories&post=223"},{"taxonomy":"post_tag","embeddable":true,"href":"https:\/\/suedkreislaeufer.de\/index.php?rest_route=%2Fwp%2Fv2%2Ftags&post=223"}],"curies":[{"name":"wp","href":"https:\/\/api.w.org\/{rel}","templated":true}]}}