{"id":3613,"date":"2012-11-07T19:18:39","date_gmt":"2012-11-07T19:18:39","guid":{"rendered":"http:\/\/suedkreislaeufer.de\/?p=3613"},"modified":"2013-11-12T16:44:45","modified_gmt":"2013-11-12T16:44:45","slug":"oheadenstedt","status":"publish","type":"post","link":"https:\/\/suedkreislaeufer.de\/?p=3613","title":{"rendered":"Ohe&ndash;Adenstedt"},"content":{"rendered":"<p><iframe loading=\"lazy\" height=\"548\" src=\"http:\/\/connect.garmin.com:80\/activity\/embed\/241158277\" frameborder=\"0\" width=\"465\"><\/iframe><\/p>\n","protected":false},"excerpt":{"rendered":"","protected":false},"author":1,"featured_media":0,"comment_status":"closed","ping_status":"open","sticky":false,"template":"","format":"standard","meta":{"jetpack_post_was_ever_published":false,"_jetpack_newsletter_access":"","_jetpack_dont_email_post_to_subs":false,"_jetpack_newsletter_tier_id":0,"_jetpack_memberships_contains_paywalled_content":false,"_jetpack_memberships_contains_paid_content":false,"footnotes":"","jetpack_publicize_message":"","jetpack_publicize_feature_enabled":true,"jetpack_social_post_already_shared":false,"jetpack_social_options":{"image_generator_settings":{"template":"highway","default_image_id":0,"font":"","enabled":false},"version":2}},"categories":[233,6],"tags":[108,50],"class_list":["post-3613","post","type-post","status-publish","format-standard","hentry","category-index","category-laufstrecken","tag-adenstedt","tag-ohe"],"jetpack_publicize_connections":[],"jetpack_featured_media_url":"","jetpack_shortlink":"https:\/\/wp.me\/p26jAY-Wh","jetpack_sharing_enabled":true,"jetpack_likes_enabled":false,"jetpack-related-posts":[{"id":4262,"url":"https:\/\/suedkreislaeufer.de\/?p=4262","url_meta":{"origin":3613,"position":0},"title":"Adenstedt&ndash;Ohe V","author":"Suedkreislaeufer","date":"26. M\u00e4rz 2013","format":false,"excerpt":"So: 02:15 Std Belastungs-EKG, das erste mal seit bestimmt 2 Jahren. Irgendwie bin ich immer zu faul den Brustgurt anzulegen. Gelaufen wurde wieder die Adenstedt-Ohe Runde mit 27 km. Ich denke die Werte sind Ok: \u00d8 HF: 115 bpm Max. HF: 152 bpm","rel":"","context":"In &quot;Index&quot;","block_context":{"text":"Index","link":"https:\/\/suedkreislaeufer.de\/?cat=233"},"img":{"alt_text":"hq","src":"https:\/\/i0.wp.com\/suedkreislaeufer.de\/wp-content\/uploads\/2013\/03\/hq_thumb.jpg?resize=350%2C200","width":350,"height":200,"srcset":"https:\/\/i0.wp.com\/suedkreislaeufer.de\/wp-content\/uploads\/2013\/03\/hq_thumb.jpg?resize=350%2C200 1x, https:\/\/i0.wp.com\/suedkreislaeufer.de\/wp-content\/uploads\/2013\/03\/hq_thumb.jpg?resize=525%2C300 1.5x"},"classes":[]},{"id":4220,"url":"https:\/\/suedkreislaeufer.de\/?p=4220","url_meta":{"origin":3613,"position":1},"title":"Adenstedt&ndash;Ohe IV","author":"Suedkreislaeufer","date":"20. M\u00e4rz 2013","format":false,"excerpt":"Der Winter hat uns wieder volle Breitseite erwischt. Den ganzen Tag war es kalt aber trocken. P\u00fcnktlich zum Feierabend fing es an zu schneien, also schnell in die Schuhe und ab daf\u00fcr. Ich lief meine Adenstedt-Ohe Runde, ne n\u00e4her ich Adenstedt kam umso doller wurde der Schnee. War er kurz\u2026","rel":"","context":"In &quot;Index&quot;","block_context":{"text":"Index","link":"https:\/\/suedkreislaeufer.de\/?cat=233"},"img":{"alt_text":"","src":"https:\/\/i0.wp.com\/suedkreislaeufer.de\/wp-content\/uploads\/2013\/03\/IMG_5372.jpg?resize=350%2C200","width":350,"height":200,"srcset":"https:\/\/i0.wp.com\/suedkreislaeufer.de\/wp-content\/uploads\/2013\/03\/IMG_5372.jpg?resize=350%2C200 1x, https:\/\/i0.wp.com\/suedkreislaeufer.de\/wp-content\/uploads\/2013\/03\/IMG_5372.jpg?resize=525%2C300 1.5x"},"classes":[]},{"id":4295,"url":"https:\/\/suedkreislaeufer.de\/?p=4295","url_meta":{"origin":3613,"position":2},"title":"Adenstedt&ndash;Ohe VI","author":"Suedkreislaeufer","date":"30. M\u00e4rz 2013","format":false,"excerpt":"Sechs mal lief ich nun diesen Monat die Adenstedt \u2013 Ohe Runde, heute als Ostersamstagslauf wieder bei Schnee und Temperaturen um die -1.0 \u00b0C. Da ich meine Fenix von Garmin ja zur\u00fcck schicke hab ich nun die \u201cTempe\u201d, ein externer Temperatursender den man am Schuh oder auch am Rucksack tragen\u2026","rel":"","context":"In &quot;Equipment&quot;","block_context":{"text":"Equipment","link":"https:\/\/suedkreislaeufer.de\/?cat=3"},"img":{"alt_text":"","src":"https:\/\/i0.wp.com\/suedkreislaeufer.de\/wp-content\/uploads\/2013\/03\/IMG_5460_thumb.jpg?resize=350%2C200","width":350,"height":200},"classes":[]},{"id":4046,"url":"https:\/\/suedkreislaeufer.de\/?p=4046","url_meta":{"origin":3613,"position":3},"title":"Adenstedt&ndash;Ohe","author":"Suedkreislaeufer","date":"4. M\u00e4rz 2013","format":false,"excerpt":"\u2026. es geht auch schnell","rel":"","context":"In &quot;Index&quot;","block_context":{"text":"Index","link":"https:\/\/suedkreislaeufer.de\/?cat=233"},"img":{"alt_text":"Gesichtswurst1_Snapseedklein60","src":"https:\/\/i0.wp.com\/suedkreislaeufer.de\/wp-content\/uploads\/2013\/03\/Gesichtswurst1_Snapseedklein60_thumb.gif?resize=350%2C200","width":350,"height":200},"classes":[]},{"id":9977,"url":"https:\/\/suedkreislaeufer.de\/?p=9977","url_meta":{"origin":3613,"position":4},"title":"Homerun Adenstedt","author":"Suedkreislaeufer","date":"23. Mai 2015","format":false,"excerpt":"Kerstin und Tim wollten ein wenig walken. Nur halt mal wo anders als in der Ohe und da ich morgen nicht laufen werde weil wir nach Celle fahren hatte ich die Idee mit Adenstedt. Kerstin und Tim marschierten zur Irmens\u00e4ule und ich lief, mit kleinen Umwegen nach Hause. Die ersten\u2026","rel":"","context":"In &quot;Index&quot;","block_context":{"text":"Index","link":"https:\/\/suedkreislaeufer.de\/?cat=233"},"img":{"alt_text":"","src":"https:\/\/i0.wp.com\/suedkreislaeufer.de\/wp-content\/uploads\/2015\/05\/GOPR8940_tonemapped.jpg?resize=350%2C200","width":350,"height":200,"srcset":"https:\/\/i0.wp.com\/suedkreislaeufer.de\/wp-content\/uploads\/2015\/05\/GOPR8940_tonemapped.jpg?resize=350%2C200 1x, https:\/\/i0.wp.com\/suedkreislaeufer.de\/wp-content\/uploads\/2015\/05\/GOPR8940_tonemapped.jpg?resize=525%2C300 1.5x, https:\/\/i0.wp.com\/suedkreislaeufer.de\/wp-content\/uploads\/2015\/05\/GOPR8940_tonemapped.jpg?resize=700%2C400 2x"},"classes":[]},{"id":4049,"url":"https:\/\/suedkreislaeufer.de\/?p=4049","url_meta":{"origin":3613,"position":5},"title":"Adenstedt&ndash;Ohe II","author":"Suedkreislaeufer","date":"6. M\u00e4rz 2013","format":false,"excerpt":"F\u00fcr heute hab ich mir mal die gleiche Strecke wie am Montag vorgenommen mit dem Ziel unter 02:10:00 zu kommen Ziel erreicht in 02:07:19 und damit rund 7 Minuten schneller Macht ja mal wieder Spa\u00df so etwas. Aber eigentlich geh\u00f6re ich in den Wald Laut Wetterbericht soll es die n\u00e4chste\u2026","rel":"","context":"In &quot;Index&quot;","block_context":{"text":"Index","link":"https:\/\/suedkreislaeufer.de\/?cat=233"},"img":{"alt_text":"","src":"https:\/\/i0.wp.com\/suedkreislaeufer.de\/wp-content\/uploads\/2013\/03\/IMG_5285.jpg?resize=350%2C200","width":350,"height":200,"srcset":"https:\/\/i0.wp.com\/suedkreislaeufer.de\/wp-content\/uploads\/2013\/03\/IMG_5285.jpg?resize=350%2C200 1x, https:\/\/i0.wp.com\/suedkreislaeufer.de\/wp-content\/uploads\/2013\/03\/IMG_5285.jpg?resize=525%2C300 1.5x"},"classes":[]}],"_links":{"self":[{"href":"https:\/\/suedkreislaeufer.de\/index.php?rest_route=\/wp\/v2\/posts\/3613","targetHints":{"allow":["GET"]}}],"collection":[{"href":"https:\/\/suedkreislaeufer.de\/index.php?rest_route=\/wp\/v2\/posts"}],"about":[{"href":"https:\/\/suedkreislaeufer.de\/index.php?rest_route=\/wp\/v2\/types\/post"}],"author":[{"embeddable":true,"href":"https:\/\/suedkreislaeufer.de\/index.php?rest_route=\/wp\/v2\/users\/1"}],"replies":[{"embeddable":true,"href":"https:\/\/suedkreislaeufer.de\/index.php?rest_route=%2Fwp%2Fv2%2Fcomments&post=3613"}],"version-history":[{"count":2,"href":"https:\/\/suedkreislaeufer.de\/index.php?rest_route=\/wp\/v2\/posts\/3613\/revisions"}],"predecessor-version":[{"id":6219,"href":"https:\/\/suedkreislaeufer.de\/index.php?rest_route=\/wp\/v2\/posts\/3613\/revisions\/6219"}],"wp:attachment":[{"href":"https:\/\/suedkreislaeufer.de\/index.php?rest_route=%2Fwp%2Fv2%2Fmedia&parent=3613"}],"wp:term":[{"taxonomy":"category","embeddable":true,"href":"https:\/\/suedkreislaeufer.de\/index.php?rest_route=%2Fwp%2Fv2%2Fcategories&post=3613"},{"taxonomy":"post_tag","embeddable":true,"href":"https:\/\/suedkreislaeufer.de\/index.php?rest_route=%2Fwp%2Fv2%2Ftags&post=3613"}],"curies":[{"name":"wp","href":"https:\/\/api.w.org\/{rel}","templated":true}]}}