{"id":3802,"date":"2013-01-31T17:29:21","date_gmt":"2013-01-31T17:29:21","guid":{"rendered":"http:\/\/suedkreislaeufer.de\/?p=3802"},"modified":"2013-11-12T16:41:58","modified_gmt":"2013-11-12T16:41:58","slug":"brocken-challenge-2013","status":"publish","type":"post","link":"https:\/\/suedkreislaeufer.de\/?p=3802","title":{"rendered":"Brocken Challenge 2013"},"content":{"rendered":"<p align=\"justify\">\u201cDu bist nachgerutscht und kannst mit laufen\u201d, die Nachricht erreichte mich die Tage wie <a href=\"https:\/\/i0.wp.com\/www.suedkreislaeufer.de\/bilder_upload\/3d2f636a1228_FB7C\/IMG_2354_Snapseed.jpg\"><img data-recalc-dims=\"1\" loading=\"lazy\" decoding=\"async\" style=\"background-image: none; margin: 0px 10px 0px 0px; padding-left: 0px; padding-right: 0px; display: inline; float: left; padding-top: 0px; border-width: 0px;\" title=\"\" alt=\"\" src=\"https:\/\/i0.wp.com\/www.suedkreislaeufer.de\/bilder_upload\/3d2f636a1228_FB7C\/IMG_2354_Snapseed_thumb.jpg?resize=244%2C220\" width=\"244\" height=\"220\" align=\"left\" border=\"0\" \/><\/a>ein Paukenschlag. Endlich schaffe ich es an der <a href=\"http:\/\/www.brocken-challenge.de\/\">Brocken Challenge<\/a> teilzunehmen. Bisher hat es terminlich nie gepasst. Die Anmeldung f\u00fcr den Lauf war bereits im Dezember 2012 und bereits nach wenigen Minuten ausgebucht. Der Veranstalter hatte sogar noch mehr Teilnehmer zugelassen wie geplant aber trotzdem hatte ich keine Chance. Durch Krankheit oder was auch immer fallen aber immer mal wieder welche aus und neue L\u00e4ufer r\u00fccken aus der Warteliste nach. <a href=\"http:\/\/www.brocken-challenge.de\/anmeldung\/meldeliste2013.pdf\" target=\"_blank\">Nun bin ich also dabei<\/a>.<\/p>\n<p align=\"justify\">Die Brocken Challenge (<a href=\"http:\/\/de.wikipedia.org\/wiki\/Brocken-Challenge\">Wikipedia<\/a>) ist ein Wohlt\u00e4tigkeitslauf, die Teilnahmebeitr\u00e4ge gehen zu 100% an gemeinn\u00fctzige Institutionen. 2013 findet der Lauf nun bereits zum 10. mal statt, also ein Jubil\u00e4um, mit mir <img data-recalc-dims=\"1\" decoding=\"async\" class=\"wlEmoticon wlEmoticon-smile\" style=\"border-style: none;\" alt=\"Smiley\" src=\"https:\/\/i0.wp.com\/www.suedkreislaeufer.de\/bilder_upload\/3d2f636a1228_FB7C\/wlEmoticon-smile.png?w=640\" \/> Bei den vergangenen 9 L\u00e4ufe wurden bereits \u00fcber 68.000 \u20ac an Spendengelder \u201cerlaufen\u201d.<\/p>\n<p><strong>Die Spenden-Empf\u00e4nger der BC 2013 werden sein:<\/strong><\/p>\n<ul>\n<li><a href=\"http:\/\/www.hospiz-goettingen.de\/\">Hospiz an der Lutter<\/a>, G\u00f6ttingen<\/li>\n<li>&#8222;Kreuz und Quer&#8220;-Kindergarten G\u00f6ttingen. Der Kindergarten wurde im September 2012 zum wiederholten Male <a href=\"http:\/\/www.goettinger-tageblatt.de\/Nachrichten\/Goettingen\/Uebersicht\/Kita-brennt-in-der-Nacht-aus\">durch eine Brandstiftung stark besch\u00e4digt<\/a>.<\/li>\n<li><a href=\"http:\/\/www.tuspoweende-radsport.de\/nachwuchs\/\">TUSPO Weende Kinder- und Jugend-Radsport<\/a><\/li>\n<li><a href=\"http:\/\/www.brocken-challenge.de\/spenden\/HRDC3.pdf\">Hospital &amp; Rehabilitation Centre for Disabled Children<\/a> (HRDC), Banepa, Nepal<\/li>\n<\/ul>\n<p align=\"justify\">Die <a href=\"http:\/\/www.brocken-challenge.de\/\">Brocken Challenge<\/a> startet am 09.02. um 06 Uhr in G\u00f6ttingen und f\u00fchrt auf knapp \u00fcber 80 km zum Brockenmassiv (insg. ca. 1900 HM). W\u00e4hrend die Jahre vorher entweder Glatteis, klirrende K\u00e4lte oder auch viel Schnee (nat\u00fcrlich auch eine Kombination von allen) den Verlauf der BC pr\u00e4gte, sieht es in 2013 danach aus das wir eher mit Regen zu rechnen haben. Aber ich lasse mich gerne \u00fcberraschen. Im Harz selber wird ja sicherlich noch jede Menge Schnee vorhanden sein, wahrscheinlich auch nicht wenig <img data-recalc-dims=\"1\" decoding=\"async\" class=\"wlEmoticon wlEmoticon-smile\" style=\"border-style: none;\" alt=\"Smiley\" src=\"https:\/\/i0.wp.com\/www.suedkreislaeufer.de\/bilder_upload\/3d2f636a1228_FB7C\/wlEmoticon-smile.png?w=640\" \/><\/p>\n<div class=\"wlWriterEditableSmartContent\" id=\"scid:887EC618-8FBE-DEAD-BEEF-2339AF2EC721:8279e4c0-0999-48d4-b6ab-2d990635cb27\" style=\"margin: 0px; display: inline; float: left; padding: 0px;\"><a title=\"Mai 2012\" href=\"https:\/\/i0.wp.com\/www.suedkreislaeufer.de\/bilder_upload\/3d2f636a1228_FB7C\/426010_4188069229962_1309577312_n-8x6.jpg\" rel=\"thumbnail\"><img data-recalc-dims=\"1\" decoding=\"async\" alt=\"\" src=\"https:\/\/i0.wp.com\/www.suedkreislaeufer.de\/bilder_upload\/3d2f636a1228_FB7C\/426010_4188069229962_1309577312_n.jpg?w=640\" border=\"0\" \/><\/a><\/div>\n<p style=\"text-align: justify;\">So, ich freue mich auf jeden Fall auf die BC und auf das Wiedersehen mit vielen Bekannten und auch Unbekannten aus der Ultraszene.<\/p>\n<p style=\"text-align: justify;\">Das Motto des Laufes:<\/p>\n<p style=\"text-align: justify;\"><strong>\u201eVon der Gewalt, die alle Wesen bindet, befreit der Mensch sich, der sich \u00fcberwindet.\u201c<\/strong><\/p>\n<p style=\"text-align: justify;\">(<a title=\"Johann Wolfgang von Goethe\" href=\"http:\/\/de.wikipedia.org\/wiki\/Johann_Wolfgang_von_Goethe\">J. W. v. Goethe<\/a>)<\/p>\n<p style=\"text-align: justify;\">&#8230; sch\u00f6ner h\u00e4tte ich es nicht sagen k\u00f6nnen \ud83d\ude42<\/p>\n","protected":false},"excerpt":{"rendered":"<p>\u201cDu bist nachgerutscht und kannst mit laufen\u201d, die Nachricht erreichte mich die Tage wie ein Paukenschlag. Endlich schaffe ich es an der Brocken Challenge teilzunehmen. Bisher hat es terminlich nie gepasst. Die Anmeldung f\u00fcr den Lauf war bereits im Dezember &hellip; <a href=\"https:\/\/suedkreislaeufer.de\/?p=3802\">Weiterlesen <span class=\"meta-nav\">&rarr;<\/span><\/a><\/p>\n","protected":false},"author":1,"featured_media":0,"comment_status":"open","ping_status":"open","sticky":false,"template":"","format":"standard","meta":{"jetpack_post_was_ever_published":false,"_jetpack_newsletter_access":"","_jetpack_dont_email_post_to_subs":false,"_jetpack_newsletter_tier_id":0,"_jetpack_memberships_contains_paywalled_content":false,"_jetpack_memberships_contains_paid_content":false,"footnotes":"","jetpack_publicize_message":"","jetpack_publicize_feature_enabled":true,"jetpack_social_post_already_shared":true,"jetpack_social_options":{"image_generator_settings":{"template":"highway","default_image_id":0,"font":"","enabled":false},"version":2}},"categories":[233,9,10],"tags":[184,16,185],"class_list":["post-3802","post","type-post","status-publish","format-standard","hentry","category-index","category-veranstaltungen","category-wettkampfe","tag-bc","tag-brocken","tag-brocken-challenge"],"jetpack_publicize_connections":[],"jetpack_featured_media_url":"","jetpack_shortlink":"https:\/\/wp.me\/p26jAY-Zk","jetpack_sharing_enabled":true,"jetpack_likes_enabled":false,"jetpack-related-posts":[{"id":6965,"url":"https:\/\/suedkreislaeufer.de\/?p=6965","url_meta":{"origin":3802,"position":0},"title":"Brocken Challenge 2014","author":"Suedkreislaeufer","date":"10. Februar 2014","format":false,"excerpt":"Brocken Challenge 2014 von suedkreislaeufer auf Vimeo. \"\u2026 und wenn heute mein Geburtstag w\u00e4re h\u00e4tte ich einen Wunsch: das wir alle gut da oben ankommen\" Mit diesen Worten schickt uns Markus Ohlef auch dieses Jahr wieder auf die 80 km lange Reise von G\u00f6ttingen zum Brocken. 1900 hm m\u00fcssen wir\u2026","rel":"","context":"In &quot;Index&quot;","block_context":{"text":"Index","link":"https:\/\/suedkreislaeufer.de\/?cat=233"},"img":{"alt_text":"","src":"https:\/\/i0.wp.com\/suedkreislaeufer.de\/wp-content\/uploads\/2014\/02\/altAn-x2ADiDa_ZUHru2lzjZ6xUHSRNR8Dm88q5KssSPkob.jpg?fit=800%2C600&ssl=1&resize=350%2C200","width":350,"height":200,"srcset":"https:\/\/i0.wp.com\/suedkreislaeufer.de\/wp-content\/uploads\/2014\/02\/altAn-x2ADiDa_ZUHru2lzjZ6xUHSRNR8Dm88q5KssSPkob.jpg?fit=800%2C600&ssl=1&resize=350%2C200 1x, https:\/\/i0.wp.com\/suedkreislaeufer.de\/wp-content\/uploads\/2014\/02\/altAn-x2ADiDa_ZUHru2lzjZ6xUHSRNR8Dm88q5KssSPkob.jpg?fit=800%2C600&ssl=1&resize=525%2C300 1.5x, https:\/\/i0.wp.com\/suedkreislaeufer.de\/wp-content\/uploads\/2014\/02\/altAn-x2ADiDa_ZUHru2lzjZ6xUHSRNR8Dm88q5KssSPkob.jpg?fit=800%2C600&ssl=1&resize=700%2C400 2x"},"classes":[]},{"id":3827,"url":"https:\/\/suedkreislaeufer.de\/?p=3827","url_meta":{"origin":3802,"position":1},"title":"kalt-hart-sch&ouml;n BC 2013","author":"Suedkreislaeufer","date":"10. Februar 2013","format":false,"excerpt":"29. Januar 2013: Pling, \u201cSie haben Post\u201d, mein Handy meldet sich zu Wort. Gerade bin ich im Hildesheimer Wald auf den Weg nach Elze (nat\u00fcrlich laufend), als mich eine Mail aus der BC Basis erreicht. Da steht (sinngem\u00e4\u00df) \u201cDu bist nachgerutscht und kannst bei der BC mit laufen\u201d. Huch, wie\u2026","rel":"","context":"In &quot;Index&quot;","block_context":{"text":"Index","link":"https:\/\/suedkreislaeufer.de\/?cat=233"},"img":{"alt_text":"BC2013-01a","src":"https:\/\/i0.wp.com\/www.suedkreislaeufer.de\/bilder_upload\/Brocken-Challenge-2013_CD8F\/BC2013-01a_thumb_3.jpg?resize=350%2C200","width":350,"height":200},"classes":[]},{"id":18745,"url":"https:\/\/suedkreislaeufer.de\/?p=18745","url_meta":{"origin":3802,"position":2},"title":"21. Brocken Challenge 2025","author":"Suedkreislaeufer","date":"23. Februar 2025","format":false,"excerpt":"Kinder wie die Zeit vergeht, ach, sie werden ja so schnell gro\u00df. Vor 12 Jahren, am 09.02.2013 lief ich meine erste Brocken Challenge. 80 km von G\u00f6ttingen zum Brocken, ein Spendenlauf mit Kultfaktor. Nun, am 15.02. hie\u00df es f\u00fcr mich zum 10. mal \"kalt, hart, sch\u00f6n\". Wer rechnen kann merkt\u2026","rel":"","context":"In &quot;Index&quot;","block_context":{"text":"Index","link":"https:\/\/suedkreislaeufer.de\/?cat=233"},"img":{"alt_text":"","src":"https:\/\/i0.wp.com\/suedkreislaeufer.de\/wp-content\/uploads\/2025\/02\/BC-2025-10-.jpg?resize=350%2C200","width":350,"height":200,"srcset":"https:\/\/i0.wp.com\/suedkreislaeufer.de\/wp-content\/uploads\/2025\/02\/BC-2025-10-.jpg?resize=350%2C200 1x, https:\/\/i0.wp.com\/suedkreislaeufer.de\/wp-content\/uploads\/2025\/02\/BC-2025-10-.jpg?resize=525%2C300 1.5x, https:\/\/i0.wp.com\/suedkreislaeufer.de\/wp-content\/uploads\/2025\/02\/BC-2025-10-.jpg?resize=700%2C400 2x, https:\/\/i0.wp.com\/suedkreislaeufer.de\/wp-content\/uploads\/2025\/02\/BC-2025-10-.jpg?resize=1050%2C600 3x"},"classes":[]},{"id":16431,"url":"https:\/\/suedkreislaeufer.de\/?p=16431","url_meta":{"origin":3802,"position":3},"title":"Brocken Challenge 2020","author":"Suedkreislaeufer","date":"9. Februar 2020","format":false,"excerpt":"Es ist Donnerstagfr\u00fch, zwei Tage bis zur BC und ich hab Zahnschmerzen .... Na toll. Der Gang zum Zahnarzt brachte die Erkenntniss das es eventl. nur ein massive Zahnfleischentz\u00fcndung ist, das wird schon gehen. Freitagfr\u00fch, es ist ein wenig besser geworden und ich bin zuversichtlich das ich zur BC kann.\u2026","rel":"","context":"In &quot;Index&quot;","block_context":{"text":"Index","link":"https:\/\/suedkreislaeufer.de\/?cat=233"},"img":{"alt_text":"","src":"https:\/\/i0.wp.com\/suedkreislaeufer.de\/wp-content\/uploads\/2020\/02\/DJI_0568.jpg?resize=350%2C200","width":350,"height":200,"srcset":"https:\/\/i0.wp.com\/suedkreislaeufer.de\/wp-content\/uploads\/2020\/02\/DJI_0568.jpg?resize=350%2C200 1x, https:\/\/i0.wp.com\/suedkreislaeufer.de\/wp-content\/uploads\/2020\/02\/DJI_0568.jpg?resize=525%2C300 1.5x, https:\/\/i0.wp.com\/suedkreislaeufer.de\/wp-content\/uploads\/2020\/02\/DJI_0568.jpg?resize=700%2C400 2x"},"classes":[]},{"id":15935,"url":"https:\/\/suedkreislaeufer.de\/?p=15935","url_meta":{"origin":3802,"position":4},"title":"XVI. Brocken Challenge 2019","author":"Suedkreislaeufer","date":"10. Februar 2019","format":false,"excerpt":"Der zweite Ultra f\u00fcr mich in 2019, die Brocken Challenge. Was war das f\u00fcr ein Tag. Bei der Fahrt nach G\u00f6ttingen am Samstag in der Fr\u00fche werden wir auf der Autobahn noch von Regen begl\u00fcckt, der sich aber zum Gl\u00fcck dann den ganzen Tag zur\u00fcck hielt. Start war wie immer\u2026","rel":"","context":"In &quot;Index&quot;","block_context":{"text":"Index","link":"https:\/\/suedkreislaeufer.de\/?cat=233"},"img":{"alt_text":"","src":"https:\/\/i0.wp.com\/suedkreislaeufer.de\/wp-content\/uploads\/2019\/02\/2019-02-09-Brocken-Challenge-02.jpeg?resize=350%2C200","width":350,"height":200,"srcset":"https:\/\/i0.wp.com\/suedkreislaeufer.de\/wp-content\/uploads\/2019\/02\/2019-02-09-Brocken-Challenge-02.jpeg?resize=350%2C200 1x, https:\/\/i0.wp.com\/suedkreislaeufer.de\/wp-content\/uploads\/2019\/02\/2019-02-09-Brocken-Challenge-02.jpeg?resize=525%2C300 1.5x, https:\/\/i0.wp.com\/suedkreislaeufer.de\/wp-content\/uploads\/2019\/02\/2019-02-09-Brocken-Challenge-02.jpeg?resize=700%2C400 2x"},"classes":[]},{"id":14084,"url":"https:\/\/suedkreislaeufer.de\/?p=14084","url_meta":{"origin":3802,"position":5},"title":"Brocken Challenge 2017 &#8211; Aschus letzte","author":"Suedkreislaeufer","date":"12. Februar 2017","format":false,"excerpt":"Meine, nun 5. Teilnahme bei der BC, war mal wieder eine echte Challenge. W\u00e4hrend die BC 2014 bis 2016, zumindest was das Wetter und den Zustand der Strecke betrifft, eher einfach war, hatte wir diesmal wieder das volle Programm an Nettigkeiten. Wie 2013, damals meine erste Challenge, hatte wir im\u2026","rel":"","context":"In &quot;Index&quot;","block_context":{"text":"Index","link":"https:\/\/suedkreislaeufer.de\/?cat=233"},"img":{"alt_text":"","src":"https:\/\/i0.wp.com\/suedkreislaeufer.de\/wp-content\/uploads\/2017\/02\/2017_02_10-17h07m15s-BC-2017.jpg?resize=350%2C200","width":350,"height":200,"srcset":"https:\/\/i0.wp.com\/suedkreislaeufer.de\/wp-content\/uploads\/2017\/02\/2017_02_10-17h07m15s-BC-2017.jpg?resize=350%2C200 1x, https:\/\/i0.wp.com\/suedkreislaeufer.de\/wp-content\/uploads\/2017\/02\/2017_02_10-17h07m15s-BC-2017.jpg?resize=525%2C300 1.5x, https:\/\/i0.wp.com\/suedkreislaeufer.de\/wp-content\/uploads\/2017\/02\/2017_02_10-17h07m15s-BC-2017.jpg?resize=700%2C400 2x"},"classes":[]}],"_links":{"self":[{"href":"https:\/\/suedkreislaeufer.de\/index.php?rest_route=\/wp\/v2\/posts\/3802","targetHints":{"allow":["GET"]}}],"collection":[{"href":"https:\/\/suedkreislaeufer.de\/index.php?rest_route=\/wp\/v2\/posts"}],"about":[{"href":"https:\/\/suedkreislaeufer.de\/index.php?rest_route=\/wp\/v2\/types\/post"}],"author":[{"embeddable":true,"href":"https:\/\/suedkreislaeufer.de\/index.php?rest_route=\/wp\/v2\/users\/1"}],"replies":[{"embeddable":true,"href":"https:\/\/suedkreislaeufer.de\/index.php?rest_route=%2Fwp%2Fv2%2Fcomments&post=3802"}],"version-history":[{"count":4,"href":"https:\/\/suedkreislaeufer.de\/index.php?rest_route=\/wp\/v2\/posts\/3802\/revisions"}],"predecessor-version":[{"id":6174,"href":"https:\/\/suedkreislaeufer.de\/index.php?rest_route=\/wp\/v2\/posts\/3802\/revisions\/6174"}],"wp:attachment":[{"href":"https:\/\/suedkreislaeufer.de\/index.php?rest_route=%2Fwp%2Fv2%2Fmedia&parent=3802"}],"wp:term":[{"taxonomy":"category","embeddable":true,"href":"https:\/\/suedkreislaeufer.de\/index.php?rest_route=%2Fwp%2Fv2%2Fcategories&post=3802"},{"taxonomy":"post_tag","embeddable":true,"href":"https:\/\/suedkreislaeufer.de\/index.php?rest_route=%2Fwp%2Fv2%2Ftags&post=3802"}],"curies":[{"name":"wp","href":"https:\/\/api.w.org\/{rel}","templated":true}]}}