{"id":6882,"date":"2014-01-19T10:39:02","date_gmt":"2014-01-19T10:39:02","guid":{"rendered":"http:\/\/suedkreislaeufer.de\/?p=6882"},"modified":"2014-01-19T10:39:02","modified_gmt":"2014-01-19T10:39:02","slug":"kleine-maientalrunde-2","status":"publish","type":"post","link":"https:\/\/suedkreislaeufer.de\/?p=6882","title":{"rendered":"Kleine Maientalrunde"},"content":{"rendered":"<p>\u2026 mit Kerstin bei nasskalten Wetter aber trotzdem sch\u00f6n.<\/p>\n<p><a href=\"https:\/\/i0.wp.com\/suedkreislaeufer.de\/wp-content\/uploads\/2014\/01\/CIMG4808.jpg?ssl=1\"><img data-recalc-dims=\"1\" loading=\"lazy\" decoding=\"async\" title=\"CIMG4808\" style=\"border-top: 0px; border-right: 0px; background-image: none; border-bottom: 0px; padding-top: 0px; padding-left: 0px; border-left: 0px; display: inline; padding-right: 0px\" border=\"0\" alt=\"CIMG4808\" src=\"https:\/\/i0.wp.com\/suedkreislaeufer.de\/wp-content\/uploads\/2014\/01\/CIMG4808_thumb.jpg?resize=640%2C512&#038;ssl=1\" width=\"640\" height=\"512\"><\/a><\/p>\n<p><iframe loading=\"lazy\" height=\"548\" src=\"http:\/\/connect.garmin.com:80\/activity\/embed\/432199542\" frameborder=\"0\" width=\"465\"><\/iframe><\/p>\n","protected":false},"excerpt":{"rendered":"<p>\u2026 mit Kerstin bei nasskalten Wetter aber trotzdem sch\u00f6n.<\/p>\n","protected":false},"author":1,"featured_media":0,"comment_status":"open","ping_status":"open","sticky":false,"template":"","format":"standard","meta":{"jetpack_post_was_ever_published":false,"_jetpack_newsletter_access":"","_jetpack_dont_email_post_to_subs":false,"_jetpack_newsletter_tier_id":0,"_jetpack_memberships_contains_paywalled_content":false,"_jetpack_memberships_contains_paid_content":false,"footnotes":"","jetpack_publicize_message":"","jetpack_publicize_feature_enabled":true,"jetpack_social_post_already_shared":true,"jetpack_social_options":{"image_generator_settings":{"template":"highway","default_image_id":0,"font":"","enabled":false},"version":2}},"categories":[233,5,220],"tags":[248,99,181],"class_list":["post-6882","post","type-post","status-publish","format-standard","hentry","category-index","category-laufberichte","category-laufen-mit-freunden","tag-breinum","tag-kerstin","tag-maiental"],"jetpack_publicize_connections":[],"jetpack_featured_media_url":"","jetpack_shortlink":"https:\/\/wp.me\/p26jAY-1N0","jetpack_sharing_enabled":true,"jetpack_likes_enabled":false,"jetpack-related-posts":[{"id":7750,"url":"https:\/\/suedkreislaeufer.de\/?p=7750","url_meta":{"origin":6882,"position":0},"title":"Kleine Feierabendrunde &uuml;ber Petze","author":"Suedkreislaeufer","date":"6. Juni 2014","format":false,"excerpt":"Heute zur Abwechslung nur mal eine kleine Runde bis Petze, daf\u00fcr aber mit netter Fahrradbegleitung Diese Strecke bin ich in meinen \u201cLaufanf\u00e4ngen\u201d jeden zweiten Tag gelaufen. Tag ein, Tag aus Tim ist bis Breinum mitgekommen und ist dort bei seiner Oma eingekehrt und sp\u00e4ter alleine nach Hause gefahren. Mit Kerstin\u2026","rel":"","context":"In &quot;Index&quot;","block_context":{"text":"Index","link":"https:\/\/suedkreislaeufer.de\/?cat=233"},"img":{"alt_text":"","src":"https:\/\/i0.wp.com\/suedkreislaeufer.de\/wp-content\/uploads\/2014\/06\/CIMG6511.jpg?resize=350%2C200","width":350,"height":200,"srcset":"https:\/\/i0.wp.com\/suedkreislaeufer.de\/wp-content\/uploads\/2014\/06\/CIMG6511.jpg?resize=350%2C200 1x, https:\/\/i0.wp.com\/suedkreislaeufer.de\/wp-content\/uploads\/2014\/06\/CIMG6511.jpg?resize=525%2C300 1.5x, https:\/\/i0.wp.com\/suedkreislaeufer.de\/wp-content\/uploads\/2014\/06\/CIMG6511.jpg?resize=700%2C400 2x"},"classes":[]},{"id":5813,"url":"https:\/\/suedkreislaeufer.de\/?p=5813","url_meta":{"origin":6882,"position":1},"title":"GriBoSau","author":"Suedkreislaeufer","date":"11. September 2013","format":false,"excerpt":"Es gibt Tage da l\u00e4uft es gut und Tage da l\u00e4uft es richtig gut Heute war letzteres. Obwohl, oder vielleicht gerade weil, das Wetter mit knapp 13\u2103 nicht gerade warm ist (Kerstin hat heute sogar den Kamin angemacht) und es immer wieder regnete hat es einen m\u00f6rderischen Spa\u00df gemacht. Zun\u00e4chst\u2026","rel":"","context":"In &quot;Index&quot;","block_context":{"text":"Index","link":"https:\/\/suedkreislaeufer.de\/?cat=233"},"img":{"alt_text":"","src":"https:\/\/i0.wp.com\/suedkreislaeufer.de\/wp-content\/uploads\/2013\/09\/CIMG2431.jpg?resize=350%2C200","width":350,"height":200,"srcset":"https:\/\/i0.wp.com\/suedkreislaeufer.de\/wp-content\/uploads\/2013\/09\/CIMG2431.jpg?resize=350%2C200 1x, https:\/\/i0.wp.com\/suedkreislaeufer.de\/wp-content\/uploads\/2013\/09\/CIMG2431.jpg?resize=525%2C300 1.5x, https:\/\/i0.wp.com\/suedkreislaeufer.de\/wp-content\/uploads\/2013\/09\/CIMG2431.jpg?resize=700%2C400 2x"},"classes":[]},{"id":8713,"url":"https:\/\/suedkreislaeufer.de\/?p=8713","url_meta":{"origin":6882,"position":2},"title":"Homerun Elze via K&uuml;lf","author":"Suedkreislaeufer","date":"22. Dezember 2014","format":false,"excerpt":"05:30 Uhr, ich schaue aus dem Fenster\u2026. ob das eine gute Idee ist ? Der Regen peitscht gegen die Scheibe, der Weihnachtsstern drau\u00dfen am Fenster tanzt hin und her. Kalt ist es nicht, 8 \u2103 ungef\u00e4hr. Ein Blick auf das Ipad sagt: \u201cWarnung vor Sturmb\u00f6en\u201d, bis 70 km\/h und jede\u2026","rel":"","context":"In &quot;Index&quot;","block_context":{"text":"Index","link":"https:\/\/suedkreislaeufer.de\/?cat=233"},"img":{"alt_text":"","src":"","width":0,"height":0},"classes":[]},{"id":14785,"url":"https:\/\/suedkreislaeufer.de\/?p=14785","url_meta":{"origin":6882,"position":3},"title":"4. LFIOL 2017","author":"Suedkreislaeufer","date":"28. Oktober 2017","format":false,"excerpt":"In kleiner aber feiner Besetzung fand gestern am Freitag der 4. \"Letzte Freitag im Oktober Lauf\" statt (LFIOL). Martin aus Hildesheim, Sebastian aus Springe und Gerno aus Kleinalmerode standen p\u00fcnktlich um 17 Uhr bereit um den herbstlichen Oktober mit einen gemeinsamen Lauf zu verabschieden. Kurz nach dem Start fragte ich\u2026","rel":"","context":"In &quot;Index&quot;","block_context":{"text":"Index","link":"https:\/\/suedkreislaeufer.de\/?cat=233"},"img":{"alt_text":"","src":"https:\/\/i0.wp.com\/suedkreislaeufer.de\/wp-content\/uploads\/2017\/10\/IMG_0767.jpg?resize=350%2C200","width":350,"height":200,"srcset":"https:\/\/i0.wp.com\/suedkreislaeufer.de\/wp-content\/uploads\/2017\/10\/IMG_0767.jpg?resize=350%2C200 1x, https:\/\/i0.wp.com\/suedkreislaeufer.de\/wp-content\/uploads\/2017\/10\/IMG_0767.jpg?resize=525%2C300 1.5x, https:\/\/i0.wp.com\/suedkreislaeufer.de\/wp-content\/uploads\/2017\/10\/IMG_0767.jpg?resize=700%2C400 2x"},"classes":[]},{"id":7677,"url":"https:\/\/suedkreislaeufer.de\/?p=7677","url_meta":{"origin":6882,"position":4},"title":"Kleine Vatertagsrunde","author":"Suedkreislaeufer","date":"29. Mai 2014","format":false,"excerpt":"Ohne Bollerwagen, ohne Tr\u00f6te nur eine kleine Runde \u00fcber die D\u00f6rfer, m\u00f6glichst ohne \u201cM\u00f6chte-Gern-Vater\u201d Kontakt. Bis Breinum haben mich Kerstin und Tim \u201cper pedes\u201d begleitet, nur das K\u00e4tzchen durfte nicht mit \u00a0\u00a0","rel":"","context":"In &quot;Index&quot;","block_context":{"text":"Index","link":"https:\/\/suedkreislaeufer.de\/?cat=233"},"img":{"alt_text":"20140529_093159","src":"https:\/\/i0.wp.com\/suedkreislaeufer.de\/wp-content\/uploads\/2014\/05\/20140529_093159_thumb.jpg?resize=350%2C200","width":350,"height":200},"classes":[]},{"id":3245,"url":"https:\/\/suedkreislaeufer.de\/?p=3245","url_meta":{"origin":6882,"position":5},"title":"Breinum &#8211; Bodenburg","author":"Suedkreislaeufer","date":"1. Juli 2012","format":false,"excerpt":"Ich bin ja kein gro\u00dfer Fu\u00dfballfan aber das wir heute Abend nicht dabei sind ist schon schade. So bringt es auch nix vor der Kiste zu hocken und deswegen machten Kerstin und ich uns auf eine kleine gemeinsame Bambinirunde auf. Kerstin w\u00e4hlte aber f\u00fcr sich das Velo aus, was f\u00fcr\u2026","rel":"","context":"In &quot;Index&quot;","block_context":{"text":"Index","link":"https:\/\/suedkreislaeufer.de\/?cat=233"},"img":{"alt_text":"2012-07-01 21.01.10","src":"https:\/\/i0.wp.com\/www.suedkreislaeufer.de\/bilder_upload\/Breinum---Bodenburg_130AC\/2012-07-01-21.01.10_thumb.jpg?resize=350%2C200","width":350,"height":200},"classes":[]}],"_links":{"self":[{"href":"https:\/\/suedkreislaeufer.de\/index.php?rest_route=\/wp\/v2\/posts\/6882","targetHints":{"allow":["GET"]}}],"collection":[{"href":"https:\/\/suedkreislaeufer.de\/index.php?rest_route=\/wp\/v2\/posts"}],"about":[{"href":"https:\/\/suedkreislaeufer.de\/index.php?rest_route=\/wp\/v2\/types\/post"}],"author":[{"embeddable":true,"href":"https:\/\/suedkreislaeufer.de\/index.php?rest_route=\/wp\/v2\/users\/1"}],"replies":[{"embeddable":true,"href":"https:\/\/suedkreislaeufer.de\/index.php?rest_route=%2Fwp%2Fv2%2Fcomments&post=6882"}],"version-history":[{"count":1,"href":"https:\/\/suedkreislaeufer.de\/index.php?rest_route=\/wp\/v2\/posts\/6882\/revisions"}],"predecessor-version":[{"id":6883,"href":"https:\/\/suedkreislaeufer.de\/index.php?rest_route=\/wp\/v2\/posts\/6882\/revisions\/6883"}],"wp:attachment":[{"href":"https:\/\/suedkreislaeufer.de\/index.php?rest_route=%2Fwp%2Fv2%2Fmedia&parent=6882"}],"wp:term":[{"taxonomy":"category","embeddable":true,"href":"https:\/\/suedkreislaeufer.de\/index.php?rest_route=%2Fwp%2Fv2%2Fcategories&post=6882"},{"taxonomy":"post_tag","embeddable":true,"href":"https:\/\/suedkreislaeufer.de\/index.php?rest_route=%2Fwp%2Fv2%2Ftags&post=6882"}],"curies":[{"name":"wp","href":"https:\/\/api.w.org\/{rel}","templated":true}]}}