{"id":9954,"date":"2015-05-21T17:45:18","date_gmt":"2015-05-21T17:45:18","guid":{"rendered":"http:\/\/suedkreislaeufer.de\/?p=9954"},"modified":"2015-05-21T17:46:34","modified_gmt":"2015-05-21T17:46:34","slug":"skins","status":"publish","type":"post","link":"https:\/\/suedkreislaeufer.de\/?p=9954","title":{"rendered":"Skins"},"content":{"rendered":"<p align=\"justify\"><img data-recalc-dims=\"1\" loading=\"lazy\" decoding=\"async\" style=\"float: left; margin: 0px 5px 0px 0px; display: inline\" src=\"https:\/\/i0.wp.com\/www.muskelaufbau-forum.de\/planer\/Anterior_Hip_Muscles.jpg?resize=139%2C208\" width=\"139\" align=\"left\" height=\"208\">Seit Ende April laufe ich f\u00fcr bzw. mit <a href=\"http:\/\/www.skins.net\/de\/\" target=\"_blank\">Skins Kompressionskleidung<\/a>. Durch den Streik der Post und wegen Lieferschwierigkeiten hab ich nun heute endlich eine erste Teillieferung bekommen. Eine A200 Long Tight, ein A200 Langarmshirt, ein A200 Kurzarmshirt sowie das Glanzst\u00fcck die <a href=\"http:\/\/www.skins.net\/de\/mens-compression\/a400-range\/a400-mens-12-tights\" target=\"_blank\">A400 Gold Tight<\/a>. Leider fehlen noch ein paar wichtige St\u00fccke um das Outfit komplett zu machen, aber der Juni wird es bringen. Besonders gespannt bin ich auf die A400 Tight, soll sie doch das Iliotibialband und den Oberschenkelbindenspanner (tensor fasciae latae) unterst\u00fctzen.<\/p>\n<p align=\"justify\"><img data-recalc-dims=\"1\" loading=\"lazy\" decoding=\"async\" style=\"float: right; display: inline\" src=\"https:\/\/i0.wp.com\/i30-secure.skins.net\/catalog\/product\/cache\/5\/image\/360x430\/9df78eab33525d08d6e5fb8d27136e95\/b\/3\/b32156002_f_highres_28263---copy_-_copy.jpg?resize=199%2C238\" width=\"199\" align=\"right\" height=\"238\"><\/p>\n<p align=\"justify\">Eine erste Anprobe hier in der Zentrale des Wahnsinns war sehr Erfolgsversprechend. Das Material ist angenehm auf der Haut, eng, so soll es sein. Vielleicht werde ich morgen mal ein erstes Testr\u00fcndchen damit schieben <img data-recalc-dims=\"1\" decoding=\"async\" class=\"wlEmoticon wlEmoticon-smile\" style=\"border-top-style: none; border-bottom-style: none; border-right-style: none; border-left-style: none\" alt=\"Smiley\" src=\"https:\/\/i0.wp.com\/suedkreislaeufer.de\/wp-content\/uploads\/2015\/05\/wlEmoticon-smile3.png?w=640&#038;ssl=1\">&nbsp;<\/p>\n<p><a href=\"https:\/\/i0.wp.com\/suedkreislaeufer.de\/wp-content\/uploads\/2015\/05\/Skins.jpg?ssl=1\"><img data-recalc-dims=\"1\" loading=\"lazy\" decoding=\"async\" title=\"Skins\" style=\"border-top: 0px; border-right: 0px; background-image: none; border-bottom: 0px; padding-top: 0px; padding-left: 0px; border-left: 0px; display: inline; padding-right: 0px\" border=\"0\" alt=\"Skins\" src=\"https:\/\/i0.wp.com\/suedkreislaeufer.de\/wp-content\/uploads\/2015\/05\/Skins_thumb.jpg?resize=206%2C244&#038;ssl=1\" width=\"206\" height=\"244\"><\/a><\/p>\n","protected":false},"excerpt":{"rendered":"<p>Seit Ende April laufe ich f\u00fcr bzw. mit Skins Kompressionskleidung. Durch den Streik der Post und wegen Lieferschwierigkeiten hab ich nun heute endlich eine erste Teillieferung bekommen. Eine A200 Long Tight, ein A200 Langarmshirt, ein A200 Kurzarmshirt sowie das Glanzst\u00fcck &hellip; <a href=\"https:\/\/suedkreislaeufer.de\/?p=9954\">Weiterlesen <span class=\"meta-nav\">&rarr;<\/span><\/a><\/p>\n","protected":false},"author":1,"featured_media":0,"comment_status":"open","ping_status":"open","sticky":false,"template":"","format":"standard","meta":{"jetpack_post_was_ever_published":false,"_jetpack_newsletter_access":"","_jetpack_dont_email_post_to_subs":false,"_jetpack_newsletter_tier_id":0,"_jetpack_memberships_contains_paywalled_content":false,"_jetpack_memberships_contains_paid_content":false,"footnotes":"","jetpack_publicize_message":"","jetpack_publicize_feature_enabled":true,"jetpack_social_post_already_shared":true,"jetpack_social_options":{"image_generator_settings":{"template":"highway","default_image_id":0,"font":"","enabled":false},"version":2}},"categories":[3,233,306],"tags":[338],"class_list":["post-9954","post","type-post","status-publish","format-standard","hentry","category-equipment","category-index","category-produkte","tag-skins"],"jetpack_publicize_connections":[],"jetpack_featured_media_url":"","jetpack_shortlink":"https:\/\/wp.me\/s26jAY-skins","jetpack_sharing_enabled":true,"jetpack_likes_enabled":false,"jetpack-related-posts":[{"id":18426,"url":"https:\/\/suedkreislaeufer.de\/?p=18426","url_meta":{"origin":9954,"position":0},"title":"adidas Wintertight &#038; Merino Longsleeve","author":"Suedkreislaeufer","date":"18. November 2023","format":false,"excerpt":"So ganz langsam wird es drau\u00dfen ungem\u00fctlich. Vom ehemaligen Bl\u00e4tterdach ist nicht mehr viel zu sehen und der Regen macht es auch nicht besser, der n\u00e4chste Winter kommt, bestimmt. Zeit mal ein paar neue Kleidungsst\u00fccke zu zeigen die bei mir Einzug gehalten haben. Die Bilder der Artikel sind direkt von\u2026","rel":"","context":"In &quot;Index&quot;","block_context":{"text":"Index","link":"https:\/\/suedkreislaeufer.de\/?cat=233"},"img":{"alt_text":"","src":"https:\/\/i0.wp.com\/assets.adidas.com\/images\/h_2000%2Cf_auto%2Cq_auto%2Cfl_lossy%2Cc_fill%2Cg_auto\/da3331acaf51469d86337e5d4a418955_9366\/Ultimate_Running_Conquer_the_Elements_COLD.RDY_Leggings_Schwarz_IB6386_HM1.jpg?resize=350%2C200&ssl=1","width":350,"height":200},"classes":[]},{"id":14656,"url":"https:\/\/suedkreislaeufer.de\/?p=14656","url_meta":{"origin":9954,"position":1},"title":"Achtermann&ndash;Wurmberg&ndash;Brocken","author":"Suedkreislaeufer","date":"3. September 2017","format":false,"excerpt":"Halb 5 ging der Wecker, keine 45 Minuten sp\u00e4ter sitze ich im Auto auf den Weg zur Hildesheimer B\u00f6rde um Tanya und Enebro abzuholen. Wir haben einen Ausw\u00e4rtstermin am Torfhaus mit Micha und Hubertus. Gemeinsam wollen wir ein kleines Familientreffen in Form eines 33 km Laufes unternehmen. Laut Thermometer hatten\u2026","rel":"","context":"In &quot;Index&quot;","block_context":{"text":"Index","link":"https:\/\/suedkreislaeufer.de\/?cat=233"},"img":{"alt_text":"","src":"https:\/\/i0.wp.com\/suedkreislaeufer.de\/wp-content\/uploads\/2017\/09\/IMG_0654.jpg?resize=350%2C200","width":350,"height":200,"srcset":"https:\/\/i0.wp.com\/suedkreislaeufer.de\/wp-content\/uploads\/2017\/09\/IMG_0654.jpg?resize=350%2C200 1x, https:\/\/i0.wp.com\/suedkreislaeufer.de\/wp-content\/uploads\/2017\/09\/IMG_0654.jpg?resize=525%2C300 1.5x, https:\/\/i0.wp.com\/suedkreislaeufer.de\/wp-content\/uploads\/2017\/09\/IMG_0654.jpg?resize=700%2C400 2x"},"classes":[]},{"id":11628,"url":"https:\/\/suedkreislaeufer.de\/?p=11628","url_meta":{"origin":9954,"position":2},"title":"HAJ Marathon 2016 &#8211; Outfit","author":"Suedkreislaeufer","date":"2. April 2016","format":false,"excerpt":"Das Outfit f\u00fcr den HAJ Hannover Marathon am 10. April \u202c ist beisammen, jetzt muss nur noch das Wetter mitspielen. Ein gro\u00dfes \u201cDankesch\u00f6n\u201d an Salming, Sziols und Skins","rel":"","context":"In &quot;Equipment&quot;","block_context":{"text":"Equipment","link":"https:\/\/suedkreislaeufer.de\/?cat=3"},"img":{"alt_text":"","src":"https:\/\/i0.wp.com\/suedkreislaeufer.de\/wp-content\/uploads\/2016\/04\/04_02-Runnover-Dressed-01_thumb.jpg?resize=350%2C200","width":350,"height":200},"classes":[]},{"id":9968,"url":"https:\/\/suedkreislaeufer.de\/?p=9968","url_meta":{"origin":9954,"position":3},"title":"Turmberg &ndash; Innerste","author":"Suedkreislaeufer","date":"22. Mai 2015","format":false,"excerpt":"Eine meiner Lieblingsstrecken wie der aufmerksame Leser sicher bemerkt hat. Zu Beginn recht bergig, nix tragisches, aber immerhin \u2026 in der Mitte eher Flach und zum Ende hin noch mal ein wenig wellig 30 km sind 30 km Just do it","rel":"","context":"In &quot;Index&quot;","block_context":{"text":"Index","link":"https:\/\/suedkreislaeufer.de\/?cat=233"},"img":{"alt_text":"","src":"https:\/\/i0.wp.com\/suedkreislaeufer.de\/wp-content\/uploads\/2015\/05\/3_tonemapped.jpg?resize=350%2C200","width":350,"height":200,"srcset":"https:\/\/i0.wp.com\/suedkreislaeufer.de\/wp-content\/uploads\/2015\/05\/3_tonemapped.jpg?resize=350%2C200 1x, https:\/\/i0.wp.com\/suedkreislaeufer.de\/wp-content\/uploads\/2015\/05\/3_tonemapped.jpg?resize=525%2C300 1.5x, https:\/\/i0.wp.com\/suedkreislaeufer.de\/wp-content\/uploads\/2015\/05\/3_tonemapped.jpg?resize=700%2C400 2x"},"classes":[]},{"id":13507,"url":"https:\/\/suedkreislaeufer.de\/?p=13507","url_meta":{"origin":9954,"position":4},"title":"Hilskammwegquerung","author":"Suedkreislaeufer","date":"18. September 2016","format":false,"excerpt":"Letzten Sonntag war ich mit Christoph ja im Hils unterwegs, laufend, versteht sich von selbst. Nach einigen Kilometern kreuzten wir da diese Stra\u00dfe mit den Hinweis auf\u00a0 12% Gef\u00e4lle auf 2,7 km Da hat es mich sofort gereizt mal runter zu rollen. Wieder zu Hause angekommen bastelte ich mir gleich\u2026","rel":"","context":"In &quot;Biken&quot;","block_context":{"text":"Biken","link":"https:\/\/suedkreislaeufer.de\/?cat=406"},"img":{"alt_text":"","src":"https:\/\/i0.wp.com\/suedkreislaeufer.de\/wp-content\/uploads\/2016\/09\/09_18-08h08m29s-Hilskammwegquerung.jpg?resize=350%2C200","width":350,"height":200,"srcset":"https:\/\/i0.wp.com\/suedkreislaeufer.de\/wp-content\/uploads\/2016\/09\/09_18-08h08m29s-Hilskammwegquerung.jpg?resize=350%2C200 1x, https:\/\/i0.wp.com\/suedkreislaeufer.de\/wp-content\/uploads\/2016\/09\/09_18-08h08m29s-Hilskammwegquerung.jpg?resize=525%2C300 1.5x, https:\/\/i0.wp.com\/suedkreislaeufer.de\/wp-content\/uploads\/2016\/09\/09_18-08h08m29s-Hilskammwegquerung.jpg?resize=700%2C400 2x"},"classes":[]},{"id":10534,"url":"https:\/\/suedkreislaeufer.de\/?p=10534","url_meta":{"origin":9954,"position":5},"title":"Kansteinweg Osterwald&ndash;&gt; Alfeld","author":"Suedkreislaeufer","date":"23. August 2015","format":false,"excerpt":"\u2026.. mal \u00fcberlegen: GPS Uhr- hab ich, Brille- hab ich, Schuh- hab ich, Gesangbuch- hab ich\u2026.. alles klar, wir k\u00f6nnen los. \u201cSo, k\u00f6nnen wir ?\u201d richtet sich meine Frage an Christoph der auch noch an seiner Uhr rumfummelt. \u201cKlar\u201d, also los. Wir brechen auf zu unseren Kanstein Marathon der uns\u2026","rel":"","context":"In &quot;Index&quot;","block_context":{"text":"Index","link":"https:\/\/suedkreislaeufer.de\/?cat=233"},"img":{"alt_text":"","src":"https:\/\/i0.wp.com\/suedkreislaeufer.de\/wp-content\/uploads\/2015\/08\/CIMG0491.jpg?resize=350%2C200","width":350,"height":200,"srcset":"https:\/\/i0.wp.com\/suedkreislaeufer.de\/wp-content\/uploads\/2015\/08\/CIMG0491.jpg?resize=350%2C200 1x, https:\/\/i0.wp.com\/suedkreislaeufer.de\/wp-content\/uploads\/2015\/08\/CIMG0491.jpg?resize=525%2C300 1.5x, https:\/\/i0.wp.com\/suedkreislaeufer.de\/wp-content\/uploads\/2015\/08\/CIMG0491.jpg?resize=700%2C400 2x"},"classes":[]}],"_links":{"self":[{"href":"https:\/\/suedkreislaeufer.de\/index.php?rest_route=\/wp\/v2\/posts\/9954","targetHints":{"allow":["GET"]}}],"collection":[{"href":"https:\/\/suedkreislaeufer.de\/index.php?rest_route=\/wp\/v2\/posts"}],"about":[{"href":"https:\/\/suedkreislaeufer.de\/index.php?rest_route=\/wp\/v2\/types\/post"}],"author":[{"embeddable":true,"href":"https:\/\/suedkreislaeufer.de\/index.php?rest_route=\/wp\/v2\/users\/1"}],"replies":[{"embeddable":true,"href":"https:\/\/suedkreislaeufer.de\/index.php?rest_route=%2Fwp%2Fv2%2Fcomments&post=9954"}],"version-history":[{"count":3,"href":"https:\/\/suedkreislaeufer.de\/index.php?rest_route=\/wp\/v2\/posts\/9954\/revisions"}],"predecessor-version":[{"id":9957,"href":"https:\/\/suedkreislaeufer.de\/index.php?rest_route=\/wp\/v2\/posts\/9954\/revisions\/9957"}],"wp:attachment":[{"href":"https:\/\/suedkreislaeufer.de\/index.php?rest_route=%2Fwp%2Fv2%2Fmedia&parent=9954"}],"wp:term":[{"taxonomy":"category","embeddable":true,"href":"https:\/\/suedkreislaeufer.de\/index.php?rest_route=%2Fwp%2Fv2%2Fcategories&post=9954"},{"taxonomy":"post_tag","embeddable":true,"href":"https:\/\/suedkreislaeufer.de\/index.php?rest_route=%2Fwp%2Fv2%2Ftags&post=9954"}],"curies":[{"name":"wp","href":"https:\/\/api.w.org\/{rel}","templated":true}]}}